{"id":4885,"date":"2026-03-23T07:00:00","date_gmt":"2026-03-23T07:00:00","guid":{"rendered":"https:\/\/www.agricamper.com\/parco-della-fantasia-gianni-rodari-25-anni-di-creativita-e-un-nuovo-museo-da-vivere\/"},"modified":"2026-04-09T14:08:54","modified_gmt":"2026-04-09T14:08:54","slug":"parco-della-fantasia-gianni-rodari-25-anni-di-creativita-e-un-nuovo-museo-da-vivere","status":"publish","type":"post","link":"https:\/\/www.agricamper.com\/it\/get-inspired\/parco-della-fantasia-gianni-rodari-25-anni-di-creativita-e-un-nuovo-museo-da-vivere\/","title":{"rendered":"Parco della Fantasia Gianni Rodari: 25 anni di creativit\u00e0 e un nuovo museo da vivere"},"content":{"rendered":"\n<p>Se state organizzando le vostre prossime gite in Italia in camper, roulotte o campervan, c\u2019\u00e8 un evento che merita di essere inserito nel vostro itinerario: il 28 marzo il Parco della Fantasia Gianni Rodari, a Omegna, festeggia 25 anni con l\u2019inaugurazione del suo terzo museo, \u201cLe fabbriche del gioco\u201d.<\/p>\n\n\n\n<p>Non si tratta solo di una celebrazione, ma di un momento importante di crescita per uno dei poli culturali pi\u00f9 originali dedicati all\u2019infanzia e alla creativit\u00e0 in Italia. Il 2026 segna infatti un nuovo passo nell\u2019evoluzione del parco, sempre pi\u00f9 orientato verso un modello di edutainment capace di unire gioco, cultura e innovazione.<\/p>\n\n\n\n<p>Se viaggiate in camper e cercate esperienze coinvolgenti per tutta la famiglia, questa \u00e8 una tappa che unisce perfettamente divertimento e scoperta del territorio. E per completare l\u2019esperienza, potete approfittare di Agricamper per trovare un\u2019azienda agricola dove fermarvi per la notte, vivendo una vera sosta nella natura. <a href=\"https:\/\/www.agricamper.com\/knowledge-base\/dove-scaricare-lapp-agricamper\/\"><strong>Scaricate l\u2019app<\/strong><\/a> Agricamper e provate la versione demo gratuita per esplorare la mappa e scoprire in anticipo dove sostare durante il vostro viaggio.<\/p>\n\n\n\n<!--more Continua a leggere-->\n\n\n\n<h2 class=\"wp-block-heading\"><strong>Il Parco della Fantasia Gianni Rodari<\/strong><\/h2>\n\n\n\n<h3 class=\"wp-block-heading\"><strong>Un luogo dove educazione e immaginazione si incontrano<\/strong><\/h3>\n\n\n\n<p>Il <strong><a href=\"https:\/\/www.rodariparcofantasia.it\/\" target=\"_blank\" rel=\"noopener\" title=\"\">Parco della Fantasia Gianni Rodari<\/a><\/strong> si trova a Omegna, citt\u00e0 natale dello scrittore, e rappresenta un punto di riferimento per il turismo culturale dedicato a bambini e famiglie.<\/p>\n\n\n\n<p>Gestito dalla Fondazione Parco delle Arti e della Cultura di Omegna, il progetto nasce con l\u2019obiettivo di creare esperienze educative basate sull\u2019opera rodariana, trasformando la fantasia in uno strumento concreto di apprendimento.<\/p>\n\n\n\n<p>Negli anni il parco ha sviluppato un\u2019offerta ampia e articolata che comprende musei interattivi, laboratori ludolinguistici, attivit\u00e0 educative, trekking narrativi e passeggiate letterarie. Ogni proposta \u00e8 pensata per coinvolgere attivamente i visitatori, superando l\u2019idea tradizionale di museo.<\/p>\n\n\n\n<p>Non a caso, il parco accoglie ogni anno oltre 50.000 visitatori tra famiglie, scuole e turisti, con una presenza sempre pi\u00f9 internazionale.<\/p>\n\n\n\n<p>Per chi viaggia in camper, questa \u00e8 una tappa ideale perch\u00e9 permette di alternare momenti culturali a esperienze all\u2019aria aperta, creando un equilibrio perfetto durante il viaggio.<\/p>\n\n\n\n<h3 class=\"wp-block-heading\"><strong>Un sistema museale unico<\/strong><\/h3>\n\n\n\n<h4 class=\"wp-block-heading\"><strong>Dalla fantasia alla storia industriale<\/strong><\/h4>\n\n\n\n<p>Il Parco della Fantasia non \u00e8 un singolo spazio, ma un vero e proprio sistema composto da pi\u00f9 luoghi in dialogo tra loro.<\/p>\n\n\n\n<p>Oltre al <strong><a href=\"https:\/\/museorodari.it\/\" target=\"_blank\" rel=\"noopener\" title=\"\">Museo Rodari<\/a><\/strong>, che racconta la vita e l\u2019opera dello scrittore attraverso un\u2019esperienza immersiva e multisensoriale, e al <strong>MOCA<\/strong> \u2013 Museo Omegnese del Casalingo, dedicato alla tradizione industriale locale e ai grandi marchi del design italiano, si aggiunge ora un nuovo tassello.<\/p>\n\n\n\n<p>Questo sistema racconta l\u2019identit\u00e0 di Omegna, una citt\u00e0 in cui la creativit\u00e0 si \u00e8 sviluppata sia nella dimensione culturale sia in quella industriale, con aziende simbolo del design italiano.<\/p>\n\n\n\n<p>Con l\u2019apertura del nuovo museo si completa quella che viene definita una vera e propria \u201ctrilogia dei musei\u201d, un percorso coerente che unisce immaginazione, storia e innovazione.<\/p>\n\n\n\n<h3 class=\"wp-block-heading\"><strong>Il nuovo museo digitale: \u201cLe fabbriche del gioco\u201d<\/strong><\/h3>\n\n\n\n<h4 class=\"wp-block-heading\"><strong>Un viaggio tra gioco, industria e creativit\u00e0<\/strong><\/h4>\n\n\n\n<p>\u201c<strong>Le fabbriche del gioco<\/strong>\u201d non \u00e8 un museo tradizionale, ma un\u2019esperienza da vivere.<\/p>\n\n\n\n<p>Il percorso \u00e8 progettato come un viaggio che richiama un grande gioco dell\u2019oca ferroviario, da attraversare a bordo del treno \u201c<strong>La Freccia Azzurra<\/strong>\u201d, chiaro riferimento all\u2019universo narrativo di Gianni Rodari.<\/p>\n\n\n\n<p>Durante la visita si attraversano tre stazioni tematiche, ognuna dedicata a materiali e tradizioni produttive legate al <strong>mondo del giocattolo<\/strong>. Il percorso esplora infatti la storia della manifattura locale, dal legno alla latta, fino alla plastica e al design contemporaneo.<\/p>\n\n\n\n<p>L\u2019esperienza combina elementi analogici e digitali. Si passa da giochi interattivi a installazioni fisiche che invitano a tirare fili, azionare meccanismi, utilizzare stampi o scrivere lettere. In questo modo il visitatore non osserva soltanto, ma partecipa attivamente.<\/p>\n\n\n\n<p>Il museo \u00e8 stato progettato come un luogo accessibile e coinvolgente per famiglie, scuole e turisti, in cui il gioco diventa uno strumento per comprendere la storia, la creativit\u00e0 e l\u2019innovazione.<\/p>\n\n\n\n<h3 class=\"wp-block-heading\"><strong>Il valore del gioco oggi<\/strong><\/h3>\n\n\n\n<h4 class=\"wp-block-heading\"><strong>Un ponte tra generazioni<\/strong><\/h4>\n\n\n\n<p>Il nuovo museo mette al centro un concetto chiave: <strong>il gioco come strumento educativo<\/strong>.<\/p>\n\n\n\n<p>In un\u2019epoca in cui molte esperienze sono mediate dagli schermi, qui il digitale viene utilizzato per creare esperienze concrete, da vivere con il corpo, le mani e la mente.<\/p>\n\n\n\n<p>Il gioco diventa quindi un mezzo per creare connessioni autentiche tra persone, tra generazioni e tra passato e futuro. Non \u00e8 solo intrattenimento, ma un modo per sviluppare creativit\u00e0, pensiero critico e immaginazione.<\/p>\n\n\n\n<p>Per chi viaggia con bambini, questa dimensione rende la visita particolarmente significativa.<\/p>\n\n\n\n<h2 class=\"wp-block-heading\"><strong>Cosa vedere nei dintorni<\/strong><\/h2>\n\n\n\n<h3 class=\"wp-block-heading\"><strong>Tra lago, natura e paesaggi autentici<\/strong><\/h3>\n\n\n\n<p>Dopo aver visitato il Parco della Fantasia Gianni Rodari, il viaggio pu\u00f2 continuare partendo proprio da <strong>Omegna<\/strong>, una cittadina vivace affacciata sul <strong>Lago d\u2019Orta<\/strong>, e proseguendo alla scoperta di un territorio che sorprende per equilibrio, bellezza e autenticit\u00e0.<\/p>\n\n\n\n<p>Omegna merita gi\u00e0 di per s\u00e9 una passeggiata tra il lungolago e il centro, dove si respira un\u2019atmosfera tranquilla ma autentica, legata alla sua storia industriale e culturale. Da qui potete facilmente esplorare tutto il territorio circostante, caratterizzato da scorci panoramici e ambienti naturali ancora poco affollati.<\/p>\n\n\n\n<p>Uno dei luoghi pi\u00f9 suggestivi \u00e8 l\u2019<strong>Isola di San Giulio<\/strong>, facilmente raggiungibile e ideale per una visita breve ma intensa. Qui tutto invita a rallentare: i vicoli, il paesaggio, l\u2019atmosfera sospesa. \u00c8 una tappa che si integra perfettamente con una giornata pi\u00f9 rilassata dopo le attivit\u00e0 del parco.<\/p>\n\n\n\n<p>Allo stesso tempo, il territorio circostante offre numerose opportunit\u00e0 per chi ama la natura. Le colline e i boschi che circondano il lago sono attraversati da sentieri adatti anche alle famiglie, perfetti per una camminata leggera o per trascorrere qualche ora all\u2019aria aperta.<\/p>\n\n\n\n<p>In questo contesto, il Lago d\u2019Orta e i suoi dintorni diventano molto pi\u00f9 di una semplice destinazione: rappresentano un\u2019esperienza completa, in cui cultura, natura e viaggio si intrecciano perfettamente.<\/p>\n\n\n\n<h2 class=\"wp-block-heading\"><strong>Conclusione<\/strong><\/h2>\n\n\n\n<p>Il 25\u00b0 anniversario del Parco della Fantasia Gianni Rodari e l\u2019inaugurazione de \u201cLe fabbriche del gioco\u201d rappresentano un\u2019occasione perfetta per organizzare una gita in Italia diversa dal solito.<\/p>\n\n\n\n<p>Si tratta di un\u2019esperienza che unisce creativit\u00e0, educazione e innovazione, capace di coinvolgere adulti e bambini. Allo stesso tempo, la posizione sul Lago d\u2019Orta permette di integrare la visita in un itinerario pi\u00f9 ampio, fatto di natura, relax e scoperta.<\/p>\n\n\n\n<p>Se viaggiate in camper, roulotte o campervan, questa tappa pu\u00f2 diventare uno dei momenti pi\u00f9 interessanti del vostro viaggio.<\/p>\n\n\n\n<p>E per vivere davvero il territorio in modo autentico, Agricamper vi permette di fermarvi gratuitamente per 24 ore in aziende agricole in tutta Italia, trasformando ogni viaggio in un\u2019esperienza pi\u00f9 ricca e significativa. <\/p>\n\n\n\n<p><a href=\"https:\/\/www.agricamper.com\/knowledge-base\/dove-scaricare-lapp-agricamper\/\"><strong>Scaricate l&#8217;app<\/strong><\/a> e provate la versione demo gratuita per esplorare la mappa e scoprire dove sostare, poi <a href=\"https:\/\/www.agricamper.com\/it\/prodotto\/agricamper-italia-guida-digitale-delle-aree-di-sosta\/\"><strong>acquistate l\u2019adesione<\/strong><\/a> per iniziare a viaggiare in libert\u00e0, tra natura, incontri e nuove scoperte.<\/p>\n","protected":false},"excerpt":{"rendered":"<p>Se state organizzando le vostre prossime gite in Italia in camper, roulotte o campervan, c\u2019\u00e8 un evento che merita di essere inserito nel vostro itinerario: il 28 marzo il Parco della Fantasia Gianni Rodari, a Omegna, festeggia 25 anni con l\u2019inaugurazione del suo terzo museo, \u201cLe fabbriche del gioco\u201d. Non si tratta solo di una [&hellip;]<\/p>\n","protected":false},"author":1,"featured_media":4886,"comment_status":"open","ping_status":"open","sticky":false,"template":"","format":"standard","meta":{"_acf_changed":false,"_breakdance_hide_in_design_set":false,"_breakdance_tags":"","footnotes":""},"categories":[617,741],"tags":[309,310,641,679],"class_list":["post-4885","post","type-post","status-publish","format-standard","has-post-thumbnail","hentry","category-viaggio-in-camper-e-caravan","category-viaggio-camper-caravan-italia","tag-attivita-culturali","tag-attivita-nella-natura","tag-viaggiare-in-famiglia","tag-viaggio-in-camper-e-roulotte"],"acf":[],"_links":{"self":[{"href":"https:\/\/www.agricamper.com\/it\/wp-json\/wp\/v2\/posts\/4885","targetHints":{"allow":["GET"]}}],"collection":[{"href":"https:\/\/www.agricamper.com\/it\/wp-json\/wp\/v2\/posts"}],"about":[{"href":"https:\/\/www.agricamper.com\/it\/wp-json\/wp\/v2\/types\/post"}],"author":[{"embeddable":true,"href":"https:\/\/www.agricamper.com\/it\/wp-json\/wp\/v2\/users\/1"}],"replies":[{"embeddable":true,"href":"https:\/\/www.agricamper.com\/it\/wp-json\/wp\/v2\/comments?post=4885"}],"version-history":[{"count":1,"href":"https:\/\/www.agricamper.com\/it\/wp-json\/wp\/v2\/posts\/4885\/revisions"}],"predecessor-version":[{"id":4887,"href":"https:\/\/www.agricamper.com\/it\/wp-json\/wp\/v2\/posts\/4885\/revisions\/4887"}],"wp:featuredmedia":[{"embeddable":true,"href":"https:\/\/www.agricamper.com\/it\/wp-json\/wp\/v2\/media\/4886"}],"wp:attachment":[{"href":"https:\/\/www.agricamper.com\/it\/wp-json\/wp\/v2\/media?parent=4885"}],"wp:term":[{"taxonomy":"category","embeddable":true,"href":"https:\/\/www.agricamper.com\/it\/wp-json\/wp\/v2\/categories?post=4885"},{"taxonomy":"post_tag","embeddable":true,"href":"https:\/\/www.agricamper.com\/it\/wp-json\/wp\/v2\/tags?post=4885"}],"curies":[{"name":"wp","href":"https:\/\/api.w.org\/{rel}","templated":true}]}}