{"id":4874,"date":"2026-03-16T07:00:00","date_gmt":"2026-03-16T07:00:00","guid":{"rendered":"https:\/\/www.agricamper.com\/primavera-anticipata-5-zone-ditalia-dove-la-natura-si-risveglia-prima\/"},"modified":"2026-04-09T14:08:53","modified_gmt":"2026-04-09T14:08:53","slug":"primavera-anticipata-5-zone-ditalia-dove-la-natura-si-risveglia-prima","status":"publish","type":"post","link":"https:\/\/www.agricamper.com\/it\/get-inspired\/primavera-anticipata-5-zone-ditalia-dove-la-natura-si-risveglia-prima\/","title":{"rendered":"Primavera anticipata: 5 zone d\u2019Italia dove la natura si risveglia prima"},"content":{"rendered":"\n<p>Quando l\u2019inverno sta finendo ma il freddo non ha ancora lasciato completamente spazio alla bella stagione, esistono alcune zone d\u2019Italia dove la primavera arriva prima. Qui i prati diventano verdi gi\u00e0 a febbraio, gli alberi iniziano a fiorire e le giornate pi\u00f9 lunghe invitano a rimettersi in viaggio.<\/p>\n\n\n\n<p>Per chi ama i <strong>viaggi in camper<\/strong>, <strong>campervan<\/strong> oppure con <strong>roulotte<\/strong>, questo \u00e8 il momento perfetto per ripartire. Le temperature sono miti, i paesaggi cambiano colore e molte destinazioni sono ancora tranquille, lontane dal turismo estivo.<\/p>\n\n\n\n<p>Inoltre la primavera anticipata permette di vivere esperienze molto speciali: passeggiare tra alberi in fiore, pedalare lungo piste ciclabili panoramiche, visitare borghi storici senza folla e scoprire territori che si risvegliano dopo l\u2019inverno.<\/p>\n\n\n\n<p>Con <strong>Agricamper<\/strong> potete organizzare facilmente le vostre <strong>soste<\/strong> in tutta Italia presso aziende agricole, vivendo il territorio in modo autentico. <a href=\"https:\/\/www.agricamper.com\/knowledge-base\/dove-scaricare-lapp-agricamper\/\"><strong>Scaricate l\u2019app<\/strong><\/a> e provate la versione demo gratuita!<\/p>\n\n\n\n<!--more Continua a leggere-->\n\n\n\n<h2 class=\"wp-block-heading\">Lago di Garda<\/h2>\n\n\n\n<p>Il <strong><a href=\"https:\/\/www.visitgarda.com\/it\/lago_di_garda\/\" target=\"_blank\" rel=\"noopener\" title=\"\">lago di Garda<\/a><\/strong> \u00e8 uno dei luoghi del nord Italia dove la primavera arriva prima. Grazie al suo particolare microclima, gi\u00e0 tra febbraio e marzo le temperature diventano pi\u00f9 miti e la vegetazione si risveglia: ulivi, limoni e giardini iniziano a colorare le rive del lago.<\/p>\n\n\n\n<p>Uno dei borghi pi\u00f9 suggestivi \u00e8 <strong><a href=\"https:\/\/visitsirmione.com\/\" target=\"_blank\" rel=\"noopener\" title=\"\">Sirmione<\/a><\/strong>, situato su una penisola che si allunga nel lago. Qui potete visitare il <strong>Castello Scaligero<\/strong>, una delle fortezze medievali meglio conservate d\u2019Italia, e le <strong>grotte di Catullo<\/strong>, importante sito archeologico romano affacciato sul lago.<\/p>\n\n\n\n<p>Sulla sponda orientale si trova <strong><a href=\"https:\/\/www.visitmalcesine.com\/it\" target=\"_blank\" rel=\"noopener\" title=\"\">Malcesine<\/a><\/strong>, dominata dal <strong>Castello Scaligero<\/strong> e punto di partenza della funivia che sale sul <strong>Monte Baldo<\/strong>, una montagna panoramica da cui si apre una vista spettacolare sul lago e sulle Alpi.<\/p>\n\n\n\n<p>Per chi preferisce la bicicletta, la <strong>ciclovia del Garda<\/strong> offre alcuni dei tratti panoramici pi\u00f9 spettacolari d\u2019Italia, con percorsi che costeggiano l\u2019acqua tra gallerie e passerelle sospese.<\/p>\n\n\n\n<p>Tra le visite culturali nei dintorni merita una tappa anche <strong><a href=\"https:\/\/www.visitlimonesulgarda.com\/it\/\" target=\"_blank\" rel=\"noopener\" title=\"\">Limone sul Garda<\/a><\/strong>, famoso per le antiche <strong>limonaie storiche<\/strong>, testimonianza della coltivazione degli agrumi sul lago fin dal XVIII secolo.<\/p>\n\n\n\n<p>La cucina locale riflette l\u2019incontro tra tradizione alpina e mediterranea. Tra i piatti tipici trovate:<\/p>\n\n\n\n<ul class=\"wp-block-list\">\n<li>bigoli con le sarde<\/li>\n\n\n\n<li>risotto con la tinca<\/li>\n\n\n\n<li>pesce di lago alla griglia<\/li>\n\n\n\n<li>tortellini di Valeggio sul Mincio<\/li>\n<\/ul>\n\n\n\n<h2 class=\"wp-block-heading\">Colli tortonesi<\/h2>\n\n\n\n<p>Nel sud-est del <strong>Piemonte<\/strong>, tra <a href=\"https:\/\/www.discoverderthona.it\/\" target=\"_blank\" rel=\"noopener\" title=\"\"><strong>Tortona<\/strong> <\/a>e le prime colline dell\u2019Appennino ligure, i <strong>colli tortonesi<\/strong> offrono paesaggi dolci e ancora poco turistici. In primavera queste colline si riempiono di verde, i vigneti iniziano a risvegliarsi e le temperature diventano ideali per passeggiate ed escursioni all\u2019aria aperta.<\/p>\n\n\n\n<p>Tra i luoghi pi\u00f9 interessanti da visitare c\u2019\u00e8 <strong><a href=\"https:\/\/www.granmonferrato.it\/volpedo-borghi-in-collina\/\" target=\"_blank\" rel=\"noopener\" title=\"\">Volpedo<\/a><\/strong>, piccolo borgo famoso per aver dato i natali al pittore <strong>Giuseppe Pellizza da Volpedo<\/strong>. Qui potete visitare lo <strong>studio museo Pellizza da Volpedo<\/strong> e passeggiare nella <strong>piazza dei Quattro Stati<\/strong>, resa celebre dal dipinto simbolo del divisionismo italiano.<\/p>\n\n\n\n<p>Chi ama la natura pu\u00f2 esplorare i sentieri delle <strong>Valli Curone, Grue e Ossona<\/strong>, oppure avventurarsi sul <strong>Monte Giarolo<\/strong>, la cima pi\u00f9 alta della zona, da cui nelle giornate limpide si possono vedere sia le Alpi sia il mar ligure.<\/p>\n\n\n\n<p>La tradizione gastronomica locale \u00e8 fortemente legata ai prodotti delle colline. Tra le specialit\u00e0 pi\u00f9 tipiche trovate:<\/p>\n\n\n\n<ul class=\"wp-block-list\">\n<li>agnolotti piemontesi<\/li>\n\n\n\n<li>salame nobile del Giarolo<\/li>\n\n\n\n<li>formaggio Montebore, uno dei formaggi pi\u00f9 antichi del Piemonte<\/li>\n\n\n\n<li>dolci alle nocciole<\/li>\n<\/ul>\n\n\n\n<h2 class=\"wp-block-heading\">Valnerina<\/h2>\n\n\n\n<p>Nel sud dell\u2019<strong>Umbria<\/strong>, la <a href=\"https:\/\/www.umbriatourism.it\/it\/valnerina-da-scoprire\" target=\"_blank\" rel=\"noopener\" title=\"\"><strong>Valnerina<\/strong> <\/a>\u00e8 una delle valli pi\u00f9 autentiche e suggestive dell\u2019Italia centrale. Attraversata dal fiume <strong>Nera<\/strong>, questa zona montuosa si risveglia presto in primavera: i prati tornano verdi, i boschi si riempiono di fiori e le giornate pi\u00f9 lunghe invitano a esplorare il territorio.<\/p>\n\n\n\n<p>Uno dei luoghi pi\u00f9 affascinanti \u00e8 <strong><a href=\"https:\/\/www.umbriatourism.it\/it\/vallo-di-nera\" target=\"_blank\" rel=\"noopener\" title=\"\">Vallo di Nera<\/a><\/strong>, uno dei borghi medievali meglio conservati dell\u2019Umbria, con case in pietra, vicoli stretti e una splendida vista sulla valle. Poco distante si trova <strong>Scheggino<\/strong>, piccolo paese affacciato sul fiume, circondato da boschi e colline.<\/p>\n\n\n\n<p>Tra i siti storici pi\u00f9 suggestivi della zona merita una visita l\u2019<strong><a href=\"https:\/\/www.umbriatourism.it\/it\/-\/abbazia-di-san-pietro-in-valle-a-ferentillo\" target=\"_blank\" rel=\"noopener\" title=\"\">Abbazia di San Pietro in Valle<\/a><\/strong>, un antico monastero immerso nella natura, ricco di affreschi e testimonianze medievali.<\/p>\n\n\n\n<p>Proseguendo verso l\u2019Appennino si raggiunge <strong><a href=\"https:\/\/www.castellucciodinorcia.it\/\" target=\"_blank\" rel=\"noopener\" title=\"\">Castelluccio di Norcia<\/a><\/strong>, piccolo borgo situato a oltre 1400 metri di altitudine nel <strong>Parco Nazionale dei Monti Sibillini<\/strong>. Il paese domina la famosa <strong>piana di Castelluccio<\/strong>, un altopiano spettacolare che in primavera si riempie di prati fioriti e colori intensi.<\/p>\n\n\n\n<p>La cucina locale riflette la tradizione gastronomica umbra, ricca di sapori intensi. Tra i piatti tipici trovate:<\/p>\n\n\n\n<ul class=\"wp-block-list\">\n<li>strangozzi al tartufo<\/li>\n\n\n\n<li>salumi di Norcia<\/li>\n\n\n\n<li>lenticchie di Castelluccio<\/li>\n\n\n\n<li>zuppe di legumi dell\u2019Appennino<\/li>\n<\/ul>\n\n\n\n<h2 class=\"wp-block-heading\">Costa degli dei<\/h2>\n\n\n\n<p>Nel sud della <strong>Calabria<\/strong>, tra <strong>Pizzo<\/strong>, <strong>Tropea<\/strong> e <strong>Capo Vaticano<\/strong>, si estende uno dei tratti di costa pi\u00f9 spettacolari del Mediterraneo: la <strong><a href=\"https:\/\/calabriastraordinaria.it\/destinazioni\/costa-degli-dei\" target=\"_blank\" rel=\"noopener\" title=\"\">Costa degli dei<\/a><\/strong>. Qui la primavera arriva molto presto e gi\u00e0 tra marzo e aprile il clima \u00e8 mite, con giornate luminose perfette per esplorare il territorio.<\/p>\n\n\n\n<p>Uno dei luoghi simbolo \u00e8 <strong><a href=\"https:\/\/www.tropea-tourism.com\/\" target=\"_blank\" rel=\"noopener\" title=\"\">Tropea<\/a><\/strong>, famosa per il centro storico costruito su una scogliera e per il <strong>Santuario di Santa Maria dell\u2019Isola<\/strong>, che domina il mare dall\u2019alto di un promontorio roccioso.<\/p>\n\n\n\n<p>Proseguendo lungo la costa si raggiunge <strong><a href=\"https:\/\/calabriastraordinaria.it\/destinazioni\/il-fascino-mitico-di-capo-vaticano\" target=\"_blank\" rel=\"noopener\" title=\"\">Capo Vaticano<\/a><\/strong>, uno dei punti panoramici pi\u00f9 spettacolari della Calabria. Da qui partono diversi sentieri costieri che attraversano macchia mediterranea e offrono viste sul mare turchese e sulle <strong>isole Eolie<\/strong> nelle giornate pi\u00f9 limpide.<\/p>\n\n\n\n<p>Nei dintorni meritano una visita anche <strong>Pizzo<\/strong>, elegante cittadina sul mare famosa per il <strong><a href=\"https:\/\/calabriastraordinaria.it\/luoghi\/castello-murat-pizzo\" target=\"_blank\" rel=\"noopener\" title=\"\">Castello Murat<\/a><\/strong>, una fortezza storica affacciata direttamente sulla costa. Poco pi\u00f9 all\u2019interno si trova invece <strong><a href=\"https:\/\/calabriastraordinaria.it\/destinazioni\/ricadi-le-spiagge-privilegiate-dagli-dei\" target=\"_blank\" rel=\"noopener\" title=\"\">Ricadi<\/a><\/strong>, piccolo borgo circondato da colline verdi che offre splendide vedute sul mar Tirreno.<\/p>\n\n\n\n<p>La cucina locale riflette i sapori intensi della tradizione calabrese. Tra le specialit\u00e0 pi\u00f9 tipiche trovate:<\/p>\n\n\n\n<ul class=\"wp-block-list\">\n<li>fileja calabresi<\/li>\n\n\n\n<li>cipolla rossa di Tropea<\/li>\n\n\n\n<li>pesce azzurro del Tirreno<\/li>\n\n\n\n<li>tartufo di Pizzo<\/li>\n<\/ul>\n\n\n\n<h2 class=\"wp-block-heading\">Costa meridionale della Sicilia e valle dei templi<\/h2>\n\n\n\n<p>Nel sud della <strong>Sicilia<\/strong>, tra <strong><a href=\"https:\/\/www.visitsicily.info\/localita\/agrigento\/\" target=\"_blank\" rel=\"noopener\" title=\"\">Agrigento<\/a><\/strong>, <strong>Scala dei Turchi<\/strong> ed <strong>Eraclea Minoa<\/strong>, la primavera arriva tra le prime in Italia. Gi\u00e0 tra febbraio e marzo il clima \u00e8 mite, le giornate si allungano e il paesaggio si riempie dei colori della macchia mediterranea.<\/p>\n\n\n\n<p>Il luogo simbolo \u00e8 la <strong><a href=\"https:\/\/parchiarcheologici.regione.sicilia.it\/parco-archeologico-della-valle-dei-templi\/\" target=\"_blank\" rel=\"noopener\" title=\"\">Valle dei Templi di Agrigento<\/a><\/strong>, uno dei siti archeologici pi\u00f9 spettacolari del Mediterraneo. Qui si possono ammirare templi greci perfettamente conservati, come il <strong>tempio della Concordia<\/strong>, il <strong>tempio di Giunone<\/strong> e il <strong>tempio di Ercole<\/strong>, immersi in un paesaggio di colline e ulivi. In primavera, inoltre, l\u2019area diventa ancora pi\u00f9 suggestiva grazie alla <strong>fioritura dei mandorli<\/strong>, celebrata ogni anno con il tradizionale <strong><a href=\"https:\/\/www.visitsicily.info\/evento-new\/festa-del-mandorlo-in-fiore-2\/\" target=\"_blank\" rel=\"noopener\" title=\"\">Festa del mandorlo in fiore<\/a><\/strong>.<\/p>\n\n\n\n<p>A pochi chilometri si trova la famosa <strong><a href=\"https:\/\/www.visitsicily.info\/scala-dei-turchi\/\" target=\"_blank\" rel=\"noopener\" title=\"\">Scala dei Turchi<\/a><\/strong>, una spettacolare scogliera bianca di marna che scende verso il mare con forme ondulate. Il contrasto tra la roccia chiara e l\u2019acqua turchese crea uno dei panorami costieri pi\u00f9 iconici della Sicilia.<\/p>\n\n\n\n<p>Proseguendo lungo la costa si raggiunge <strong><a href=\"https:\/\/parchiarcheologici.regione.sicilia.it\/valle-templi\/siti-archeologici\/area-archeologica-antiquarium-e-teatro-eraclea-minoa\/\" target=\"_blank\" rel=\"noopener\" title=\"\">Eraclea Minoa<\/a><\/strong>, dove una lunga spiaggia sabbiosa \u00e8 protetta da scogliere bianche e da una pineta che rende il paesaggio ancora pi\u00f9 suggestivo. Qui si trova anche un interessante <strong>sito archeologico greco<\/strong>, con resti di un antico teatro affacciato sul mare.<\/p>\n\n\n\n<p>La cucina locale riflette tutta la ricchezza della tradizione siciliana. Tra le specialit\u00e0 pi\u00f9 tipiche trovate:<\/p>\n\n\n\n<ul class=\"wp-block-list\">\n<li>caponata di melanzane<\/li>\n\n\n\n<li>cous cous di pesce<\/li>\n\n\n\n<li>arancine<\/li>\n\n\n\n<li>cannoli con ricotta<\/li>\n\n\n\n<li>cassata siciliana<\/li>\n<\/ul>\n\n\n\n<h2 class=\"wp-block-heading\">Conclusione<\/h2>\n\n\n\n<p>La primavera \u00e8 uno dei momenti migliori per organizzare <strong>viaggi in camper, campervan o caravan.<\/strong><\/p>\n\n\n\n<p>Le temperature sono ideali, i paesaggi si trasformano e molte destinazioni sono ancora lontane dal turismo estivo.<\/p>\n\n\n\n<p>Con Agricamper potete organizzare facilmente le vostre soste durante i vostri viaggi in Italia.<\/p>\n\n\n\n<p>Durante il viaggio potrete scegliere una sosta in un&#8217;azienda agricola vivendo esperienze genuine e lontane dal turismo di massa.<\/p>\n\n\n\n<p>Se volete scoprire come funziona il circuito, potete iniziare <a href=\"https:\/\/www.agricamper.com\/knowledge-base\/dove-scaricare-lapp-agricamper\/\"><strong>scaricando l\u2019app<\/strong><\/a> e provare la <strong>versione demo gratuita<\/strong>.<\/p>\n\n\n\n<p>Poi, quando vorrete partire davvero, potrete <strong><a href=\"https:\/\/www.agricamper.com\/it\/prodotto\/agricamper-italia-guida-digitale-delle-aree-di-sosta\/\">acquistare l\u2019adesione<\/a><\/strong> e iniziare a viaggiare liberamente tra centinaia di soste in tutta Italia.<\/p>\n\n\n\n<p>Scoprite subito dove vi porter\u00e0 il vostro prossimo viaggio!<\/p>\n","protected":false},"excerpt":{"rendered":"<p>Quando l\u2019inverno sta finendo ma il freddo non ha ancora lasciato completamente spazio alla bella stagione, esistono alcune zone d\u2019Italia dove la primavera arriva prima. Qui i prati diventano verdi gi\u00e0 a febbraio, gli alberi iniziano a fiorire e le giornate pi\u00f9 lunghe invitano a rimettersi in viaggio. Per chi ama i viaggi in camper, [&hellip;]<\/p>\n","protected":false},"author":1,"featured_media":4875,"comment_status":"open","ping_status":"open","sticky":false,"template":"","format":"standard","meta":{"_acf_changed":false,"_breakdance_hide_in_design_set":false,"_breakdance_tags":"","footnotes":""},"categories":[617,741],"tags":[309,310,673,692,622,729,641,679],"class_list":["post-4874","post","type-post","status-publish","format-standard","has-post-thumbnail","hentry","category-viaggio-in-camper-e-caravan","category-viaggio-camper-caravan-italia","tag-attivita-culturali","tag-attivita-nella-natura","tag-citta-darte","tag-monumenti-storici","tag-piatti-tipici","tag-relax","tag-viaggiare-in-famiglia","tag-viaggio-in-camper-e-roulotte"],"acf":[],"_links":{"self":[{"href":"https:\/\/www.agricamper.com\/it\/wp-json\/wp\/v2\/posts\/4874","targetHints":{"allow":["GET"]}}],"collection":[{"href":"https:\/\/www.agricamper.com\/it\/wp-json\/wp\/v2\/posts"}],"about":[{"href":"https:\/\/www.agricamper.com\/it\/wp-json\/wp\/v2\/types\/post"}],"author":[{"embeddable":true,"href":"https:\/\/www.agricamper.com\/it\/wp-json\/wp\/v2\/users\/1"}],"replies":[{"embeddable":true,"href":"https:\/\/www.agricamper.com\/it\/wp-json\/wp\/v2\/comments?post=4874"}],"version-history":[{"count":1,"href":"https:\/\/www.agricamper.com\/it\/wp-json\/wp\/v2\/posts\/4874\/revisions"}],"predecessor-version":[{"id":4876,"href":"https:\/\/www.agricamper.com\/it\/wp-json\/wp\/v2\/posts\/4874\/revisions\/4876"}],"wp:featuredmedia":[{"embeddable":true,"href":"https:\/\/www.agricamper.com\/it\/wp-json\/wp\/v2\/media\/4875"}],"wp:attachment":[{"href":"https:\/\/www.agricamper.com\/it\/wp-json\/wp\/v2\/media?parent=4874"}],"wp:term":[{"taxonomy":"category","embeddable":true,"href":"https:\/\/www.agricamper.com\/it\/wp-json\/wp\/v2\/categories?post=4874"},{"taxonomy":"post_tag","embeddable":true,"href":"https:\/\/www.agricamper.com\/it\/wp-json\/wp\/v2\/tags?post=4874"}],"curies":[{"name":"wp","href":"https:\/\/api.w.org\/{rel}","templated":true}]}}