{"id":4819,"date":"2026-02-09T07:00:00","date_gmt":"2026-02-09T07:00:00","guid":{"rendered":"https:\/\/www.agricamper.com\/carnevale-in-sardegna-maschere-antiche-paesaggi-selvaggi-e-viaggi-in-liberta\/"},"modified":"2026-04-09T14:08:34","modified_gmt":"2026-04-09T14:08:34","slug":"carnevale-in-sardegna-maschere-antiche-paesaggi-selvaggi-e-viaggi-in-liberta","status":"publish","type":"post","link":"https:\/\/www.agricamper.com\/it\/get-inspired\/carnevale-in-sardegna-maschere-antiche-paesaggi-selvaggi-e-viaggi-in-liberta\/","title":{"rendered":"Carnevale in Sardegna: maschere antiche, paesaggi selvaggi e viaggi in libert\u00e0"},"content":{"rendered":"\n<h3 class=\"wp-block-heading\">Viaggiare in camper e roulotte alla scoperta del carnevale sardo<\/h3>\n\n\n\n<p>Il carnevale in Sardegna non \u00e8 solo coriandoli e carri allegorici. Qui, tra montagne, altopiani e borghi in pietra, il carnevale \u00e8 un rito antico, potente e misterioso. \u00c8 una festa che affonda le radici in tradizioni pastorali e pagane, e che ancora oggi viene vissuta con intensit\u00e0 dalle comunit\u00e0 locali.<\/p>\n\n\n\n<p>Se viaggiate in camper, campervan o caravan, questo \u00e8 uno dei periodi pi\u00f9 affascinanti per organizzare viaggi in Sardegna. Le strade sono tranquille e l\u2019atmosfera nei paesi \u00e8 autentica. Inoltre, potete alternare le feste di carnevale a splendide gite in Sardegna tra natura, archeologia e piccoli borghi.<\/p>\n\n\n\n<!--more Continua a leggere-->\n\n\n\n<h2 class=\"wp-block-heading\"><strong>Il carnevale in Sardegna tra riti antichi e borghi senza tempo<\/strong><\/h2>\n\n\n\n<h3 class=\"wp-block-heading\"><strong>Le feste pi\u00f9 suggestive e cosa vedere nei dintorni<\/strong><\/h3>\n\n\n\n<p>Il <strong><a href=\"https:\/\/www.sardegnaturismo.it\/it\/il-fascino-misterioso-del-carnevale-sardegna-0\" target=\"_blank\" rel=\"noopener\" title=\"\">carnevale sardo<\/a><\/strong> \u00e8 molto diverso da quello delle grandi citt\u00e0. Qui non trovate solo sfilate colorate, ma anche maschere inquietanti, campanacci, cavalli lanciati al galoppo e riti che raccontano la storia pi\u00f9 profonda dell\u2019isola.<\/p>\n\n\n\n<p>Ogni zona ha il suo carnevale, con simboli, costumi e significati diversi. Proprio per questo, viaggiare in camper o caravan durante questo periodo \u00e8 perfetto: potete spostarvi con calma da un paese all\u2019altro e scoprire tradizioni completamente diverse nel giro di pochi chilometri.<\/p>\n\n\n\n<h3 class=\"wp-block-heading\"><strong>Mamoiada e i mamuthones<\/strong><\/h3>\n\n\n\n<h4 class=\"wp-block-heading\"><strong>Il carnevale pi\u00f9 iconico della Sardegna<\/strong><\/h4>\n\n\n\n<p>Nel cuore della Barbagia, tra colline e vigneti, il piccolo paese di <strong><a href=\"https:\/\/www.mamoiadaturismo.it\/\" target=\"_blank\" rel=\"noopener\" title=\"\">Mamoiada <\/a><\/strong>custodisce uno dei riti di carnevale pi\u00f9 affascinanti e misteriosi d\u2019Europa. Qui il carnevale non \u00e8 uno spettacolo folcloristico per turisti, ma una tradizione profondamente sentita dalla comunit\u00e0, tramandata di generazione in generazione.<\/p>\n\n\n\n<p>I protagonisti assoluti sono i <strong>mamuthones <\/strong>e gli <strong>issohadores<\/strong>. I mamuthones indossano maschere di legno scuro, dall\u2019espressione severa e immobile, e sono avvolti in pesanti pelli di pecora nera. Sulla schiena portano una serie di grandi campanacci, che possono arrivare a pesare oltre trenta chili. Il loro passo \u00e8 lento, cadenzato, quasi ipnotico. Si muovono in gruppo, con movimenti sincronizzati, creando un suono profondo e ritmico che risuona tra le vie del paese.<\/p>\n\n\n\n<p>Accanto a loro ci sono gli issohadores, vestiti con giacca rossa, camicia bianca e maschera chiara. A differenza dei mamuthones, si muovono con leggerezza e agilit\u00e0. Nelle mani tengono una fune, chiamata soha, con cui catturano simbolicamente le persone tra il pubblico. Questo gesto, secondo la tradizione, \u00e8 di buon auspicio e rappresenta fertilit\u00e0, fortuna e prosperit\u00e0.<\/p>\n\n\n\n<p>L\u2019origine di questo rito \u00e8 antichissima e ancora oggi avvolta nel mistero. Alcuni studiosi lo collegano a rituali propiziatori legati al mondo agricolo e pastorale, altri a celebrazioni precristiane per scacciare gli spiriti maligni e favorire il ritorno della primavera. In ogni caso, assistere alla sfilata dei mamuthones non \u00e8 come guardare un normale carnevale: \u00e8 un\u2019esperienza intensa, quasi solenne, che trasmette tutta la forza delle tradizioni sarde.<\/p>\n\n\n\n<p>Dopo la sfilata, potete visitare il <strong><a href=\"https:\/\/www.museomaschere.it\/\" target=\"_blank\" rel=\"noopener\" title=\"\">Museo delle maschere mediterranee<\/a><\/strong> di Mamoiada, dove sono esposte maschere provenienti da diverse regioni della Sardegna e da altri paesi europei. Il percorso vi aiuta a capire il significato simbolico delle maschere e il legame tra i riti del carnevale e la vita rurale.<\/p>\n\n\n\n<h3 class=\"wp-block-heading\"><strong>Oristano e la sartiglia<\/strong><\/h3>\n\n\n\n<h4 class=\"wp-block-heading\"><strong>Cavalli al galoppo e stelle da infilzare<\/strong><\/h4>\n\n\n\n<p>Sulla costa occidentale della Sardegna, <strong><a href=\"https:\/\/www.oristanoinfo.it\/\" target=\"_blank\" rel=\"noopener\" title=\"\">Oristano <\/a><\/strong>vive il carnevale in modo spettacolare e solenne grazie alla <strong><a href=\"https:\/\/www.oristanoinfo.it\/la-sartiglia\/\" target=\"_blank\" rel=\"noopener\" title=\"\">sartiglia<\/a><\/strong>, una delle giostre equestri pi\u00f9 antiche e affascinanti del Mediterraneo. Le sue origini risalgono al periodo medievale e probabilmente alle dominazioni spagnole, ma ancora oggi l\u2019evento conserva un\u2019atmosfera rituale e quasi sacra.<\/p>\n\n\n\n<p>La sartiglia si svolge nelle domeniche e nei marted\u00ec di carnevale e trasforma il centro storico in un grande palcoscenico. Il protagonista assoluto \u00e8 <strong>Su Componidori<\/strong>, una figura misteriosa e quasi regale. Viene vestito con un rituale molto preciso, chiamato <strong>vestizione<\/strong>, durante il quale indossa un abito riccamente decorato e una maschera bianca senza espressione. Da quel momento non \u00e8 pi\u00f9 una persona, ma diventa un simbolo, una figura che rappresenta il buon auspicio per l\u2019anno che sta per iniziare.<\/p>\n\n\n\n<p>La <strong>corsa alla stella<\/strong> \u00e8 il momento pi\u00f9 atteso. I cavalieri, con costumi tradizionali e maschere eleganti, si lanciano al galoppo lungo la via principale del centro storico, cercando di infilzare con la spada una stella metallica sospesa sopra la strada. Pi\u00f9 stelle vengono prese, pi\u00f9 l\u2019anno sar\u00e0 fortunato per la citt\u00e0 e per il territorio.<\/p>\n\n\n\n<p>Dopo la corsa, la festa continua con le spettacolari <strong>pariglie<\/strong>. I cavalieri si esibiscono in acrobazie sui cavalli lanciati al galoppo, formando figure e piramidi umane. \u00c8 un momento emozionante, in cui tradizione, abilit\u00e0 e coraggio si fondono in uno spettacolo unico.<\/p>\n\n\n\n<p>Se amate la natura e l\u2019archeologia, potete proseguire verso la penisola del Sinis, a pochi chilometri da Oristano. Qui trovate la zona archeologica di <strong><a href=\"https:\/\/www.sardegnaturismo.it\/it\/esplora\/antica-citta-di-tharros\" target=\"_blank\" rel=\"noopener\" title=\"\">Tharros<\/a><\/strong>, un\u2019antica citt\u00e0 fondata dai fenici e poi ampliata dai romani, affacciata direttamente sul mare. Poco distante si trova anche la spiaggia di <strong><a href=\"https:\/\/www.sardegnaturismo.it\/en\/explore\/arutas\" target=\"_blank\" rel=\"noopener\" title=\"\">Is Arutas<\/a><\/strong>, famosa per la sua sabbia fatta di minuscoli granelli di quarzo, bianchi e colorati. Anche in inverno, il paesaggio \u00e8 spettacolare e perfetto per una passeggiata sul mare.<\/p>\n\n\n\n<h3 class=\"wp-block-heading\"><strong>Tempio Pausania e il carnevale gallurese<\/strong><\/h3>\n\n\n\n<h4 class=\"wp-block-heading\"><strong>Sfilate colorate nel cuore della Gallura<\/strong><\/h4>\n\n\n\n<p>Nel nord della Sardegna, nel cuore della Gallura, <strong><a href=\"https:\/\/www.sardegnaturismo.it\/it\/esplora\/tempio-pausania\" target=\"_blank\" rel=\"noopener\" title=\"\">Tempio Pausania<\/a><\/strong> ospita uno dei carnevali pi\u00f9 vivaci e popolari dell\u2019isola. Qui l\u2019atmosfera \u00e8 diversa rispetto ai riti arcaici della Barbagia: il carnevale gallurese \u00e8 colorato, ironico e partecipato da tutta la comunit\u00e0.<\/p>\n\n\n\n<p>Le strade del centro storico, con le case in granito grigio chiaro, diventano il palcoscenico di sfilate allegoriche, musica e feste all\u2019aperto. I carri raccontano con ironia fatti di attualit\u00e0, personaggi locali e temi sociali, creando un clima allegro e coinvolgente.<\/p>\n\n\n\n<p>Il protagonista assoluto \u00e8 <strong><a href=\"https:\/\/visit-tempio.it\/contenuti\/3168280\/re-giorgio\" target=\"_blank\" rel=\"noopener\" title=\"\">Re Giorgio<\/a><\/strong>, una figura simbolica che rappresenta lo spirito del carnevale. \u00c8 un personaggio grottesco e divertente, spesso raffigurato come un sovrano un po\u2019 decadente e amante dei piaceri della vita. Durante i giorni di festa, Re Giorgio viene celebrato con cortei, spettacoli e momenti teatrali.<\/p>\n\n\n\n<p>Alla fine del carnevale, per\u00f2, arriva il momento pi\u00f9 simbolico. Re Giorgio viene processato in piazza davanti alla folla, accusato di tutti i vizi e gli eccessi commessi durante l\u2019anno. Dopo la sentenza, il fantoccio viene bruciato in un grande fal\u00f2. Questo rito segna la fine del carnevale e il ritorno alla vita quotidiana, ma rappresenta anche una purificazione simbolica e un nuovo inizio.<\/p>\n\n\n\n<p>Tempio Pausania non \u00e8 solo carnevale. Il paese \u00e8 circondato da paesaggi collinari e boschi, ed \u00e8 una base perfetta per gite in Sardegna tra natura e panorami spettacolari. A pochi chilometri dal centro, potete salire verso il monte Limbara, uno dei massicci pi\u00f9 importanti del nord dell\u2019isola. Qui trovate diversi sentieri immersi nei boschi di sughere e lecci, ideali per una passeggiata tranquilla o un\u2019escursione panoramica. Dalle zone pi\u00f9 alte si gode una vista ampia sulla Gallura e, nelle giornate limpide, si intravede anche la costa.<\/p>\n\n\n\n<h3 class=\"wp-block-heading\"><strong>Ottana e le maschere della tradizione<\/strong><\/h3>\n\n\n\n<h4 class=\"wp-block-heading\"><strong>Il carnevale pi\u00f9 arcaico e suggestivo<\/strong><\/h4>\n\n\n\n<p>Nel cuore della provincia di Nuoro, circondato da campagne aperte e altopiani, il paese di <strong><a href=\"https:\/\/www.sardegnaturismo.it\/it\/esplora\/ottana\" target=\"_blank\" rel=\"noopener\" title=\"\">Ottana <\/a><\/strong>custodisce uno dei carnevali pi\u00f9 antichi e simbolici della Sardegna. Qui la festa non ha nulla di leggero o ironico: \u00e8 un rito potente, quasi teatrale, che racconta il legame profondo tra l\u2019uomo, gli animali e la terra.<\/p>\n\n\n\n<p>I protagonisti del carnevale di Ottana sono i <strong>boes <\/strong>e i <strong>merdules<\/strong>, figure mascherate che sfilano per le vie del paese accompagnate dal suono dei campanacci. I boes indossano maschere di legno scuro, intagliate a mano, che rappresentano volti di buoi con espressioni intense e quasi inquietanti. Sulla testa portano pelli di pecora, mentre sul corpo hanno campanacci pesanti che producono un suono profondo a ogni passo.<\/p>\n\n\n\n<p>Accanto a loro ci sono i merdules, che rappresentano i pastori. Indossano maschere pi\u00f9 semplici e portano bastoni o funi. Durante la sfilata, cercano di guidare e domare i boes, creando una scena dinamica e simbolica. I boes si ribellano, si muovono in modo irregolare e scuotono i campanacci, mentre i merdules cercano di controllarli.<\/p>\n\n\n\n<p>L\u2019atmosfera durante la sfilata \u00e8 intensa e suggestiva. Le strade del paese si riempiono del suono dei campanacci e dei movimenti delle maschere, creando una scena quasi fuori dal tempo. Non c\u2019\u00e8 musica moderna n\u00e9 carri allegorici: tutto ruota intorno al rito, alle maschere e alla loro simbologia.<\/p>\n\n\n\n<p>Nei dintorni, il paesaggio \u00e8 ampio e silenzioso. L\u2019altopiano di <a href=\"https:\/\/www.sardegnaturismo.it\/it\/esplora\/abbasanta\" target=\"_blank\" rel=\"noopener\" title=\"\"><strong>Abbasanta<\/strong><\/a>, poco distante, offre distese verdi, pascoli e strade tranquille, perfette per una pausa nella natura durante i vostri viaggi in camper. \u00c8 una zona ideale per chi cerca autenticit\u00e0 e spazi aperti, lontano dalle rotte pi\u00f9 turistiche.<\/p>\n\n\n\n<h3 class=\"wp-block-heading\"><strong>Cosa assaggiare durante il carnevale sardo<\/strong><\/h3>\n\n\n\n<h4 class=\"wp-block-heading\"><strong>Dolci tradizionali e sapori di stagione<\/strong><\/h4>\n\n\n\n<p>Durante le vostre gite in Sardegna nel periodo di carnevale, troverete molti dolci tipici preparati per l\u2019occasione.<\/p>\n\n\n\n<p>Tra i pi\u00f9 diffusi ci sono le <strong>zippole<\/strong>, frittelle lunghe e profumate all\u2019arancia o al limone, spesso aromatizzate con acquavite. In alcune zone si chiamano frisgioli o cattas.<\/p>\n\n\n\n<p>Poi ci sono le <strong>orillettas<\/strong>, sottili nastri di pasta fritta ricoperti di miele, e le <strong>tiliccas<\/strong>, dolci ripieni di pasta di mandorle e scorza d\u2019arancia.<\/p>\n\n\n\n<p>Questi sapori raccontano la tradizione contadina dell\u2019isola e rendono il carnevale ancora pi\u00f9 speciale per i viaggiatori in camper.<\/p>\n\n\n\n<h3 class=\"wp-block-heading\"><strong>Conclusione<\/strong><\/h3>\n\n\n\n<p>Il carnevale in Sardegna \u00e8 un\u2019esperienza intensa e diversa dal solito. Non \u00e8 solo una festa, ma un viaggio nella storia e nelle tradizioni pi\u00f9 profonde dell\u2019isola.<\/p>\n\n\n\n<p>Se vi muovete in camper, campervan o roulotte, potete costruire un itinerario unico: un giorno assistete alla sfilata dei mamuthones, il giorno dopo seguite la sartiglia, e poi vi fermate in una sosta in agriturismo o in cantina per rilassarvi tra natura e silenzio.<\/p>\n\n\n\n<p>Grazie ad agricamper, potete vivere soste illimitate e gratuite per 24 ore presso aziende agricole in tutta Italia. \u00c8 una soluzione perfetta per i camperisti e per i viaggiatori che amano il contatto diretto con il territorio.<\/p>\n\n\n\n<p>Prima di partire, <strong><a href=\"https:\/\/www.agricamper.com\/knowledge-base\/dove-scaricare-lapp-agricamper\/\">scaricate l&#8217;app Agricmaper<\/a><\/strong> e provate la versione demo gratuita. Potete esplorare la mappa, vedere dove si trovano le soste e iniziare a sognare il vostro prossimo viaggio.<\/p>\n\n\n\n<p>Quando sarete pronti, <strong><a href=\"https:\/\/www.agricamper.com\/it\/prodotto\/agricamper-italia-guida-digitale-delle-aree-di-sosta\/\">acquistate l\u2019adesione<\/a><\/strong> annuale e partite alla scoperta dell\u2019Italia pi\u00f9 autentica, tra paesaggi rurali, tradizioni locali e incontri indimenticabili.<\/p>\n","protected":false},"excerpt":{"rendered":"<p>Viaggiare in camper e roulotte alla scoperta del carnevale sardo Il carnevale in Sardegna non \u00e8 solo coriandoli e carri allegorici. Qui, tra montagne, altopiani e borghi in pietra, il carnevale \u00e8 un rito antico, potente e misterioso. \u00c8 una festa che affonda le radici in tradizioni pastorali e pagane, e che ancora oggi viene [&hellip;]<\/p>\n","protected":false},"author":1,"featured_media":4820,"comment_status":"open","ping_status":"open","sticky":false,"template":"","format":"standard","meta":{"_acf_changed":false,"_breakdance_hide_in_design_set":false,"_breakdance_tags":"","footnotes":""},"categories":[617,741],"tags":[309,310,622,651,641,679],"class_list":["post-4819","post","type-post","status-publish","format-standard","has-post-thumbnail","hentry","category-viaggio-in-camper-e-caravan","category-viaggio-camper-caravan-italia","tag-attivita-culturali","tag-attivita-nella-natura","tag-piatti-tipici","tag-sardegna","tag-viaggiare-in-famiglia","tag-viaggio-in-camper-e-roulotte"],"acf":[],"_links":{"self":[{"href":"https:\/\/www.agricamper.com\/it\/wp-json\/wp\/v2\/posts\/4819","targetHints":{"allow":["GET"]}}],"collection":[{"href":"https:\/\/www.agricamper.com\/it\/wp-json\/wp\/v2\/posts"}],"about":[{"href":"https:\/\/www.agricamper.com\/it\/wp-json\/wp\/v2\/types\/post"}],"author":[{"embeddable":true,"href":"https:\/\/www.agricamper.com\/it\/wp-json\/wp\/v2\/users\/1"}],"replies":[{"embeddable":true,"href":"https:\/\/www.agricamper.com\/it\/wp-json\/wp\/v2\/comments?post=4819"}],"version-history":[{"count":1,"href":"https:\/\/www.agricamper.com\/it\/wp-json\/wp\/v2\/posts\/4819\/revisions"}],"predecessor-version":[{"id":4821,"href":"https:\/\/www.agricamper.com\/it\/wp-json\/wp\/v2\/posts\/4819\/revisions\/4821"}],"wp:featuredmedia":[{"embeddable":true,"href":"https:\/\/www.agricamper.com\/it\/wp-json\/wp\/v2\/media\/4820"}],"wp:attachment":[{"href":"https:\/\/www.agricamper.com\/it\/wp-json\/wp\/v2\/media?parent=4819"}],"wp:term":[{"taxonomy":"category","embeddable":true,"href":"https:\/\/www.agricamper.com\/it\/wp-json\/wp\/v2\/categories?post=4819"},{"taxonomy":"post_tag","embeddable":true,"href":"https:\/\/www.agricamper.com\/it\/wp-json\/wp\/v2\/tags?post=4819"}],"curies":[{"name":"wp","href":"https:\/\/api.w.org\/{rel}","templated":true}]}}