{"id":4786,"date":"2026-01-26T07:00:00","date_gmt":"2026-01-26T07:00:00","guid":{"rendered":"https:\/\/www.agricamper.com\/aosta-e-la-fiera-di-santorso-un-viaggio-dinverno-tra-tradizioni-e-natura-in-camper\/"},"modified":"2026-04-09T14:08:27","modified_gmt":"2026-04-09T14:08:27","slug":"aosta-e-la-fiera-di-santorso-un-viaggio-dinverno-tra-tradizioni-e-natura-in-camper","status":"publish","type":"post","link":"https:\/\/www.agricamper.com\/it\/get-inspired\/aosta-e-la-fiera-di-santorso-un-viaggio-dinverno-tra-tradizioni-e-natura-in-camper\/","title":{"rendered":"Aosta e la Fiera di Sant\u2019Orso: un viaggio d\u2019inverno tra tradizioni e natura in camper"},"content":{"rendered":"\n<p>Viaggiare in Valle d\u2019Aosta in inverno significa entrare in un mondo fatto di montagne imponenti, tradizioni e borghi che raccontano storie secolari. Se vi muovete in camper, campervan o roulotte, Aosta \u00e8 una meta perfetta per unire cultura, natura e libert\u00e0 di movimento.<\/p>\n\n\n\n<p>In particolare, la Fiera di Sant\u2019Orso rappresenta uno degli appuntamenti pi\u00f9 affascinanti dell\u2019anno, capace di trasformare la citt\u00e0 in un grande laboratorio a cielo aperto. \u00c8 il momento ideale per organizzare gite ad Aosta, vivere l\u2019atmosfera autentica della regione e godervi una sosta nella natura, lontano dai ritmi frenetici.<\/p>\n\n\n\n<!--more Continua a leggere-->\n\n\n\n<h2 class=\"wp-block-heading\"><strong>La Fiera di Sant\u2019Orso<\/strong><\/h2>\n\n\n\n<h3 class=\"wp-block-heading\"><strong>Un evento che racconta l\u2019anima della Valle d\u2019Aosta<\/strong><\/h3>\n\n\n\n<p>La <a href=\"https:\/\/www.lovevda.it\/it\/banca-dati\/2\/artigianato-fiere-mercatini\/aosta\/fiera-di-sant-orso\/24090\" target=\"_blank\" rel=\"noopener\" title=\"\">Fiera di Sant\u2019Orso<\/a> si svolge ogni anno ad Aosta il 30 e 31 gennaio ed \u00e8 una delle manifestazioni pi\u00f9 antiche d\u2019Europa. Camminando per le vie del centro storico, vi immergete in una tradizione che affonda le radici nel medioevo e che ancora oggi coinvolge centinaia di artigiani valdostani.<\/p>\n\n\n\n<p>Durante la fiera, le strade si riempiono di sculture in legno, oggetti intagliati, utensili agricoli, maschere, giocattoli e opere che raccontano la vita di montagna. Tutto nasce dal lavoro delle mani, dal legno di noce, acero o larice, materiali che fanno parte del paesaggio alpino.<\/p>\n\n\n\n<h3 class=\"wp-block-heading\"><strong>Cosa fare durante la fiera<\/strong><\/h3>\n\n\n\n<p>Oltre a passeggiare tra le bancarelle, potete assistere a dimostrazioni di lavorazione del legno dal vivo, partecipare a momenti musicali spontanei e scoprire usanze locali come la grolla dell\u2019amicizia, il tipico recipiente in legno utilizzato per condividere bevande calde.<\/p>\n\n\n\n<p>Inoltre, la fiera \u00e8 il momento ideale per assaggiare i piatti tipici valdostani, perfetti per riscaldarsi durante le giornate invernali. Sono sapori intensi, legati alla montagna, che raccontano la storia di questa regione meglio di qualsiasi guida.<\/p>\n\n\n\n<h2 class=\"wp-block-heading\"><strong>Da Sant\u2019Orso ad Aosta<\/strong><\/h2>\n\n\n\n<h3 class=\"wp-block-heading\"><strong>Quando la fiera diventa il punto di partenza per scoprire la citt\u00e0<\/strong><\/h3>\n\n\n\n<p>La Fiera di Sant\u2019Orso non \u00e8 solo un evento da vivere per due giorni, ma anche il momento ideale per scoprire Aosta con pi\u00f9 calma. Dopo aver passeggiato tra le bancarelle, osservato gli artigiani al lavoro e respirato l\u2019atmosfera della festa, viene naturale fermarsi qualche giorno in pi\u00f9 e guardare la citt\u00e0 con occhi diversi.<\/p>\n\n\n\n<p><a href=\"https:\/\/www.lovevda.it\/it\/banca-dati\/3\/localita\/valle-d-aosta\/aosta\/362\" target=\"_blank\" rel=\"noopener\" title=\"\">Aosta<\/a>, infatti, durante la fiera mostra la sua anima pi\u00f9 autentica, ma basta allontanarsi di pochi passi dal centro storico per rendersi conto di quanto abbia da offrire anche oltre l\u2019evento. Per chi viaggia in camper, campervan o roulotte, questo significa trasformare una visita alla fiera in una vera esperienza di viaggio, fatta di cultura, natura e soste rilassanti.<\/p>\n\n\n\n<h3 class=\"wp-block-heading\"><strong>Una citt\u00e0 romana da vivere con i vostri tempi<\/strong><\/h3>\n\n\n\n<p>Dopo l\u2019energia e il fermento della Fiera di Sant\u2019Orso, Aosta invita naturalmente a rallentare. Le stesse strade che durante la fiera si riempiono di voci, profumi e colori tornano pi\u00f9 silenziose e permettono di osservare la citt\u00e0 con maggiore attenzione. \u00c8 in questo momento che Aosta rivela il suo volto pi\u00f9 autentico, quello di una vera citt\u00e0 romana incastonata tra le montagne.<\/p>\n\n\n\n<p>Passeggiando senza fretta, vi accorgete che molti dei monumenti pi\u00f9 importanti si trovano a breve distanza l\u2019uno dall\u2019altro. L\u2019<a href=\"https:\/\/www.lovevda.it\/it\/banca-dati\/8\/architettura-romana\/aosta\/arco-di-augusto\/728\" target=\"_blank\" rel=\"noopener\" title=\"\">arco di Augusto<\/a> segna ancora oggi uno degli ingressi simbolici alla citt\u00e0, mentre la porta praetoria racconta l\u2019organizzazione urbanistica dell\u2019antica Augusta Praetoria. Poco pi\u00f9 avanti, il teatro romano domina il paesaggio con le sue mura imponenti, creando un contrasto affascinante tra pietra antica e cime innevate.<\/p>\n\n\n\n<p>Aosta \u00e8 una citt\u00e0 che si lascia esplorare poco alla volta, perfetta per i camperisti che amano viaggi fatti di piccoli spostamenti e soste consapevoli. Dopo la fiera, diventa il luogo ideale per continuare il viaggio con calma, trasformando una gita ad Aosta in un\u2019esperienza pi\u00f9 profonda e personale.<\/p>\n\n\n\n<h2 class=\"wp-block-heading\"><strong>Dalla citt\u00e0 alla natura<\/strong><\/h2>\n\n\n\n<h3 class=\"wp-block-heading\"><strong>Sentieri, panorami e soste dopo la fiera<\/strong><\/h3>\n\n\n\n<p>Dopo le giornate intense della Fiera di Sant\u2019Orso, il desiderio di allontanarsi dal centro e ritrovare silenzio e spazi aperti arriva in modo spontaneo. Aosta \u00e8 il punto di partenza ideale per questo passaggio: in pochi minuti vi lasciate alle spalle le vie storiche e vi ritrovate immersi in un paesaggio fatto di montagne, boschi e vallate aperte.<\/p>\n\n\n\n<p>I sentieri intorno alla citt\u00e0 permettono di proseguire il viaggio con un ritmo pi\u00f9 lento, perfetto per chi viaggia in camper o caravan. I percorsi lungo la Dora Baltea offrono passeggiate semplici e panoramiche, ideali anche dopo una giornata di cammino tra le bancarelle della fiera. Salendo di quota, invece, i sentieri che portano verso la Val di Cogne regalano viste ampie sul massiccio del Gran Paradiso, con scorci che cambiano completamente a seconda della stagione.<\/p>\n\n\n\n<p>Queste escursioni non richiedono grandi spostamenti n\u00e9 una pianificazione rigida. Potete decidere al momento dove fermarvi, quanto camminare e quando rientrare al vostro mezzo. \u00c8 proprio qui che il viaggio in camper mostra il suo lato migliore: la possibilit\u00e0 di adattare ogni giornata alle vostre energie, senza orari n\u00e9 obblighi.<\/p>\n\n\n\n<h2 class=\"wp-block-heading\"><strong>Sapori e tradizioni<\/strong><\/h2>\n\n\n\n<h3 class=\"wp-block-heading\"><strong>Il gusto della Valle d\u2019Aosta, dalla fiera alla tavola<\/strong><\/h3>\n\n\n\n<p>I profumi che incontrate durante la Fiera di Sant\u2019Orso non finiscono con l\u2019evento. La cucina valdostana accompagna tutto il viaggio e diventa un filo conduttore tra la festa e la scoperta del territorio. Dopo aver assaggiato piatti tipici durante la fiera, potete continuare questo percorso gastronomico conoscendo le tradizioni locali legate alla vita di montagna.<\/p>\n\n\n\n<p>La zuppa alla valdostana, la polenta concia e la carbonada raccontano la stessa storia che vedete intagliata nel legno dagli artigiani: una cultura fatta di semplicit\u00e0, resistenza e legame con la terra. Anche questo fa parte dell\u2019esperienza per i camperisti che scelgono viaggi in Valle d\u2019Aosta pi\u00f9 lenti e consapevoli.<\/p>\n\n\n\n<h2 class=\"wp-block-heading\"><strong>Conclusione<\/strong><\/h2>\n\n\n\n<p>Aosta e la Fiera di Sant\u2019Orso rappresentano una combinazione perfetta per chi ama i viaggi in camper e cerca esperienze autentiche. Tra storia romana, artigianato, sentieri alpini e sapori locali, ogni giornata offre qualcosa di diverso da scoprire.<\/p>\n\n\n\n<p>Grazie ad Agricamper, potete trasformare il vostro viaggio in un\u2019esperienza ancora pi\u00f9 ricca, scegliendo soste nella natura, sempre nel rispetto del territorio e delle persone che lo abitano.<\/p>\n\n\n\n<p><a href=\"https:\/\/www.agricamper.com\/knowledge-base\/dove-scaricare-lapp-agricamper\/\">Scaricate l\u2019app di Agricamper<\/a>, esplorate la mappa delle soste gratuite e <a href=\"https:\/\/www.agricamper.com\/it\/prodotto\/agricamper-italia-guida-digitale-delle-aree-di-sosta\/\">acquistate l\u2019adesione<\/a> per accedere a tutte le strutture disponibili in Italia. Il vostro prossimo viaggio inizia da qui!<\/p>\n","protected":false},"excerpt":{"rendered":"<p>Viaggiare in Valle d\u2019Aosta in inverno significa entrare in un mondo fatto di montagne imponenti, tradizioni e borghi che raccontano storie secolari. Se vi muovete in camper, campervan o roulotte, Aosta \u00e8 una meta perfetta per unire cultura, natura e libert\u00e0 di movimento. In particolare, la Fiera di Sant\u2019Orso rappresenta uno degli appuntamenti pi\u00f9 affascinanti [&hellip;]<\/p>\n","protected":false},"author":1,"featured_media":4787,"comment_status":"open","ping_status":"open","sticky":false,"template":"","format":"standard","meta":{"_acf_changed":false,"_breakdance_hide_in_design_set":false,"_breakdance_tags":"","footnotes":""},"categories":[617,741],"tags":[309,310,673,692,622,641,679],"class_list":["post-4786","post","type-post","status-publish","format-standard","has-post-thumbnail","hentry","category-viaggio-in-camper-e-caravan","category-viaggio-camper-caravan-italia","tag-attivita-culturali","tag-attivita-nella-natura","tag-citta-darte","tag-monumenti-storici","tag-piatti-tipici","tag-viaggiare-in-famiglia","tag-viaggio-in-camper-e-roulotte"],"acf":[],"_links":{"self":[{"href":"https:\/\/www.agricamper.com\/it\/wp-json\/wp\/v2\/posts\/4786","targetHints":{"allow":["GET"]}}],"collection":[{"href":"https:\/\/www.agricamper.com\/it\/wp-json\/wp\/v2\/posts"}],"about":[{"href":"https:\/\/www.agricamper.com\/it\/wp-json\/wp\/v2\/types\/post"}],"author":[{"embeddable":true,"href":"https:\/\/www.agricamper.com\/it\/wp-json\/wp\/v2\/users\/1"}],"replies":[{"embeddable":true,"href":"https:\/\/www.agricamper.com\/it\/wp-json\/wp\/v2\/comments?post=4786"}],"version-history":[{"count":1,"href":"https:\/\/www.agricamper.com\/it\/wp-json\/wp\/v2\/posts\/4786\/revisions"}],"predecessor-version":[{"id":4788,"href":"https:\/\/www.agricamper.com\/it\/wp-json\/wp\/v2\/posts\/4786\/revisions\/4788"}],"wp:featuredmedia":[{"embeddable":true,"href":"https:\/\/www.agricamper.com\/it\/wp-json\/wp\/v2\/media\/4787"}],"wp:attachment":[{"href":"https:\/\/www.agricamper.com\/it\/wp-json\/wp\/v2\/media?parent=4786"}],"wp:term":[{"taxonomy":"category","embeddable":true,"href":"https:\/\/www.agricamper.com\/it\/wp-json\/wp\/v2\/categories?post=4786"},{"taxonomy":"post_tag","embeddable":true,"href":"https:\/\/www.agricamper.com\/it\/wp-json\/wp\/v2\/tags?post=4786"}],"curies":[{"name":"wp","href":"https:\/\/api.w.org\/{rel}","templated":true}]}}