{"id":4687,"date":"2025-11-24T07:00:00","date_gmt":"2025-11-24T07:00:00","guid":{"rendered":"https:\/\/www.agricamper.com\/un-viaggio-in-camper-tra-i-custodi-millenari-del-nostro-paese\/"},"modified":"2026-04-09T14:07:57","modified_gmt":"2026-04-09T14:07:57","slug":"un-viaggio-in-camper-tra-i-custodi-millenari-del-nostro-paese","status":"publish","type":"post","link":"https:\/\/www.agricamper.com\/it\/get-inspired\/un-viaggio-in-camper-tra-i-custodi-millenari-del-nostro-paese\/","title":{"rendered":"Un viaggio in camper tra i custodi millenari del nostro Paese"},"content":{"rendered":"\n<p>Il 21 novembre si \u00e8 celebrata la giornata mondiale degli alberi, un momento perfetto per ricordarci quanto sia importante custodire il paesaggio che amiamo attraversare durante i nostri viaggi in camper o campervan. Ma \u00e8 anche il pretesto ideale per programmare una nuova sosta nella natura, magari proprio vicino a uno di questi straordinari monumenti vegetali.<\/p>\n\n\n\n<p>Questi giganti silenziosi sono sparsi ovunque, da nord a sud, e raccontano storie di secoli, a volte millenni, accompagnandoci in gite e avventure che ci portano a scoprire un\u2019Italia pi\u00f9 verde, autentica e profondamente legata alla natura.<\/p>\n\n\n\n<p>Andiamo quindi a scoprire alcuni dei pi\u00f9 affascinanti alberi monumentali d\u2019Italia, organizzati in un percorso ideale da nord a sud, per un viaggio lento, profondo e verde perfetto per chi si muove in camper o roulotte.<\/p>\n\n\n\n<!--more continua a leggere-->\n\n\n\n<h2 class=\"wp-block-heading\"><strong>Gli alberi monumentali d\u2019Italia<\/strong><\/h2>\n\n\n\n<p>Gli alberi monumentali non sono semplicemente \u201calberi grandi\u201d. Sono individui unici per et\u00e0, dimensioni, forma, leggende o valore ecologico. Spesso sono stati testimoni di eventi storici, oppure hanno dato origine a miti locali che si tramandano ancora oggi. In questa sezione vi portiamo alla scoperta di alcuni tra i pi\u00f9 celebri, includendo suggerimenti sul territorio circostante, perfetti per chi ama organizzare soste in Italia lente e piene di significato.<\/p>\n\n\n\n<h2 class=\"wp-block-heading\"><strong>1. Nord Italia: dove i boschi si fondono con le montagne<\/strong><\/h2>\n\n\n\n<p>Il nord Italia \u00e8 un territorio privilegiato per chi viaggia in camper, roulotte, caravan o furgonato alla ricerca di natura autentica e paesaggi incontaminati. Qui gli alberi monumentali non sono semplici presenze botaniche: diventano parte integrante dell\u2019identit\u00e0 alpina e prealpina, modellando vallate, sorvegliando sentieri e segnando antiche vie di passaggio.<\/p>\n\n\n\n<h3 class=\"wp-block-heading\"><strong>Il larice millenario della Val d\u2019Ultimo (Trentino-Alto Adige)<\/strong><\/h3>\n\n\n\n<p>Nella quiete profonda della<strong> Val d\u2019Ultimo<\/strong>, una delle valli pi\u00f9 selvagge e incontaminate del Trentino-Alto Adige, si ergono <strong><a href=\"https:\/\/www.gallorosso.it\/it\/alto-adige\/highlights\/escursione\/larici-millenari\" title=\"\">tre larici monumentali<\/a><\/strong> considerati tra gli alberi pi\u00f9 antichi d\u2019Europa. Il pi\u00f9 famoso, spesso indicato semplicemente come <strong>\u201c<\/strong>il larice millenario<strong>\u201d<\/strong>, ha superato ampiamente i 2.000 anni di vita: un\u2019et\u00e0 difficile persino da immaginare. Quando questo albero ha iniziato a mettere radici, l\u2019Impero romano non era ancora all\u2019apice della sua storia, e intere popolazioni alpine vivevano di pastorizia e scambi locali.<\/p>\n\n\n\n<p>Incontrarlo dal vivo \u00e8 un\u2019esperienza che lascia senza parole. Il tronco \u00e8 enorme, nodoso, modellato da secoli di inverni gelidi e venti impetuosi. La corteccia, spessa e screpolata, racconta di stagioni passate una dopo l\u2019altra come pagine di un libro antico. I rami, inclinati e possenti, si aprono lentamente verso l\u2019alto, come braccia che cercano la luce attraverso il silenzio del bosco.<\/p>\n\n\n\n<h3 class=\"wp-block-heading\"><strong>Il platano dei Giardini Estensi (Varese, Lombardia)<\/strong><\/h3>\n\n\n\n<p>All\u2019interno dei raffinati <strong><a href=\"https:\/\/www.comune.varese.it\/c012133\/zf\/index.php\/servizi-aggiuntivi\/index\/index\/idtesto\/524\" target=\"_blank\" rel=\"noopener\" title=\"\">Giardini Estensi di Varese<\/a><\/strong>, uno dei parchi storici pi\u00f9 eleganti della Lombardia, vive un <strong>platano monumentale<\/strong> che da oltre due secoli domina il paesaggio con la sua presenza maestosa. Piantato nel <strong>XVIII secolo<\/strong>, \u00e8 oggi uno dei simboli verdi della citt\u00e0: un gigante gentile che accoglie visitatori, passeggiatori e curiosi con l\u2019ampiezza sorprendente della sua chioma.<\/p>\n\n\n\n<p>Nei mesi estivi, l\u2019ombra del platano diventa una sorta di salotto naturale dove ci si pu\u00f2 fermare a contemplare il parco, ascoltare il fruscio delle foglie o semplicemente respirare un momento di quiete. In autunno, invece, le foglie dorate trasformano l\u2019area in una scena quasi cinematografica, ricca di colori e profondit\u00e0.<\/p>\n\n\n\n<h3 class=\"wp-block-heading\"><strong>Il cedro di La Morra (Piemonte)<\/strong><\/h3>\n\n\n\n<p>Sulle colline morbide delle Langhe, dove i filari disegnano il paesaggio come una tessitura paziente e antica, si trova uno degli alberi pi\u00f9 iconici del Piemonte: <strong><a href=\"https:\/\/langhe.net\/sight\/cedro-del-libano\/\" target=\"_blank\" rel=\"noopener\" title=\"\">il cedro del Libano di La Morra<\/a><\/strong>. Piantato alla fine dell\u2019Ottocento come simbolo di amore e unione \u2014 secondo la tradizione da una coppia di giovani innamorati \u2014 questo albero \u00e8 diventato nel tempo un punto di riferimento assoluto, riconoscibile da chilometri di distanza.<\/p>\n\n\n\n<p>La sua chioma \u00e8 un capolavoro naturale: ampia, perfettamente simmetrica, quasi una grande cupola verde che si staglia elegante contro il cielo. I rami si aprono con una grazia rara, creando un\u2019ombra vasta che sembra abbracciare l\u2019intera collina. Il tronco, imponente e robusto, custodisce oltre un secolo di vento, luce, nebbie autunnali e albe luminose sulle vigne.<\/p>\n\n\n\n<p>Il nord Italia \u00e8 ricco di altri &#8220;giganti&#8221;: tassi, querce, olmi e persino qualche esemplare di ginkgo biloba piantato nei giardini botanici nel Settecento. Se state pianificando viaggi in Italia all\u2019insegna della natura, dedicare almeno qualche sosta nella natura a questi alberi vale davvero la pena.<\/p>\n\n\n\n<h2 class=\"wp-block-heading\"><strong>2. Centro Italia: la luce morbida e i giganti che danzano con colline e borghi<\/strong><\/h2>\n\n\n\n<p>Il centro Italia \u00e8 un abbraccio di dolci colline, borghi medievali e paesaggi agrari senza tempo. Ed \u00e8 anche terra di alcuni fra i pi\u00f9 iconici alberi monumentali. Viaggiando qui con il campervan, trovate moltissime soste in agriturismo e soste in azienda agricola perfette per rilassarvi e ricaricare le energie.<\/p>\n\n\n\n<h3 class=\"wp-block-heading\"><strong>La quercia delle Checche (Toscana)<\/strong><\/h3>\n\n\n\n<p>Nel cuore della <a href=\"https:\/\/visitvaldorcia.it\/\" target=\"_blank\" rel=\"noopener\" title=\"\">Val d\u2019Orcia<\/a>, con oltre tre secoli di vita, \u00e8 un\u2019autentica matriarca della campagna toscana e il <strong>primo albero in Italia<\/strong> a essere riconosciuto ufficialmente come <strong>monumento verde<\/strong>, un titolo che celebra la sua straordinaria bellezza e il suo valore storico e naturalistico. La sua chioma \u00e8 talmente vasta da creare un vero e proprio \u201ccielo verde\u201d: un intreccio di rami elegantemente aperti che abbraccia un ampio cerchio d\u2019ombra. <\/p>\n\n\n\n<p>La struttura \u00e8 cos\u00ec particolare e scenografica che sembra uscita da un romanzo fantasy. Non a caso, artisti, fotografi e scrittori hanno trovato in lei un\u2019ispirazione costante.<\/p>\n\n\n\n<h3 class=\"wp-block-heading\"><strong>Il leccio dell\u2019Eremo delle Carceri (Umbria)<\/strong><\/h3>\n\n\n\n<p>Sulle pendici del monte Subasio, immerso nel silenzio che avvolge l\u2019<strong><a href=\"https:\/\/www.santuarioeremodellecarceri.org\/\" target=\"_blank\" rel=\"noopener\" title=\"\">Eremo delle Carceri<\/a><\/strong>, cresce un leccio leggendario. Secondo la tradizione, sarebbe l\u2019albero sotto il quale San Francesco si fermava a pregare, cercando pace e contemplazione. La sua chioma fitta crea un\u2019ombra profonda, quasi spirituale, e il suo tronco, segnato dal tempo, sembra raccontare storie di monaci, eremiti e pellegrini. <\/p>\n\n\n\n<p>Raggiungerlo durante i vostri viaggi in camper significa vivere un momento di autentica quiete, perfetto dopo una sosta nella natura sulle colline umbre.<\/p>\n\n\n\n<h3 class=\"wp-block-heading\"><strong>Il tasso di Fonte Avellana (Marche)<\/strong><\/h3>\n\n\n\n<p>Ai piedi del monte Catria, immerso nel silenzio spirituale dell\u2019<strong><a href=\"https:\/\/fonteavellana.it\/\" target=\"_blank\" rel=\"noopener\" title=\"\">Eremo di Fonte Avellana<\/a><\/strong>, cresce un tasso antico e imponente che sembra custodire la memoria del luogo. Le sue radici affondano accanto alle antiche pietre del monastero, mentre il tronco scuro e nodoso racconta secoli di preghiere, passaggi lenti e vite monastiche. La chioma, compatta ed elegante, crea un\u2019ombra fresca che invita alla quiete e alla contemplazione.<\/p>\n\n\n\n<p>Il centro Italia custodisce alberi che sembrano dialogare con il paesaggio: ognuno di loro \u00e8 un invito a rallentare, respirare e contemplare la bellezza semplice e selvaggia dei nostri territori.<\/p>\n\n\n\n<h2 class=\"wp-block-heading\"><strong>3. Sud Italia: dove gli alberi profumano di mare e antiche civilt\u00e0<\/strong><\/h2>\n\n\n\n<p>Il sud Italia \u00e8 una terra intensa, luminosa e profondamente mediterranea. Qui gli alberi monumentali non sono solo presenze botaniche: sono veri simboli del territorio, scolpiti da secoli di vento, sole e storie. Viaggiando in camper o caravan tra queste regioni, avrete l\u2019impressione che ogni albero antico sia l\u00ec per raccontarvi qualcosa.<\/p>\n\n\n\n<h3 class=\"wp-block-heading\"><strong>La quercia Vallonea di Tricase (Puglia)<\/strong><\/h3>\n\n\n\n<p>Una vera rarit\u00e0 botanica, perch\u00e9 la Vallonea \u00e8 una quercia tipica della Grecia e dell\u2019area balcanica. Quella di Tricase, chiamata anche \u201c<strong>Quercia dei 1000 anni<\/strong>\u201d, \u00e8 uno degli esemplari pi\u00f9 imponenti d\u2019Europa: la sua chioma ha un\u2019estensione spettacolare e il tronco \u00e8 talmente grande da sembrare la base di una torre naturale.<\/p>\n\n\n\n<p>Questi alberi non sono semplici \u201cpunti da visitare\u201d: sono compagni di viaggio, radici viventi della cultura mediterranea.<\/p>\n\n\n\n<h3 class=\"wp-block-heading\"><strong>Il pino loricato del Monte Pollino (Calabria)<\/strong><\/h3>\n\n\n\n<p>Il pino loricato \u00e8 l\u2019albero simbolo del <a href=\"https:\/\/parconazionalepollino.it\/\" target=\"_blank\" rel=\"noopener\" title=\"\">Parco nazionale del Pollino<\/a>, il pi\u00f9 grande d\u2019Italia. Alcuni esemplari, come quello noto come <strong>&#8220;Patriarca del Pollino&#8221;<\/strong>, superano i 1.000 anni.<br>La loro corteccia, simile a una corazza medievale, ha dato il nome alla specie. Crescono su creste rocciose, esposti a venti fortissimi, a temperature estreme e a condizioni che renderebbero impossibile la vita ad altri alberi.<\/p>\n\n\n\n<p>Raggiungerli richiede una camminata, ma il panorama \u2014 montagne che sembrano sospese tra il cielo e il mare \u2014 rende l\u2019esperienza indimenticabile.<\/p>\n\n\n\n<h3 class=\"wp-block-heading\"><strong>Il castagno dei cento cavalli (Sicilia)<\/strong><\/h3>\n\n\n\n<p>Forse uno degli alberi pi\u00f9 famosi d\u2019Italia \u2014 e del mondo. Questo castagno monumentale si trova sul versante orientale dell\u2019Etna ed \u00e8 considerato <strong>il pi\u00f9 grande d\u2019Europa per circonferenza<\/strong>. Secondo la leggenda, un intero seguito di cento cavalieri trov\u00f2 riparo sotto la sua immensa chioma durante un temporale improvviso, da cui il nome evocativo. Oggi si stima che abbia pi\u00f9 di 2.000 anni, forse addirittura 3.000.<\/p>\n\n\n\n<p>Camminare attorno al suo tronco multiplo \u00e8 un\u2019esperienza quasi surreale: sembra pi\u00f9 un piccolo bosco che un singolo albero. \u00c8 una tappa imperdibile per chi ama abbinare sosta nella natura, panorami vulcanici e atmosfere leggendarie.<\/p>\n\n\n\n<h3 class=\"wp-block-heading\"><strong>L\u2019ulivo monumentale \u201cSa Reina\u201d (Sardegna)<\/strong><\/h3>\n\n\n\n<p>Nel suggestivo territorio di Villamassargia, nella Sardegna sud-occidentale, si trova uno dei luoghi pi\u00f9 incredibili d\u2019Italia: il bosco di ulivi monumentali di <a href=\"https:\/\/www.sardegnaturismo.it\/it\/esplora\/sortu-mannu\" target=\"_blank\" rel=\"noopener\" title=\"\"><strong>S\u2019Ortu Mannu<\/strong><\/a>, un\u2019area in cui oltre settecento ulivi secolari e millenari formano un paesaggio unico nel suo genere. Tra questi giganti, il pi\u00f9 celebre \u00e8 \u201c<strong>Sa Reina<\/strong>\u201d, <em>la regina<\/em>: un ulivo monumentale dalla presenza maestosa, considerato uno degli esemplari pi\u00f9 grandi e antichi del Mediterraneo.<\/p>\n\n\n\n<p>Il suo tronco massiccio \u2014 segnato da venature, pieghe profonde e cavit\u00e0 scolpite dal tempo \u2014 racconta oltre mille anni di storia, forse di pi\u00f9. La chioma, ampia e luminosa, crea un cono d\u2019ombra perfetto dove il silenzio sembra assumere un suono tutto suo, mescolandosi al fruscio leggero del vento tra le foglie argentee.<\/p>\n\n\n\n<p>Il Sud Italia e le Isole sono un invito alla calma, alla scoperta e alla meraviglia: e questi alberi monumentali sono il modo pi\u00f9 autentico per viverlo.<\/p>\n\n\n\n<h2 class=\"wp-block-heading\"><strong>Conclusione<\/strong><\/h2>\n\n\n\n<p>Gli alberi monumentali sono pi\u00f9 di un \u201cluogo da vedere\u201d. Sono compagni silenziosi dei vostri viaggi in camper o roulotte. Sono punti di riferimento che parlano, ognuno a modo suo, e che ricordano quanto siano preziosi i paesaggi che attraversiamo ogni giorno.<\/p>\n\n\n\n<p>Viaggiare lentamente, fermarsi in una sosta in agriturismo o in azienda agricola, esplorare territori meno conosciuti: tutto questo contribuisce a comprendere il valore del nostro paesaggio naturale.<\/p>\n\n\n\n<p>E adesso, la vera domanda \u00e8: quali andrete a incontrare per primi?<\/p>\n\n\n\n<p><a href=\"https:\/\/www.agricamper.com\/knowledge-base\/dove-scaricare-lapp-agricamper\/\"><strong>Scaricate subito la nostra app<\/strong><\/a> e provate la <strong>versione demo gratuita<\/strong> per scoprire dove si trovano le soste vicino agli alberi monumentali che volete visitare!<\/p>\n\n\n\n<p>E se volete vivere davvero l\u2019Italia pi\u00f9 autentica, <strong><a href=\"https:\/\/www.agricamper.com\/it\/prodotto\/agricamper-italia-guida-digitale-delle-aree-di-sosta\/\" title=\"\">acquistate l\u2019adesione<\/a><\/strong>: con Agricamper potete sostare gratuitamente per 24 ore in centinaia di aziende agricole selezionate in tutta la penisola.<\/p>\n\n\n\n<p>Il vostro prossimo viaggio in camper vi aspetta!<\/p>\n","protected":false},"excerpt":{"rendered":"<p>Il 21 novembre si \u00e8 celebrata la giornata mondiale degli alberi, un momento perfetto per ricordarci quanto sia importante custodire il paesaggio che amiamo attraversare durante i nostri viaggi in camper o campervan. Ma \u00e8 anche il pretesto ideale per programmare una nuova sosta nella natura, magari proprio vicino a uno di questi straordinari monumenti [&hellip;]<\/p>\n","protected":false},"author":1,"featured_media":4688,"comment_status":"open","ping_status":"open","sticky":false,"template":"","format":"standard","meta":{"_acf_changed":false,"_breakdance_hide_in_design_set":false,"_breakdance_tags":"","footnotes":""},"categories":[617,741],"tags":[310,641,679],"class_list":["post-4687","post","type-post","status-publish","format-standard","has-post-thumbnail","hentry","category-viaggio-in-camper-e-caravan","category-viaggio-camper-caravan-italia","tag-attivita-nella-natura","tag-viaggiare-in-famiglia","tag-viaggio-in-camper-e-roulotte"],"acf":[],"_links":{"self":[{"href":"https:\/\/www.agricamper.com\/it\/wp-json\/wp\/v2\/posts\/4687","targetHints":{"allow":["GET"]}}],"collection":[{"href":"https:\/\/www.agricamper.com\/it\/wp-json\/wp\/v2\/posts"}],"about":[{"href":"https:\/\/www.agricamper.com\/it\/wp-json\/wp\/v2\/types\/post"}],"author":[{"embeddable":true,"href":"https:\/\/www.agricamper.com\/it\/wp-json\/wp\/v2\/users\/1"}],"replies":[{"embeddable":true,"href":"https:\/\/www.agricamper.com\/it\/wp-json\/wp\/v2\/comments?post=4687"}],"version-history":[{"count":1,"href":"https:\/\/www.agricamper.com\/it\/wp-json\/wp\/v2\/posts\/4687\/revisions"}],"predecessor-version":[{"id":4689,"href":"https:\/\/www.agricamper.com\/it\/wp-json\/wp\/v2\/posts\/4687\/revisions\/4689"}],"wp:featuredmedia":[{"embeddable":true,"href":"https:\/\/www.agricamper.com\/it\/wp-json\/wp\/v2\/media\/4688"}],"wp:attachment":[{"href":"https:\/\/www.agricamper.com\/it\/wp-json\/wp\/v2\/media?parent=4687"}],"wp:term":[{"taxonomy":"category","embeddable":true,"href":"https:\/\/www.agricamper.com\/it\/wp-json\/wp\/v2\/categories?post=4687"},{"taxonomy":"post_tag","embeddable":true,"href":"https:\/\/www.agricamper.com\/it\/wp-json\/wp\/v2\/tags?post=4687"}],"curies":[{"name":"wp","href":"https:\/\/api.w.org\/{rel}","templated":true}]}}