{"id":4217,"date":"2025-02-03T07:00:00","date_gmt":"2025-02-03T07:00:00","guid":{"rendered":"https:\/\/www.agricamper.com\/scoprite-la-magia-del-carnevale-italiano-a-bordo-del-vostro-caper-e-roulotte\/"},"modified":"2026-04-09T14:02:43","modified_gmt":"2026-04-09T14:02:43","slug":"scoprite-la-magia-del-carnevale-italiano-a-bordo-del-vostro-caper-e-roulotte","status":"publish","type":"post","link":"https:\/\/www.agricamper.com\/it\/get-inspired\/scoprite-la-magia-del-carnevale-italiano-a-bordo-del-vostro-caper-e-roulotte\/","title":{"rendered":"La magia del Carnevale italiano a bordo del vostro camper o roulotte"},"content":{"rendered":"\n<p>Amanti del viaggio e dell&#8217;avventura, il Carnevale \u00e8 alle porte e non c&#8217;\u00e8 modo migliore di scoprire le celebrazioni pi\u00f9 spettacolari d&#8217;Italia che a bordo del vostro camper o roulotte. Con Agricamper, potrete sperimentare soste gratuite nella natura, immergendovi completamente nelle festivit\u00e0 locali senza pensieri. E non dimenticate di <a href=\"https:\/\/www.agricamper.com\/knowledge-base\/dove-scaricare-lapp-agricamper\/\">scaricare la nostra app<\/a> e utilizzare la versione demo gratuita per scoprire tutti i punti sosta!<\/p>\n\n\n\n<!--more Continua a leggere-->\n\n\n\n<h3 class=\"wp-block-heading\">Esplorate i Carnevali d&#8217;Italia<\/h3>\n\n\n\n<p>Pronti a partire? Qui vi proponiamo una panoramica dei carnevali pi\u00f9 iconici che animano l&#8217;Italia da nord a sud, ognuno con le sue tradizioni uniche e spettacolari. Scoprite dove e quando unirvi alla festa per un&#8217;esperienza indimenticabile!<\/p>\n\n\n\n<h3 class=\"wp-block-heading\">Venezia: maschere e mistero sulle rive del Canal Grande<\/h3>\n\n\n\n<h4 class=\"wp-block-heading\">Dal 14 febbraio al 4 marzo<\/h4>\n\n\n\n<p>Il <a href=\"https:\/\/carnevale.venezia.it\/\" target=\"_blank\" rel=\"noopener\" title=\"\">Carnevale di Venezia<\/a>, celebre in tutto il mondo, trasforma ogni anno la citt\u00e0 in un teatro a cielo aperto. Le sue origini risalgono al Medioevo, quando le maschere permettevano ai veneziani di annullare le differenze sociali e concedersi giorni di libert\u00e0 assoluta. Ancora oggi, questa festa conserva il suo spirito originale, immergendo visitatori e cittadini in un\u2019atmosfera unica e senza tempo.<\/p>\n\n\n\n<p>Uno dei momenti pi\u00f9 suggestivi del Carnevale \u00e8 senza dubbio il <a href=\"https:\/\/live.comune.venezia.it\/it\/2019\/02\/il-volo-dell-angelo\" target=\"_blank\" rel=\"noopener\" title=\"\">Volo dell\u2019Angelo<\/a>, evento che segna ufficialmente l\u2019inizio delle celebrazioni in Piazza San Marco. Una giovane donna, scelta ogni anno per impersonare l\u2019Angelo, scende dal Campanile legata a un\u2019imbragatura, sorvolando la folla con grazia ed emozione. Passeggiando tra le calli e i campielli, vi ritroverete immersi in un\u2019epoca lontana, in cui i palazzi gotici e rinascimentali sembrano custodire segreti e intrighi di antichi nobili e mercanti. <\/p>\n\n\n\n<p>E dopo una giornata di esplorazione e festeggiamenti, il vostro camper vi aspetta in una delle nostre soste, situate a breve distanza dalla citt\u00e0 ma immersi nella tranquillit\u00e0 della campagna veneta. <\/p>\n\n\n\n<h3 class=\"wp-block-heading\">Viareggio: il Carnevale che danza con i giganti<\/h3>\n\n\n\n<h4 class=\"wp-block-heading\">Dall&#8217; 8 febbraio al 4 marzo<\/h4>\n\n\n\n<p>A Viareggio, il Carnevale raggiunge il suo apice con i suoi maestosi carri allegorici, vere opere d\u2019arte in movimento che trasformano le strade della citt\u00e0 in un teatro a cielo aperto. Questi giganti di cartapesta sono il risultato di un lavoro meticoloso che dura mesi, frutto della maestria di abili artigiani, scenografi e artisti locali che tramandano da generazioni l&#8217;antica tradizione della lavorazione della cartapesta. <\/p>\n\n\n\n<p>Ogni anno, il <a href=\"https:\/\/viareggio.ilcarnevale.com\/\" target=\"_blank\" rel=\"noopener\" title=\"\">Carnevale di Viareggio<\/a> si fa portavoce di un\u2019irriverente<strong> <\/strong>satira politica e sociale, un tratto distintivo della manifestazione. Le sfilate diventano cos\u00ec una colorata rappresentazione della realt\u00e0 contemporanea, dove i grandi leader mondiali, i personaggi del mondo dello spettacolo e i temi di attualit\u00e0 vengono raccontati con ironia, esagerazione e una buona dose di sarcasmo. <\/p>\n\n\n\n<p>Ogni carro, alto fino a 20 metri, avanza lungo la Passeggiata a Mare di Viareggio, accompagnato da luci, musica e coriandoli che creano un\u2019atmosfera magica e coinvolgente.<\/p>\n\n\n\n<h3 class=\"wp-block-heading\">Ivrea: un tuffo nella storia con una battaglia agrumata<\/h3>\n\n\n\n<h4 class=\"wp-block-heading\">Dall&#8217; 1 al 5 marzo<\/h4>\n\n\n\n<p>A Ivrea, il <a href=\"https:\/\/www.storicocarnevaleivrea.it\/it\/home\/\" target=\"_blank\" rel=\"noopener\" title=\"\">Carnevale <\/a>si distingue per un evento che non ha eguali in Italia: la <a href=\"https:\/\/www.storicocarnevaleivrea.it\/it\/press\/schede-di-approfondimento\/la-battaglie-delle-arance\/\" target=\"_blank\" rel=\"noopener\" title=\"\">Battaglia delle Arance<\/a>. Questa tradizione unica nel suo genere non \u00e8 solo un&#8217;attrazione spettacolare, ma anche un simbolo profondo di libert\u00e0 e ribellione. <\/p>\n\n\n\n<p>La battaglia commemora le insurrezioni medievali degli Ivreesi contro la tirannia, trasformando le arance in munizioni simboliche che i partecipanti si lanciano gli uni contro gli altri in una drammatizzazione vivace e colorata. Prendere parte a questo evento significa immergersi nella storia e nelle tradizioni di Ivrea, vivendo in prima persona un rito che rievoca il passato rivoluzionario della citt\u00e0.<\/p>\n\n\n\n<p>Dopo una giornata cos\u00ec intensa, ritrovare la pace diventa prioritario. Sostate con il vostro camper o roulotte in una delle nostre aziende agricole nelle vicinanze per un ritiro nella serenit\u00e0 della natura.<\/p>\n\n\n\n<h3 class=\"wp-block-heading\">Fano: il Carnevale della musica e del getto di dolci<\/h3>\n\n\n\n<h4 class=\"wp-block-heading\">Dal 16 al 23 febbraio e il 2 marzo<\/h4>\n\n\n\n<p>Il <a href=\"https:\/\/www.carnevaledifano.com\/\" target=\"_blank\" rel=\"noopener\" title=\"\">Carnevale di Fano<\/a> si distingue nel panorama italiano per la sua atmosfera vivace, che lo rende l&#8217;evento perfetto per le famiglie. Questa festa \u00e8 famosa per il suo <a href=\"https:\/\/www.carnevaledifano.com\/il-getto-dei-dolciumi\/\" target=\"_blank\" rel=\"noopener\" title=\"\">&#8220;getto&#8221; di dolci<\/a>, un momento molto atteso in cui tonnellate di caramelle e cioccolatini vengono lanciati dai carri allegorici alla folla entusiasta. Questa tradizione unica non solo delizia i pi\u00f9 piccoli ma riporta anche gli adulti a piacevoli ricordi d&#8217;infanzia, creando un&#8217;atmosfera di festa che unisce generazioni.<\/p>\n\n\n\n<p>Mentre le strade si animano con le sfilate dei carri, l&#8217;aria si riempie delle melodie trascinanti delle bande musicali locali, che guidano il corteo con ritmi vivaci e coinvolgenti.<\/p>\n\n\n\n<p>Dopo una giornata di festeggiamenti e divertimenti, trovare un angolo di tranquillit\u00e0 diventa essenziale, e il vostro camper offre proprio questo. Parcheggiato in una delle nostre soste, vi troverete immersi nella pace della campagna, dove potrete rilassarvi e riflettere sulle emozioni della giornata. <\/p>\n\n\n\n<h3 class=\"wp-block-heading\">Putignano: il Carnevale pi\u00f9 lungo<\/h3>\n\n\n\n<h3 class=\"wp-block-heading\">Dal 26 dicembre 2024 al 4 marzo 2025<\/h3>\n\n\n\n<p>Il <a href=\"https:\/\/www.carnevalediputignano.it\/\" target=\"_blank\" rel=\"noopener\" title=\"\">Carnevale di Putignano<\/a> si distingue per essere uno dei pi\u00f9 antichi e lunghi d&#8217;Italia, con festeggiamenti che si protraggono per diverse settimane, trasformando la citt\u00e0 in un grande teatro a cielo aperto. La festa prende vita con sfilate spettacolari, in cui l\u2019arte della cartapesta si fonde con la tradizione e la satira, dando vita a carri allegorici imponenti e ironici che raccontano, con creativit\u00e0 e pungente umorismo, temi di attualit\u00e0 e cultura popolare.<\/p>\n\n\n\n<p>Questo Carnevale \u00e8 un&#8217;esplosione di colori, musica e folklore, che coinvolge l\u2019intera comunit\u00e0 in un\u2019atmosfera travolgente. Maschere storiche, eventi culturali e riti antichi si mescolano a momenti di festa collettiva, rendendo ogni giornata un\u2019esperienza unica.<\/p>\n\n\n\n<p>Al termine di una giornata ricca di colori e emozioni, il comfort della vostra roulotte vi attende in una delle nostre aziende agricole selezionate, situati nelle vicinanze. Qui, circondati dalla serenit\u00e0 del paesaggio rurale pugliese, potrete riposarvi e rilassarvi, ricaricandovi per le avventure del giorno seguente.<\/p>\n\n\n\n<h3 class=\"wp-block-heading\">Acireale: il Carnevale dei fiori<\/h3>\n\n\n\n<h4 class=\"wp-block-heading\">Dal 15 febbraio al 4 marzo<\/h4>\n\n\n\n<p>In Sicilia, il <a href=\"https:\/\/www.carnevaleacireale.eu\/it\" target=\"_blank\" rel=\"noopener\" title=\"\">Carnevale di Acireale<\/a> \u00e8 un evento che incarna perfettamente l\u2019anima festosa dell\u2019isola, unendo arte, tradizione e spettacolo in un\u2019esplosione di colori e creativit\u00e0. Riconosciuto come uno dei pi\u00f9 affascinanti d\u2019Italia, questo Carnevale si distingue per i suoi spettacolari carri infiorati, vere e proprie opere d\u2019arte in movimento che trasformano le strade della citt\u00e0 in un museo a cielo aperto. Ogni carro \u00e8 il frutto di un lavoro artigianale meticoloso, con migliaia di fiori freschi accuratamente disposti per creare immagini dettagliate e suggestive, capaci di raccontare mitologia, storia e folklore siciliano con una bellezza che lascia senza fiato.<\/p>\n\n\n\n<p>La combinazione tra i carri allegorici in cartapesta, espressione della satira pungente e ironica tipica del Carnevale italiano, e i carri infiorati, emblema di eleganza e raffinatezza, crea un contrasto suggestivo che rende il Carnevale di Acireale un evento davvero unico nel suo genere.<\/p>\n\n\n\n<p>Passeggiare tra le vie storiche della citt\u00e0 durante il Carnevale significa respirare il profumo dei fiori, lasciarsi trasportare dal ritmo incalzante delle bande musicali e ammirare lo splendido scenario barocco che fa da sfondo alla festa.<\/p>\n\n\n\n<h3 class=\"wp-block-heading\">Dolci del Carnevale: un tour goloso delle tradizioni Italiane<\/h3>\n\n\n\n<p>Il Carnevale in Italia \u00e8 una festa non solo di maschere e colori ma anche di sapori, in particolare quelli dei dolci tradizionali che arricchiscono le tavole in questo periodo festivo. Le ricette variano da regione a regione, ma ci\u00f2 che hanno in comune \u00e8 la capacit\u00e0 di portare gioia e dolcezza nelle fredde giornate invernali.<\/p>\n\n\n\n<p>Tra i classici amati in tutta Italia ci sono le frittelle, preparate in molteplici varianti locali. Che siano farcite con crema, marmellata, o semplicemente cospargere di zucchero a velo, queste delizie fritte sono un simbolo universale del Carnevale italiano. Un dolce particolarmente amato in Sicilia durante il Carnevale \u00e8 la pignolata, composta da piccole palline di pasta fritta, immerse nel miele e talvolta decorate con zuccherini colorati o cioccolato, un vero e proprio trionfo di sapori e consistenze. Non meno importanti sono le chiacchiere, note in alcune regioni come frappe o bugie, sottili strisce di pasta dolce fritte e spolverate di zucchero, croccanti e leggere, perfette per uno snack durante le sfilate di carri allegorici. In molte regioni italiane, un altro dolce tipico di questo periodo sono le castagnole, morbide palline di pasta dolce fritte, spesso arricchite con aromi come limone o vaniglia e poi rotolate nello zucchero.<\/p>\n\n\n\n<p>In ogni angolo d&#8217;Italia, i dolci di Carnevale portano con s\u00e9 antiche tradizioni e sono un modo delizioso per connettersi con la cultura locale durante le festivit\u00e0. Assicuratevi quindi di lasciare spazio a queste prelibatezze, che sono tanto parte della festa quanto le parate e le maschere.<\/p>\n\n\n\n<h3 class=\"wp-block-heading\">Conclusione<\/h3>\n\n\n\n<p>Il Carnevale in Italia \u00e8  un viaggio tra tradizioni, colori vivaci, musica travolgente e sapori irresistibili. E quale modo migliore per viverlo se non con la libert\u00e0 e il comfort del vostro camper o roulotte? <\/p>\n\n\n\n<p>Con Agricamper, potete esplorare i Carnevali pi\u00f9 spettacolari d\u2019Italia e godervi soste gratuite nelle migliori aziende agricole, immersi nella natura e nell\u2019autenticit\u00e0 del territorio. <a href=\"https:\/\/www.agricamper.com\/knowledge-base\/dove-scaricare-lapp-agricamper\/\">Scaricate subito l\u2019app<\/a>, <a href=\"https:\/\/www.agricamper.com\/it\/prodotto\/agricamper-italia-guida-digitale-delle-aree-di-sosta\/\">acquistate l&#8217;adesione<\/a> ad Agricamper e partite alla scoperta delle tradizioni pi\u00f9 affascinanti d\u2019Italia. <\/p>\n\n\n\n<p>Il Carnevale \u00e8 alle porte: siete pronti a viverlo da veri viaggiatori?<\/p>\n","protected":false},"excerpt":{"rendered":"<p>Amanti del viaggio e dell&#8217;avventura, il Carnevale \u00e8 alle porte e non c&#8217;\u00e8 modo migliore di scoprire le celebrazioni pi\u00f9 spettacolari d&#8217;Italia che a bordo del vostro camper o roulotte. Con Agricamper, potrete sperimentare soste gratuite nella natura, immergendovi completamente nelle festivit\u00e0 locali senza pensieri. E non dimenticate di scaricare la nostra app e utilizzare [&hellip;]<\/p>\n","protected":false},"author":1,"featured_media":4218,"comment_status":"open","ping_status":"open","sticky":false,"template":"","format":"standard","meta":{"_acf_changed":false,"_breakdance_hide_in_design_set":false,"_breakdance_tags":"","footnotes":""},"categories":[617,741],"tags":[309,647,676,720,622,682,641,679],"class_list":["post-4217","post","type-post","status-publish","format-standard","has-post-thumbnail","hentry","category-viaggio-in-camper-e-caravan","category-viaggio-camper-caravan-italia","tag-attivita-culturali","tag-carnevale","tag-centro-italia","tag-nord-italia","tag-piatti-tipici","tag-sud-italia","tag-viaggiare-in-famiglia","tag-viaggio-in-camper-e-roulotte"],"acf":[],"_links":{"self":[{"href":"https:\/\/www.agricamper.com\/it\/wp-json\/wp\/v2\/posts\/4217","targetHints":{"allow":["GET"]}}],"collection":[{"href":"https:\/\/www.agricamper.com\/it\/wp-json\/wp\/v2\/posts"}],"about":[{"href":"https:\/\/www.agricamper.com\/it\/wp-json\/wp\/v2\/types\/post"}],"author":[{"embeddable":true,"href":"https:\/\/www.agricamper.com\/it\/wp-json\/wp\/v2\/users\/1"}],"replies":[{"embeddable":true,"href":"https:\/\/www.agricamper.com\/it\/wp-json\/wp\/v2\/comments?post=4217"}],"version-history":[{"count":1,"href":"https:\/\/www.agricamper.com\/it\/wp-json\/wp\/v2\/posts\/4217\/revisions"}],"predecessor-version":[{"id":4219,"href":"https:\/\/www.agricamper.com\/it\/wp-json\/wp\/v2\/posts\/4217\/revisions\/4219"}],"wp:featuredmedia":[{"embeddable":true,"href":"https:\/\/www.agricamper.com\/it\/wp-json\/wp\/v2\/media\/4218"}],"wp:attachment":[{"href":"https:\/\/www.agricamper.com\/it\/wp-json\/wp\/v2\/media?parent=4217"}],"wp:term":[{"taxonomy":"category","embeddable":true,"href":"https:\/\/www.agricamper.com\/it\/wp-json\/wp\/v2\/categories?post=4217"},{"taxonomy":"post_tag","embeddable":true,"href":"https:\/\/www.agricamper.com\/it\/wp-json\/wp\/v2\/tags?post=4217"}],"curies":[{"name":"wp","href":"https:\/\/api.w.org\/{rel}","templated":true}]}}