{"id":4008,"date":"2024-09-23T06:00:00","date_gmt":"2024-09-23T06:00:00","guid":{"rendered":"https:\/\/www.agricamper.com\/le-mete-autunnali-piu-belle-in-italia-un-viaggio-tra-foliage-borghi-e-sapori-a-bordo-del-tuo-camper\/"},"modified":"2026-04-09T14:00:34","modified_gmt":"2026-04-09T14:00:34","slug":"le-mete-autunnali-piu-belle-in-italia-un-viaggio-tra-foliage-borghi-e-sapori-a-bordo-del-tuo-camper","status":"publish","type":"post","link":"https:\/\/www.agricamper.com\/it\/get-inspired\/le-mete-autunnali-piu-belle-in-italia-un-viaggio-tra-foliage-borghi-e-sapori-a-bordo-del-tuo-camper\/","title":{"rendered":"Le mete autunnali pi\u00f9 belle in Italia: un viaggio tra foliage, borghi e sapori a bordo del tuo camper"},"content":{"rendered":"\n<p>L\u2019autunno in Italia \u00e8 una stagione incantevole per chi ama viaggiare in camper, roulotte o caravan. Le giornate si fanno pi\u00f9 fresche, i paesaggi si tingono di colori caldi e vibranti, e i luoghi turistici si svuotano, lasciando spazio a un turismo pi\u00f9 tranquillo e rilassante. In questo articolo esploreremo le migliori mete autunnali italiane, tra foliage, borghi storici, percorsi di trekking e citt\u00e0 d&#8217;arte. E non dimentichiamo i sapori dell&#8217;autunno! <a href=\"https:\/\/www.agricamper.com\/knowledge-base\/dove-scaricare-lapp-agricamper\/\">Scaricate la nostra app<\/a> e utilizzate la versione demo gratuita per esplorare la mappa delle aziende agricole dove potrete sostare e vivere esperienze uniche a contatto con la natura.<\/p>\n\n\n\n<p>Pronti a partire? Scopriamo insieme le destinazioni imperdibili per un viaggio autunnale indimenticabile a bordo del vostro camper! <\/p>\n\n\n\n<!--more Continua a leggere-->\n\n\n\n<hr class=\"wp-block-separator has-alpha-channel-opacity\"\/>\n\n\n\n<h3 class=\"wp-block-heading\">Foliage d\u2019autunno: colori e paesaggi da cartolina<\/h3>\n\n\n\n<p>Quando si parla di foliage, l\u2019Italia offre alcune delle viste pi\u00f9 spettacolari d\u2019Europa. Le foglie si tingono di rosso, arancione e giallo, trasformando i paesaggi in quadri viventi.<\/p>\n\n\n\n<h4 class=\"wp-block-heading\">Val d&#8217;Orcia (Toscana)<\/h4>\n\n\n\n<p>La <a href=\"https:\/\/visitvaldorcia.it\/\" target=\"_blank\" rel=\"noopener\" title=\"\">Val d&#8217;Orcia<\/a> \u00e8 uno dei luoghi pi\u00f9 iconici e pittoreschi della Toscana, celebre per i suoi paesaggi mozzafiato che sembrano usciti da un dipinto. Questa valle, patrimonio dell&#8217;umanit\u00e0 dell&#8217;UNESCO, \u00e8 caratterizzata da dolci colline, vigneti rigogliosi e cipressi che si stagliano contro un cielo azzurro, creando uno scenario idilliaco, soprattutto in autunno, quando i colori della natura si tingono di calde sfumature dorate e rossastre. In questa stagione, i campi di grano e i vigneti assumono tonalit\u00e0 uniche, offrendo spettacolari panorami da ammirare mentre si percorrono le strade sterrate e i sentieri che si snodano tra le colline. <\/p>\n\n\n\n<h4 class=\"wp-block-heading\">Val di Non (Trentino-Alto Adige)<\/h4>\n\n\n\n<p>La <a href=\"https:\/\/www.visitvaldinon.it\/it\" target=\"_blank\" rel=\"noopener\" title=\"\">Val di Non<\/a> \u00e8 una vera e propria oasi di bellezza nel cuore del Trentino-Alto Adige, famosa soprattutto per la sua straordinaria produzione di mele. In autunno, la valle si trasforma in un quadro incantevole, con i frutteti che si tingono di sfumature calde e vibranti, creando un\u2019atmosfera magica. Qui, potrete passeggiare tra i meleti, godendo del profumo delle mele mature e della freschezza dell\u2019aria autunnale. Non dimenticate di fermarvi nei caratteristici paesini, dove tradizione e cultura si fondono in un accogliente abbraccio.<\/p>\n\n\n\n<h4 class=\"wp-block-heading\">Parco Nazionale della Sila (Calabria)<\/h4>\n\n\n\n<p>Il <a href=\"https:\/\/parcosila.it\/\" target=\"_blank\" rel=\"noopener\" title=\"\">Parco Nazionale della Sila<\/a> \u00e8 una delle meraviglie naturali della Calabria, un vero e proprio paradiso per gli amanti della natura. Con i suoi vasti boschi di faggi, abeti e pini, offre paesaggi incredibili, particolarmente suggestivi durante l&#8217;autunno, quando le foglie si tingono di calde sfumature di rosso e oro. Non dimenticate di visitare il Lago di Cecita, dove potrete fare pic-nic e godervi la tranquillit\u00e0 dell&#8217;ambiente circostante. Godetevi una giornata di relax immersi nella bellezza selvaggia della Calabria.<\/p>\n\n\n\n<hr class=\"wp-block-separator has-alpha-channel-opacity\"\/>\n\n\n\n<h3 class=\"wp-block-heading\">Borghi incantati: storia e fascino senza tempo<\/h3>\n\n\n\n<p>L\u2019Italia \u00e8 famosa per i suoi borghi medievali, e l\u2019autunno \u00e8 la stagione perfetta per esplorarli senza l\u2019assalto dei turisti. Ogni borgo racconta una storia, e passeggiare tra le sue stradine vi riporter\u00e0 indietro nel tempo.<\/p>\n\n\n\n<h4 class=\"wp-block-heading\">Borghetto sul Mincio (Veneto)<\/h4>\n\n\n\n<p><a href=\"https:\/\/www.valeggio.com\/destinazioni\/borghetto-sul-mincio\/\" target=\"_blank\" rel=\"noopener\" title=\"\">Borghetto sul Mincio<\/a> \u00e8 un autentico gioiello situato nel cuore della regione del Veneto, noto per la sua bellezza senza tempo e l&#8217;atmosfera incantevole. Questo pittoresco borgo, attraversato dal fiume Mincio, \u00e8 famoso per i suoi caratteristici mulini ad acqua e i suggestivi ponti in pietra, che offrono scenari da cartolina ad ogni angolo. Potrete esplorare i sentieri che costeggiano il Mincio, godendovi la tranquillit\u00e0 di questo angolo di paradiso e osservando la fauna locale. Non dimenticate di visitare la storica <a href=\"https:\/\/www.valeggio.com\/destinazioni\/castello-scaligero\/\" target=\"_blank\" rel=\"noopener\" title=\"\">Rocca di Valeggio sul Mincio<\/a>, che offre una vista panoramica mozzafiato sulla valle circostante.<\/p>\n\n\n\n<h4 class=\"wp-block-heading\">Erice (Sicilia)<\/h4>\n\n\n\n<p>Situata su una suggestiva altura che sovrasta la valle del Belice, <a href=\"https:\/\/www.visitsicily.info\/erice\/\" target=\"_blank\" rel=\"noopener\" title=\"\">Erice<\/a> \u00e8 un borgo medievale che incanta con il suo fascino senza tempo. Raggiungibile attraverso tortuose strade panoramiche, questo incantevole paesino offre una vista mozzafiato sulla costa siciliana e sulle isole Egadi. Passeggiando per le sue stradine acciottolate, sarete trasportati indietro nel tempo, circondati da antiche mura e splendidi edifici in pietra che raccontano la storia di epoche passate. In autunno, Erice si veste di colori caldi e offre un clima mite perfetto per esplorare i suoi tesori. Non perdete l\u2019occasione di visitare il Castello di Venere, una fortezza normanna che si erge imponente e regala panorami spettacolari.<\/p>\n\n\n\n<h4 class=\"wp-block-heading\">Civita di Bagnoregio (Lazio)<\/h4>\n\n\n\n<p><a href=\"https:\/\/civitadibagnoregio.cloud\/\" target=\"_blank\" rel=\"noopener\" title=\"\">Civita di Bagnoregio<\/a>, conosciuta come &#8220;la citt\u00e0 che muore&#8221;, \u00e8 uno dei borghi pi\u00f9 affascinanti e suggestivi d&#8217;Italia, situata nella provincia di Viterbo, nel Lazio. Questo gioiello medievale si erge su una collina di tufo, accessibile solo tramite un ponte pedonale che lo collega al mondo esterno, creando un&#8217;atmosfera di isolamento e magia. In autunno, Civita si trasforma in un luogo incantevole, avvolto da una leggera nebbia che si posa sui suoi antichi edifici in pietra. Passeggiare per le stradine acciottolate di Civita \u00e8 un&#8217;esperienza che riporta indietro nel tempo, con ogni angolo che racconta storie di epoche passate. Non perdete l\u2019occasione di visitare la <a href=\"https:\/\/civitadibagnoregio.cloud\/it\/da-visitare\/a-civita\/chiesa-di-san-donato\" target=\"_blank\" rel=\"noopener\" title=\"\">Chiesa di San Donato<\/a>, che si affaccia sulla piazza principale, e il Palazzo Comunale, che custodisce preziosi reperti storici.<\/p>\n\n\n\n<hr class=\"wp-block-separator has-alpha-channel-opacity\"\/>\n\n\n\n<h3 class=\"wp-block-heading\">Trekking d\u2019autunno: panorami da scoprire a piedi<\/h3>\n\n\n\n<p>Per chi ama camminare, l\u2019autunno offre temperature ideali per il trekking, e l\u2019Italia \u00e8 ricca di percorsi spettacolari che in questa stagione diventano ancora pi\u00f9 affascinanti.<\/p>\n\n\n\n<h4 class=\"wp-block-heading\">Sentiero degli Dei (Costiera Amalfitana)<\/h4>\n\n\n\n<p>Il <a href=\"https:\/\/ilsentierodeglidei.net\/\" target=\"_blank\" rel=\"noopener\" title=\"\">Sentiero degli Dei<\/a> \u00e8 senza dubbio una delle escursioni pi\u00f9 spettacolari d\u2019Italia, situato lungo la famosa Costiera Amalfitana. Questo percorso panoramico regala ai camminatori viste mozzafiato sul mare cristallino e sulle scogliere a picco, rendendo ogni passo un&#8217;esperienza indimenticabile. Lungo il cammino, potrete ammirare paesaggi straordinari, con il profumo dei limoni e il suono delle onde che si infrangono contro le rocce, mentre il cielo si tinge di colori vivaci al tramonto. Lungo il percorso, non mancheranno punti di interesse culturale e storico, come antiche cappelle e piccole fattorie, dove potrete fermarvi per assaporare piatti tipici della tradizione locale.<\/p>\n\n\n\n<h4 class=\"wp-block-heading\">Parco Nazionale dei Monti Sibillini (Marche\/Umbria)<\/h4>\n\n\n\n<p>l <a href=\"https:\/\/www.sibillini.net\/\" target=\"_blank\" rel=\"noopener\" title=\"\">Parco Nazionale dei Monti Sibillini<\/a>, situato al confine tra Marche e Umbria, \u00e8 un vero tesoro naturale che offre un&#8217;esperienza unica per gli amanti della montagna e della natura. Questo parco, famoso per la sua biodiversit\u00e0 e i paesaggi spettacolari, \u00e8 particolarmente incantevole in autunno, quando le foglie degli alberi si tingono di calde sfumature di rosso, arancione e giallo, creando scenari da cartolina. Le opportunit\u00e0 di trekking qui sono infinite, con sentieri che si snodano tra cime maestose, boschi fitti e pascoli verdissimi. Oltre al trekking, il parco \u00e8 ricco di storia e cultura. Durante la vostra visita, non perdete l&#8217;occasione di esplorare alcuni dei caratteristici borghi che punteggiano il territorio, come Castelluccio di Norcia e Norcia.<\/p>\n\n\n\n<h4 class=\"wp-block-heading\">Parco delle Dolomiti Friulane (Friuli Venezia Giulia)<\/h4>\n\n\n\n<p>Il <a href=\"https:\/\/www.parcodolomitifriulane.it\/?\" target=\"_blank\" rel=\"noopener\" title=\"\">Parco delle Dolomiti Friulane<\/a> \u00e8 un vero e proprio gioiello naturale situato nel cuore del Friuli Venezia Giulia, un&#8217;area di straordinaria bellezza caratterizzata da vette maestose, vallate incantevoli e una flora e fauna ricca e variegata. In autunno, il parco si trasforma in un palcoscenico di colori vibranti offrendo un&#8217;esperienza visiva incredibile. Questo parco \u00e8 un paradiso per gli amanti della natura e del trekking, con una rete di sentieri ben segnalati che permettono di esplorare i panorami spettacolari delle Dolomiti. Inoltre, il parco ospita una variet\u00e0 di specie animali, tra cui camosci, marmotte e aquile, che rendono le escursioni ancora pi\u00f9 affascinanti.<\/p>\n\n\n\n<hr class=\"wp-block-separator has-alpha-channel-opacity\"\/>\n\n\n\n<h3 class=\"wp-block-heading\">Citt\u00e0 d\u2019arte: un tuffo nella storia e nella cultura<\/h3>\n\n\n\n<p>L\u2019autunno \u00e8 la stagione perfetta per visitare alcune delle citt\u00e0 d\u2019arte pi\u00f9 affascinanti d\u2019Italia. Con meno turisti, avrete la possibilit\u00e0 di esplorare musei, monumenti e chiese con calma e tranquillit\u00e0.<\/p>\n\n\n\n<h4 class=\"wp-block-heading\">Matera (Basilicata)<\/h4>\n\n\n\n<p><a href=\"https:\/\/www.basilicataturistica.it\/scopri-la-basilicata\/matera-patrimonio-mondiale-dellumanita\/\" target=\"_blank\" rel=\"noopener\" title=\"\">Matera<\/a>, con i suoi celebri &#8220;Sassi&#8221;, \u00e8 una delle citt\u00e0 pi\u00f9 antiche e affascinanti d\u2019Italia. In autunno, la citt\u00e0 assume un fascino particolare, con il calore delle sue sfumature terracotta che si fondono con i colori dorati delle foglie. La luce morbida del sole autunnale rende la visita ai Sassi ancora pi\u00f9 suggestiva, mentre il profumo delle pietre calde e l&#8217;aria frizzante creano un&#8217;atmosfera magica. Non perdete l&#8217;occasione di esplorare la <a href=\"https:\/\/www.basilicataturistica.it\/scopri-la-basilicata\/matera-patrimonio-mondiale-dellumanita\/la-cattedrale-di-matera\/\" target=\"_blank\" rel=\"noopener\" title=\"\">Cattedrale di Matera<\/a>, situata in cima alla collina, da cui si pu\u00f2 godere di una vista panoramica spettacolare sulla citt\u00e0 e sulla valle circostante.<\/p>\n\n\n\n<h4 class=\"wp-block-heading\">Ravenna (Emilia-Romagna)<\/h4>\n\n\n\n<p><a href=\"https:\/\/www.turismo.ra.it\/\" target=\"_blank\" rel=\"noopener\" title=\"\">Ravenna<\/a> \u00e8 famosa in tutto il mondo per i suoi straordinari mosaici bizantini e il suo ricco patrimonio storico. In autunno, la citt\u00e0 si veste di una luce morbida e avvolgente, rendendo le sue piazze e i suoi monumenti ancora pi\u00f9 suggestivi. Passeggiando per il centro storico, vi troverete immersi in un&#8217;atmosfera unica, con ogni angolo che racconta storie di epoche passate. Non perdere l&#8217;occasione di visitare la <a href=\"https:\/\/www.turismo.ra.it\/cultura-e-storia\/edifici-religiosi\/basilica-san-vitale\" target=\"_blank\" rel=\"noopener\" title=\"\">Basilica di San Vitale<\/a> e il <a href=\"https:\/\/www.turismo.ra.it\/cultura-e-storia\/monumenti-unesco\/mausoleo-galla-placidia\" target=\"_blank\" rel=\"noopener\" title=\"\">Mausoleo di Galla Placidia<\/a>, due dei principali tesori artistici della citt\u00e0. Oltre ai mosaici, Ravenna \u00e8 anche un centro vivace di cultura e eventi. Durante l\u2019autunno, la citt\u00e0 ospita festival e manifestazioni che celebrano la musica, la danza e il teatro.<\/p>\n\n\n\n<h4 class=\"wp-block-heading\">Gerace (Calabria)<\/h4>\n\n\n\n<p><a href=\"https:\/\/turismo.reggiocal.it\/area-metropolitana\/locride\/gerace\" target=\"_blank\" rel=\"noopener\" title=\"\">Gerace<\/a> \u00e8 un incantevole borgo medievale situato su una collina che domina la costa ionica della Calabria. Con le sue strade acciottolate e i suoi edifici in pietra, Gerace emana un fascino antico che trasporta i visitatori in un&#8217;altra epoca. In autunno, il borgo diventa ancora pi\u00f9 suggestivo, con il paesaggio circostante che si tinge di calde tonalit\u00e0 dorate e rosse, creando uno scenario da cartolina. La principale attrazione di Gerace \u00e8 il suo imponente castello normanno, che offre una vista panoramica mozzafiato sulla valle e sul mare. Altrettanto affascinante \u00e8 la <a href=\"https:\/\/turismo.reggiocal.it\/cultura\/le-chiese-e-i-monasteri\/cattedrale-di-gerace\" target=\"_blank\" rel=\"noopener\" title=\"\">Cattedrale di Gerace<\/a>, un esempio straordinario di architettura normanna con affreschi e opere d&#8217;arte che raccontano la storia della regione.<\/p>\n\n\n\n<hr class=\"wp-block-separator has-alpha-channel-opacity\"\/>\n\n\n\n<h3 class=\"wp-block-heading\">Sapori d\u2019autunno: una festa per il palato<\/h3>\n\n\n\n<p>L\u2019autunno \u00e8 una stagione ricca di sapori e tradizioni culinarie. Ogni regione italiana ha i suoi piatti tipici, preparati con i prodotti della terra.<\/p>\n\n\n\n<h4 class=\"wp-block-heading\">Zucca (Lombardia)<\/h4>\n\n\n\n<p>La zucca \u00e8 particolarmente amata per la sua versatilit\u00e0 in cucina. In Lombardia, \u00e8 frequentemente impiegata per preparare piatti tipici come il risotto alla zucca, dove il suo sapore dolce si sposa perfettamente con il formaggio e il brodo caldo, creando un piatto cremoso e avvolgente. Altre preparazioni includono i tortelli di zucca, un\u2019autentica specialit\u00e0 della tradizione mantovana, farciti con una dolce combinazione di zucca, amaretti e parmigiano.<\/p>\n\n\n\n<p>Durante l\u2019autunno, molti borghi lombardi organizzano sagre dedicate a questo ortaggio, dove \u00e8 possibile degustare piatti a base di zucca e scoprire ricette tradizionali. Questi eventi offrono anche l&#8217;opportunit\u00e0 di esplorare le tradizioni locali, con laboratori culinari e dimostrazioni di cucina che coinvolgono i visitatori in un&#8217;esperienza immersiva.<\/p>\n\n\n\n<h4 class=\"wp-block-heading\">Tartufo (Piemonte e Umbria)<\/h4>\n\n\n\n<p>Il tartufo \u00e8 senza dubbio uno dei tesori culinari pi\u00f9 pregiati e apprezzati d\u2019Italia, e le regioni del Piemonte e dell\u2019Umbria sono tra le sue terre d\u2019origine pi\u00f9 rinomate.<\/p>\n\n\n\n<p>In Piemonte, le Langhe e il Roero sono famose per i loro tartufi bianchi, considerati tra i migliori al mondo. Durante il periodo di raccolta, molti eventi e sagre celebrano questo tubero pregiato, dove \u00e8 possibile partecipare a degustazioni e scoprire le tecniche di raccolta e abbinamento con i vini locali, come il Barolo e il Barbaresco. Allo stesso modo, l\u2019Umbria non \u00e8 da meno. La zona di Norcia e i Monti Sibillini sono celebri per il tartufo nero, che arricchisce piatti tipici come la pasta alla norcina e le bruschette. <\/p>\n\n\n\n<h4 class=\"wp-block-heading\">Castagne (Sardegna)<\/h4>\n\n\n\n<p>In Sardegna, l\u2019autunno \u00e8 la stagione delle castagne, un frutto che rappresenta un vero e proprio simbolo della tradizione gastronomica isolana. Durante questo periodo, i boschi sardi si riempiono di profumi avvolgenti e i sentieri diventano luoghi di raccolta per chi ama questa prelibatezza. <\/p>\n\n\n\n<p>Le sagre delle castagne, che si tengono in vari borghi dell\u2019isola, offrono l\u2019opportunit\u00e0 di degustare piatti tipici come la zuppa di castagne, un piatto caldo e confortante perfetto per l\u2019autunno, oltre alla tradizionale torta di castagne, una delizia dolce che conquista ogni palato.<\/p>\n\n\n\n<hr class=\"wp-block-separator has-alpha-channel-opacity\"\/>\n\n\n\n<h3 class=\"wp-block-heading\">Conclusione<\/h3>\n\n\n\n<p>L&#8217;autunno \u00e8 la stagione perfetta per esplorare l&#8217;Italia in camper o caravan, immergendosi nei colori della natura, nella ricchezza culturale e nelle tradizioni enogastronomiche che il nostro Paese ha da offrire.<\/p>\n\n\n\n<p><a href=\"https:\/\/www.agricamper.com\/knowledge-base\/dove-scaricare-lapp-agricamper\/\">Scaricate la nostra app<\/a> e <a href=\"https:\/\/www.agricamper.com\/it\/prodotto\/agricamper-italia-guida-digitale-delle-aree-di-sosta\/\">acquistate l\u2019adesione ad Agricamper<\/a>: i vostri viaggi saranno pi\u00f9 comodi, con soste gratuite in splendide aziende agricole pronte ad accogliervi.<\/p>\n\n\n\n<p>Siete pronti a partire? Le incantevoli strade autunnali d&#8217;Italia vi aspettano!<\/p>\n","protected":false},"excerpt":{"rendered":"<p>L\u2019autunno in Italia \u00e8 una stagione incantevole per chi ama viaggiare in camper, roulotte o caravan. Le giornate si fanno pi\u00f9 fresche, i paesaggi si tingono di colori caldi e vibranti, e i luoghi turistici si svuotano, lasciando spazio a un turismo pi\u00f9 tranquillo e rilassante. In questo articolo esploreremo le migliori mete autunnali italiane, [&hellip;]<\/p>\n","protected":false},"author":1,"featured_media":4009,"comment_status":"open","ping_status":"open","sticky":false,"template":"","format":"standard","meta":{"_acf_changed":false,"_breakdance_hide_in_design_set":false,"_breakdance_tags":"","footnotes":""},"categories":[617,741],"tags":[309,310,673,622,729,641,679],"class_list":["post-4008","post","type-post","status-publish","format-standard","has-post-thumbnail","hentry","category-viaggio-in-camper-e-caravan","category-viaggio-camper-caravan-italia","tag-attivita-culturali","tag-attivita-nella-natura","tag-citta-darte","tag-piatti-tipici","tag-relax","tag-viaggiare-in-famiglia","tag-viaggio-in-camper-e-roulotte"],"acf":[],"_links":{"self":[{"href":"https:\/\/www.agricamper.com\/it\/wp-json\/wp\/v2\/posts\/4008","targetHints":{"allow":["GET"]}}],"collection":[{"href":"https:\/\/www.agricamper.com\/it\/wp-json\/wp\/v2\/posts"}],"about":[{"href":"https:\/\/www.agricamper.com\/it\/wp-json\/wp\/v2\/types\/post"}],"author":[{"embeddable":true,"href":"https:\/\/www.agricamper.com\/it\/wp-json\/wp\/v2\/users\/1"}],"replies":[{"embeddable":true,"href":"https:\/\/www.agricamper.com\/it\/wp-json\/wp\/v2\/comments?post=4008"}],"version-history":[{"count":1,"href":"https:\/\/www.agricamper.com\/it\/wp-json\/wp\/v2\/posts\/4008\/revisions"}],"predecessor-version":[{"id":4010,"href":"https:\/\/www.agricamper.com\/it\/wp-json\/wp\/v2\/posts\/4008\/revisions\/4010"}],"wp:featuredmedia":[{"embeddable":true,"href":"https:\/\/www.agricamper.com\/it\/wp-json\/wp\/v2\/media\/4009"}],"wp:attachment":[{"href":"https:\/\/www.agricamper.com\/it\/wp-json\/wp\/v2\/media?parent=4008"}],"wp:term":[{"taxonomy":"category","embeddable":true,"href":"https:\/\/www.agricamper.com\/it\/wp-json\/wp\/v2\/categories?post=4008"},{"taxonomy":"post_tag","embeddable":true,"href":"https:\/\/www.agricamper.com\/it\/wp-json\/wp\/v2\/tags?post=4008"}],"curies":[{"name":"wp","href":"https:\/\/api.w.org\/{rel}","templated":true}]}}