{"id":75282,"date":"2026-01-26T08:00:00","date_gmt":"2026-01-26T07:00:00","guid":{"rendered":"https:\/\/www.agricamper.com\/?p=75282"},"modified":"2026-01-26T14:07:23","modified_gmt":"2026-01-26T13:07:23","slug":"aoste-et-la-foire-de-santorso-un-voyage-hivernal-a-travers-les-traditions-et-la-nature-en-camping-car","status":"publish","type":"post","link":"https:\/\/www.agricamper.com\/fr\/aoste-et-la-foire-de-santorso-un-voyage-hivernal-a-travers-les-traditions-et-la-nature-en-camping-car\/","title":{"rendered":"Aoste et la Foire de Sant&rsquo;Orso : un voyage hivernal \u00e0 travers les traditions et la nature en camping-car"},"content":{"rendered":"\n<p>Voyager en Vall\u00e9e d\u2019Aoste en hiver, c\u2019est entrer dans un univers de montagnes grandioses, de traditions vivantes et de villages qui racontent des histoires s\u00e9culaires. Si vous vous d\u00e9placez en camping-car, fourgon am\u00e9nag\u00e9 ou caravane, Aoste est une destination id\u00e9ale pour combiner culture, nature et libert\u00e9 de mouvement.<\/p>\n\n\n\n<p>En particulier, la Foire de Sant\u2019Orso est l\u2019un des rendez-vous les plus fascinants de l\u2019ann\u00e9e, capable de transformer la ville en un immense atelier \u00e0 ciel ouvert. C\u2019est le moment parfait pour organiser une escapade \u00e0 Aoste, vivre l\u2019atmosph\u00e8re authentique de la r\u00e9gion et profiter d\u2019une halte en pleine nature, loin du rythme effr\u00e9n\u00e9 du quotidien.<\/p>\n\n\n\n<!--more Continuer la lecture de-->\n\n\n\n<h2 class=\"wp-block-heading\"><strong>La Foire de Sant\u2019Orso<\/strong><\/h2>\n\n\n\n<h3 class=\"wp-block-heading\"><strong>Un \u00e9v\u00e9nement qui raconte l\u2019\u00e2me de la Vall\u00e9e d\u2019Aoste<\/strong><\/h3>\n\n\n\n<p>La <a href=\"https:\/\/www.lovevda.it\/it\/banca-dati\/2\/artigianato-fiere-mercatini\/aosta\/fiera-di-sant-orso\/24090\" target=\"_blank\" rel=\"noreferrer noopener\">Foire de Sant\u2019Orso<\/a> a lieu chaque ann\u00e9e \u00e0 Aoste les 30 et 31 janvier et figure parmi les manifestations les plus anciennes d\u2019Europe. En parcourant les rues du centre historique, vous plongez dans une tradition ancr\u00e9e au Moyen \u00c2ge, qui rassemble encore aujourd\u2019hui des centaines d\u2019artisans vald\u00f4tains.<\/p>\n\n\n\n<p>Pendant la foire, les rues se remplissent de sculptures en bois, d\u2019objets sculpt\u00e9s, d\u2019outils agricoles, de masques, de jouets et de cr\u00e9ations qui racontent la vie en montagne. Tout na\u00eet du travail des mains, \u00e0 partir de bois comme le noyer, l\u2019\u00e9rable ou le m\u00e9l\u00e8ze, des mat\u00e9riaux intimement li\u00e9s au paysage alpin.<\/p>\n\n\n\n<h3 class=\"wp-block-heading\"><strong>Que faire pendant la foire<\/strong><\/h3>\n\n\n\n<p>En plus de fl\u00e2ner entre les \u00e9tals, vous pouvez assister \u00e0 des d\u00e9monstrations de travail du bois en direct, participer \u00e0 des moments musicaux spontan\u00e9s et d\u00e9couvrir des traditions locales comme la grolla dell\u2019amicizia, le r\u00e9cipient en bois typique utilis\u00e9 pour partager des boissons chaudes.<\/p>\n\n\n\n<p>La foire est aussi l\u2019occasion id\u00e9ale de go\u00fbter aux sp\u00e9cialit\u00e9s vald\u00f4taines, parfaites pour se r\u00e9chauffer pendant les journ\u00e9es d\u2019hiver. Des saveurs g\u00e9n\u00e9reuses, li\u00e9es \u00e0 la montagne, qui racontent l\u2019histoire de cette r\u00e9gion mieux que n\u2019importe quel guide.<\/p>\n\n\n\n<h2 class=\"wp-block-heading\"><strong>De Sant\u2019Orso \u00e0 Aoste<\/strong><\/h2>\n\n\n\n<h3 class=\"wp-block-heading\"><strong>Quand la foire devient le point de d\u00e9part pour d\u00e9couvrir la ville<\/strong><\/h3>\n\n\n\n<p>La Foire de Sant\u2019Orso n\u2019est pas seulement un \u00e9v\u00e9nement \u00e0 vivre pendant deux jours : c\u2019est aussi le moment id\u00e9al pour d\u00e9couvrir Aoste plus tranquillement. Apr\u00e8s avoir d\u00e9ambul\u00e9 entre les stands, observ\u00e9 les artisans \u00e0 l\u2019\u0153uvre et respir\u00e9 l\u2019ambiance festive, il est naturel de rester quelques jours de plus et de regarder la ville autrement.<\/p>\n\n\n\n<p><a href=\"https:\/\/www.lovevda.it\/it\/banca-dati\/3\/localita\/valle-d-aosta\/aosta\/362\" target=\"_blank\" rel=\"noreferrer noopener\">Aoste<\/a> r\u00e9v\u00e8le pendant la foire son \u00e2me la plus authentique, mais il suffit de s\u2019\u00e9loigner de quelques pas du centre historique pour r\u00e9aliser tout ce qu\u2019elle a \u00e0 offrir au-del\u00e0 de l\u2019\u00e9v\u00e9nement. Pour celles et ceux qui voyagent en camping-car, fourgon am\u00e9nag\u00e9 ou caravane, cela signifie transformer une visite \u00e0 la foire en v\u00e9ritable exp\u00e9rience de voyage, faite de culture, de nature et de haltes reposantes.<\/p>\n\n\n\n<h3 class=\"wp-block-heading\"><strong>Une ville romaine \u00e0 vivre \u00e0 votre rythme<\/strong><\/h3>\n\n\n\n<p>Apr\u00e8s l\u2019\u00e9nergie et l\u2019effervescence de la Foire de Sant\u2019Orso, Aoste invite naturellement \u00e0 ralentir. Les m\u00eames rues, pleines de voix, de parfums et de couleurs pendant la foire, redeviennent plus calmes et permettent d\u2019observer la ville avec davantage d\u2019attention. C\u2019est \u00e0 ce moment-l\u00e0 qu\u2019Aoste r\u00e9v\u00e8le son visage le plus authentique : celui d\u2019une v\u00e9ritable ville romaine nich\u00e9e entre les montagnes.<\/p>\n\n\n\n<p>En vous promenant sans h\u00e2te, vous vous rendez compte que de nombreux monuments majeurs se trouvent \u00e0 courte distance les uns des autres. L\u2019<a href=\"https:\/\/www.lovevda.it\/it\/banca-dati\/8\/architettura-romana\/aosta\/arco-di-augusto\/728\" target=\"_blank\" rel=\"noreferrer noopener\">Arc d\u2019Auguste<\/a> marque encore aujourd\u2019hui l\u2019une des entr\u00e9es symboliques de la ville, tandis que la Porta Praetoria raconte l\u2019organisation urbaine de l\u2019ancienne Augusta Praetoria. Un peu plus loin, le th\u00e9\u00e2tre romain domine le paysage avec ses murs imposants, cr\u00e9ant un contraste fascinant entre la pierre antique et les sommets enneig\u00e9s.<\/p>\n\n\n\n<p>Aoste est une ville qui se d\u00e9couvre peu \u00e0 peu, parfaite pour les voyageurs en camping-car qui aiment les itin\u00e9raires faits de petits d\u00e9placements et de haltes choisies. Apr\u00e8s la foire, elle devient l\u2019endroit id\u00e9al pour poursuivre le voyage en douceur et transformer une escapade \u00e0 Aoste en une exp\u00e9rience plus profonde et personnelle.<\/p>\n\n\n\n<h2 class=\"wp-block-heading\"><strong>De la ville \u00e0 la nature<\/strong><\/h2>\n\n\n\n<h3 class=\"wp-block-heading\"><strong>Sentiers, panoramas et haltes apr\u00e8s la foire<\/strong><\/h3>\n\n\n\n<p>Apr\u00e8s les journ\u00e9es intenses de la Foire de Sant\u2019Orso, l\u2019envie de s\u2019\u00e9loigner du centre et de retrouver le silence et les grands espaces arrive spontan\u00e9ment. Aoste est le point de d\u00e9part id\u00e9al pour cette transition : en quelques minutes, vous laissez derri\u00e8re vous les ruelles historiques et vous vous retrouvez au c\u0153ur d\u2019un paysage de montagnes, de for\u00eats et de vall\u00e9es ouvertes.<\/p>\n\n\n\n<p>Les sentiers autour de la ville permettent de poursuivre le voyage \u00e0 un rythme plus lent, parfait pour celles et ceux qui voyagent en camping-car ou en caravane. Les itin\u00e9raires le long de la Dora Baltea offrent des promenades faciles et panoramiques, id\u00e9ales m\u00eame apr\u00e8s une journ\u00e9e \u00e0 parcourir les all\u00e9es de la foire. En prenant de l\u2019altitude, les sentiers qui m\u00e8nent vers le Val de Cogne offrent de superbes vues sur le massif du Grand Paradis, avec des paysages qui changent compl\u00e8tement selon la saison.<\/p>\n\n\n\n<p>Ces balades ne demandent ni longs trajets ni planification rigide. Vous pouvez d\u00e9cider sur le moment o\u00f9 vous arr\u00eater, combien marcher et quand revenir \u00e0 votre v\u00e9hicule. C\u2019est l\u00e0 que le voyage en camping-car r\u00e9v\u00e8le tout son int\u00e9r\u00eat : la libert\u00e9 d\u2019adapter chaque journ\u00e9e \u00e0 votre \u00e9nergie, sans horaires ni obligations.<\/p>\n\n\n\n<h2 class=\"wp-block-heading\"><strong>Saveurs et traditions<\/strong><\/h2>\n\n\n\n<h3 class=\"wp-block-heading\"><strong>Le go\u00fbt de la Vall\u00e9e d\u2019Aoste, de la foire \u00e0 la table<\/strong><\/h3>\n\n\n\n<p>Les parfums que vous d\u00e9couvrez pendant la Foire de Sant\u2019Orso ne s\u2019arr\u00eatent pas avec l\u2019\u00e9v\u00e9nement. La cuisine vald\u00f4taine accompagne tout le voyage et devient un fil conducteur entre la f\u00eate et la d\u00e9couverte du territoire. Apr\u00e8s avoir go\u00fbt\u00e9 aux sp\u00e9cialit\u00e9s pendant la foire, vous pouvez prolonger ce parcours gourmand en d\u00e9couvrant les traditions locales li\u00e9es \u00e0 la vie en montagne.<\/p>\n\n\n\n<p>La soupe vald\u00f4taine, la polenta concia et la carbonade racontent la m\u00eame histoire que vous voyez sculpt\u00e9e dans le bois par les artisans : une culture faite de simplicit\u00e9, de r\u00e9sistance et d\u2019un lien profond avec la terre. Cela fait aussi partie de l\u2019exp\u00e9rience pour les voyageurs en camping-car qui choisissent des s\u00e9jours en Vall\u00e9e d\u2019Aoste plus lents et plus conscients.<\/p>\n\n\n\n<h2 class=\"wp-block-heading\"><strong>Conclusion<\/strong><\/h2>\n\n\n\n<p>Aoste et la Foire de Sant\u2019Orso forment une combinaison parfaite pour celles et ceux qui aiment voyager en camping-car et recherchent des exp\u00e9riences authentiques. Entre histoire romaine, artisanat, sentiers alpins et saveurs locales, chaque journ\u00e9e offre quelque chose de diff\u00e9rent \u00e0 d\u00e9couvrir.<\/p>\n\n\n\n<p>Gr\u00e2ce \u00e0 Agricamper, vous pouvez transformer votre voyage en une exp\u00e9rience encore plus riche, en choisissant des haltes en pleine nature, toujours dans le respect du territoire et des personnes qui y vivent.<\/p>\n\n\n\n<p><a href=\"https:\/\/www.agricamper.com\/fr\/knowledge-base-fr\/ou-telecharger-lapplication-agricamper\/\" title=\"\">T\u00e9l\u00e9chargez l\u2019app Agricamper<\/a>, explorez la carte des haltes gratuites et <a href=\"https:\/\/www.agricamper.com\/fr\/produit\/guide-aires-camping-car-campagne-italie\/\" title=\"\">achetez l\u2019adh\u00e9sion<\/a> pour acc\u00e9der \u00e0 toutes les adresses disponibles en Italie. Votre prochain voyage commence ici !<\/p>\n","protected":false},"excerpt":{"rendered":"<p>Voyager en Vall\u00e9e d\u2019Aoste en hiver, c\u2019est entrer dans un univers de montagnes grandioses, de traditions vivantes et de villages qui racontent des histoires s\u00e9culaires. Si vous vous d\u00e9placez en camping-car, fourgon am\u00e9nag\u00e9 ou caravane, Aoste est une destination id\u00e9ale pour combiner culture, nature et libert\u00e9 de mouvement. En particulier, la Foire de Sant\u2019Orso est [&hellip;]<\/p>\n","protected":false},"author":6724,"featured_media":76597,"comment_status":"closed","ping_status":"closed","sticky":false,"template":"","format":"standard","meta":{"footnotes":""},"categories":[19],"tags":[372,373,508,371,1297,507,369],"class_list":["post-75282","post","type-post","status-publish","format-standard","has-post-thumbnail","hentry","category-voyage-en-camping-car-et-caravane-en-italie","tag-activites-dans-la-nature","tag-les-activites-culturelles","tag-monuments-historiques","tag-plats-typiques","tag-villes-dart-fr","tag-voyager-en-camping-car-et-en-caravane","tag-voyager-en-famille"],"aioseo_notices":[],"_links":{"self":[{"href":"https:\/\/www.agricamper.com\/fr\/wp-json\/wp\/v2\/posts\/75282","targetHints":{"allow":["GET"]}}],"collection":[{"href":"https:\/\/www.agricamper.com\/fr\/wp-json\/wp\/v2\/posts"}],"about":[{"href":"https:\/\/www.agricamper.com\/fr\/wp-json\/wp\/v2\/types\/post"}],"author":[{"embeddable":true,"href":"https:\/\/www.agricamper.com\/fr\/wp-json\/wp\/v2\/users\/6724"}],"replies":[{"embeddable":true,"href":"https:\/\/www.agricamper.com\/fr\/wp-json\/wp\/v2\/comments?post=75282"}],"version-history":[{"count":1,"href":"https:\/\/www.agricamper.com\/fr\/wp-json\/wp\/v2\/posts\/75282\/revisions"}],"predecessor-version":[{"id":75287,"href":"https:\/\/www.agricamper.com\/fr\/wp-json\/wp\/v2\/posts\/75282\/revisions\/75287"}],"wp:featuredmedia":[{"embeddable":true,"href":"https:\/\/www.agricamper.com\/fr\/wp-json\/wp\/v2\/media\/76597"}],"wp:attachment":[{"href":"https:\/\/www.agricamper.com\/fr\/wp-json\/wp\/v2\/media?parent=75282"}],"wp:term":[{"taxonomy":"category","embeddable":true,"href":"https:\/\/www.agricamper.com\/fr\/wp-json\/wp\/v2\/categories?post=75282"},{"taxonomy":"post_tag","embeddable":true,"href":"https:\/\/www.agricamper.com\/fr\/wp-json\/wp\/v2\/tags?post=75282"}],"curies":[{"name":"wp","href":"https:\/\/api.w.org\/{rel}","templated":true}]}}