{"id":73331,"date":"2025-11-24T08:00:00","date_gmt":"2025-11-24T07:00:00","guid":{"rendered":"https:\/\/www.agricamper.com\/?p=73331"},"modified":"2025-11-24T10:00:24","modified_gmt":"2025-11-24T09:00:24","slug":"un-voyage-en-camping-car-parmi-les-anciens-gardiens-de-notre-pays","status":"publish","type":"post","link":"https:\/\/www.agricamper.com\/fr\/un-voyage-en-camping-car-parmi-les-anciens-gardiens-de-notre-pays\/","title":{"rendered":"Un voyage en camping-car parmi les anciens gardiens de notre pays"},"content":{"rendered":"\n<p>Le 21 novembre, on a c\u00e9l\u00e9br\u00e9 la Journ\u00e9e mondiale de l\u2019arbre \u2014 une occasion parfaite pour se rappeler \u00e0 quel point il est essentiel de pr\u00e9server les paysages que nous aimons traverser lors de nos voyages en camping-car ou van am\u00e9nag\u00e9. C\u2019est aussi une belle excuse pour programmer une nouvelle halte en pleine nature, peut-\u00eatre juste \u00e0 c\u00f4t\u00e9 de l\u2019un de ces extraordinaires monuments v\u00e9g\u00e9taux.<\/p>\n\n\n\n<p>Ces g\u00e9ants silencieux sont diss\u00e9min\u00e9s partout, du nord au sud, et racontent des histoires vieilles de plusieurs si\u00e8cles, parfois m\u00eame de plusieurs mill\u00e9naires. Ils nous accompagnent dans nos escapades et aventures, nous faisant d\u00e9couvrir une Italie plus verte, authentique et intimement li\u00e9e \u00e0 la nature.<\/p>\n\n\n\n<p>Partons \u00e0 la d\u00e9couverte de quelques-uns des arbres monumentaux les plus fascinants d\u2019Italie, organis\u00e9s ici en un itin\u00e9raire id\u00e9al du nord au sud \u2014 un voyage lent, profond et verdoyant, parfait pour les voyageurs en camping-car ou en caravane.<\/p>\n\n\n\n<!--more Continuer la lecture de-->\n\n\n\n<h2 class=\"wp-block-heading\"><strong>Les arbres monumentaux d\u2019Italie<\/strong><\/h2>\n\n\n\n<p>Un arbre monumental, ce n\u2019est pas seulement un \u00ab grand arbre \u00bb. C\u2019est un individu unique par son \u00e2ge, ses dimensions, sa forme, son histoire ou encore sa valeur \u00e9cologique. Souvent t\u00e9moins d\u2019\u00e9v\u00e9nements historiques, ils sont aussi parfois au c\u0153ur de l\u00e9gendes locales encore racont\u00e9es aujourd\u2019hui. Dans cette section, nous vous emmenons \u00e0 la d\u00e9couverte de certains des plus c\u00e9l\u00e8bres, avec des conseils sur les environs \u2014 id\u00e9aux pour ceux qui aiment organiser des haltes lentes et pleines de sens \u00e0 travers l\u2019Italie.<\/p>\n\n\n\n<h2 class=\"wp-block-heading\"><strong>1. Italie du Nord : l\u00e0 o\u00f9 les for\u00eats embrassent les montagnes<\/strong><\/h2>\n\n\n\n<p>L\u2019Italie du Nord est une terre privil\u00e9gi\u00e9e pour les voyageurs en camping-car, van ou caravane, en qu\u00eate de nature authentique et de paysages pr\u00e9serv\u00e9s. Ici, les arbres monumentaux ne sont pas de simples curiosit\u00e9s botaniques : ils font partie int\u00e9grante de l\u2019identit\u00e9 alpine et pr\u00e9alpine, sculptant les vall\u00e9es, gardant les sentiers et marquant les anciennes routes de passage.<\/p>\n\n\n\n<h3 class=\"wp-block-heading\"><strong>Le m\u00e9l\u00e8ze mill\u00e9naire de la Val d\u2019Ultimo (Trentin-Haut-Adige)<\/strong><\/h3>\n\n\n\n<p>Dans le silence profond de la <strong>Val d\u2019Ultimo<\/strong>, l\u2019une des vall\u00e9es les plus sauvages et intactes du Trentin-Haut-Adige, se dressent <strong><a href=\"https:\/\/www.gallorosso.it\/it\/alto-adige\/highlights\/escursione\/larici-millenari\">trois m\u00e9l\u00e8zes monumentaux<\/a><\/strong> consid\u00e9r\u00e9s parmi les plus vieux arbres d\u2019Europe. Le plus c\u00e9l\u00e8bre, souvent simplement appel\u00e9 <strong>\u201cle m\u00e9l\u00e8ze mill\u00e9naire\u201d<\/strong>, aurait plus de 2 000 ans \u2014 une long\u00e9vit\u00e9 difficile \u00e0 imaginer. Lorsque cet arbre a commenc\u00e9 \u00e0 s\u2019enraciner, l\u2019Empire romain n\u2019avait pas encore atteint son apog\u00e9e, et les populations alpines vivaient de pastoralisme et d\u2019\u00e9changes locaux.<\/p>\n\n\n\n<p>Le rencontrer en personne est une exp\u00e9rience inoubliable. Son tronc est immense, noueux, fa\u00e7onn\u00e9 par des si\u00e8cles d\u2019hivers rigoureux et de vents puissants. Son \u00e9corce, \u00e9paisse et fissur\u00e9e, raconte les saisons qui ont d\u00e9fil\u00e9 comme les pages d\u2019un vieux livre. Les branches, puissantes et inclin\u00e9es, s\u2019\u00e9l\u00e8vent lentement vers la lumi\u00e8re, comme des bras tendus dans le silence de la for\u00eat.<\/p>\n\n\n\n<h3 class=\"wp-block-heading\"><strong>Le platane des Giardini Estensi (Varese, Lombardie)<\/strong><\/h3>\n\n\n\n<p>Au c\u0153ur des \u00e9l\u00e9gants <strong><a href=\"https:\/\/www.comune.varese.it\/c012133\/zf\/index.php\/servizi-aggiuntivi\/index\/index\/idtesto\/524\" target=\"_blank\" rel=\"noreferrer noopener\">Giardini Estensi de Var\u00e8se<\/a><\/strong>, l\u2019un des plus beaux parcs historiques de Lombardie, vit un <strong>platane monumental<\/strong> qui domine le paysage depuis plus de deux si\u00e8cles. Plant\u00e9 au <strong>XVIII<sup>e<\/sup> si\u00e8cle<\/strong>, il est aujourd\u2019hui l\u2019un des symboles verts de la ville : un g\u00e9ant bienveillant qui accueille promeneurs et visiteurs sous l\u2019ampleur impressionnante de sa couronne feuillue.<\/p>\n\n\n\n<p>En \u00e9t\u00e9, son ombre g\u00e9n\u00e9reuse devient un v\u00e9ritable salon naturel, o\u00f9 l\u2019on peut s\u2019asseoir pour contempler le parc, \u00e9couter le bruissement des feuilles ou tout simplement respirer un moment de calme. En automne, ses feuilles dor\u00e9es transforment le paysage en une sc\u00e8ne presque cin\u00e9matographique, pleine de couleurs et de profondeur.<\/p>\n\n\n\n<h3 class=\"wp-block-heading\"><strong>Le c\u00e8dre de La Morra (Pi\u00e9mont)<\/strong><\/h3>\n\n\n\n<p>Sur les douces collines des Langhe, o\u00f9 les rang\u00e9es de vignes dessinent le paysage comme une broderie patiente et ancienne, se dresse l\u2019un des arbres les plus embl\u00e9matiques du Pi\u00e9mont : <strong><a href=\"https:\/\/langhe.net\/sight\/cedro-del-libano\/\" target=\"_blank\" rel=\"noreferrer noopener\">le c\u00e8dre du Liban de La Morra<\/a><\/strong>. Plant\u00e9 \u00e0 la fin du XIX<sup>e<\/sup> si\u00e8cle comme symbole d\u2019amour et d\u2019union \u2014 selon la tradition par un jeune couple amoureux \u2014 cet arbre est devenu au fil du temps un point de rep\u00e8re incontournable, visible \u00e0 des kilom\u00e8tres \u00e0 la ronde.<\/p>\n\n\n\n<p>Sa couronne est une v\u00e9ritable \u0153uvre d\u2019art naturelle : large, parfaitement sym\u00e9trique, presque une grande coupole verte qui se d\u00e9tache avec \u00e9l\u00e9gance dans le ciel. Ses branches s\u2019ouvrent avec une gr\u00e2ce rare, cr\u00e9ant une ombre vaste qui semble enlacer toute la colline. Le tronc, imposant et robuste, garde en m\u00e9moire plus d\u2019un si\u00e8cle de vent, de lumi\u00e8re, de brumes automnales et d\u2019aurores sur les vignobles.<\/p>\n\n\n\n<p>L\u2019Italie du Nord regorge d\u2019autres \u00ab g\u00e9ants \u00bb : ifs, ch\u00eanes, ormes, et m\u00eame quelques sp\u00e9cimens de ginkgo biloba plant\u00e9s dans des jardins botaniques au XVIII<sup>e<\/sup> si\u00e8cle. Si vous planifiez un voyage en Italie plac\u00e9 sous le signe de la nature, consacrer quelques arr\u00eats \u00e0 ces arbres exceptionnels en vaut vraiment la peine.<\/p>\n\n\n\n<h2 class=\"wp-block-heading\"><strong>2. Italie centrale : lumi\u00e8re douce et g\u00e9ants qui dansent avec les collines et les villages<\/strong><\/h2>\n\n\n\n<p>L\u2019Italie centrale est un \u00e9crin de collines douces, de villages m\u00e9di\u00e9vaux et de paysages agricoles fig\u00e9s dans le temps. C\u2019est aussi une terre qui abrite certains des arbres monumentaux les plus iconiques. En voyageant ici en fourgon am\u00e9nag\u00e9 ou camping-car, vous trouverez de nombreuses haltes chez des agriculteurs ou dans des agriturismi id\u00e9ales pour vous d\u00e9tendre et recharger vos batteries.<\/p>\n\n\n\n<h3 class=\"wp-block-heading\"><strong>Le ch\u00eane des Checche (Toscane)<\/strong><\/h3>\n\n\n\n<p>Au c\u0153ur de la <a href=\"https:\/\/visitvaldorcia.it\/\" target=\"_blank\" rel=\"noreferrer noopener\">Val d\u2019Orcia<\/a>, ce ch\u00eane de plus de trois cents ans est une v\u00e9ritable matriarche de la campagne toscane. Il est aussi <strong>le premier arbre en Italie<\/strong> \u00e0 avoir \u00e9t\u00e9 officiellement reconnu comme <strong>monument vert<\/strong> \u2014 un titre qui c\u00e9l\u00e8bre sa beaut\u00e9 remarquable ainsi que son importance historique et naturelle. Sa couronne est si vaste qu\u2019elle forme une sorte de \u00ab ciel vert \u00bb : un enchev\u00eatrement \u00e9l\u00e9gant de branches qui dessine un grand cercle d\u2019ombre au sol.<\/p>\n\n\n\n<p>Sa silhouette est si particuli\u00e8re et th\u00e9\u00e2trale qu\u2019elle semble tout droit sortie d\u2019un roman fantastique. D\u2019ailleurs, artistes, photographes et \u00e9crivains y trouvent depuis longtemps une source d\u2019inspiration in\u00e9puisable.<\/p>\n\n\n\n<h3 class=\"wp-block-heading\"><strong>Le ch\u00eane vert de l\u2019Ermitage des Carceri (Ombrie)<\/strong><\/h3>\n\n\n\n<p>Sur les pentes du mont Subasio, envelopp\u00e9 dans le silence mystique de <strong><a href=\"https:\/\/www.santuarioeremodellecarceri.org\/\" target=\"_blank\" rel=\"noreferrer noopener\">l\u2019Ermitage des Carceri<\/a><\/strong>, pousse un ch\u00eane vert l\u00e9gendaire. D\u2019apr\u00e8s la tradition, ce serait sous cet arbre que saint Fran\u00e7ois d\u2019Assise venait prier, en qu\u00eate de paix et de contemplation. Son feuillage dense cr\u00e9e une ombre profonde, presque spirituelle, et son tronc, marqu\u00e9 par le temps, semble raconter des r\u00e9cits de moines, d\u2019ermites et de p\u00e8lerins.<\/p>\n\n\n\n<p>Le rejoindre lors de votre voyage en camping-car, c\u2019est vivre un moment de paix v\u00e9ritable \u2014 parfait apr\u00e8s une halte au c\u0153ur des collines ombriennes.<\/p>\n\n\n\n<h3 class=\"wp-block-heading\"><strong>L\u2019if de Fonte Avellana (Marches)<\/strong><\/h3>\n\n\n\n<p>Au pied du mont Catria, dans le silence spirituel de l\u2019<strong><a href=\"https:\/\/fonteavellana.it\/\" target=\"_blank\" rel=\"noreferrer noopener\">Ermitage de Fonte Avellana<\/a><\/strong>, pousse un if ancien et imposant, qui semble garder la m\u00e9moire des lieux. Ses racines s\u2019entrelacent avec les vieilles pierres du monast\u00e8re, tandis que son tronc sombre et noueux raconte des si\u00e8cles de pri\u00e8res, de passages lents et de vies monastiques. Son feuillage dense et \u00e9l\u00e9gant cr\u00e9e une ombre fra\u00eeche, propice \u00e0 la contemplation et au recueillement.<\/p>\n\n\n\n<p>L\u2019Italie centrale abrite des arbres qui semblent dialoguer avec le paysage : chacun d\u2019eux est une invitation \u00e0 ralentir, \u00e0 respirer et \u00e0 contempler la beaut\u00e9 simple et sauvage de ces territoires.<\/p>\n\n\n\n<h2 class=\"wp-block-heading\"><strong>3. Italie du Sud : l\u00e0 o\u00f9 les arbres sentent la mer et les civilisations anciennes<\/strong><\/h2>\n\n\n\n<p>L\u2019Italie du Sud est une terre intense, lumineuse et profond\u00e9ment m\u00e9diterran\u00e9enne. Ici, les arbres monumentaux ne sont pas seulement des merveilles botaniques : ce sont de v\u00e9ritables symboles du territoire, fa\u00e7onn\u00e9s par des si\u00e8cles de vent, de soleil et d\u2019histoires. En voyageant en camping-car ou en caravane \u00e0 travers ces r\u00e9gions, vous aurez l\u2019impression que chaque arbre ancien a une histoire \u00e0 vous raconter.<\/p>\n\n\n\n<h3 class=\"wp-block-heading\"><strong>Le ch\u00eane Vallonea de Tricase (Pouilles)<\/strong><\/h3>\n\n\n\n<p>Une v\u00e9ritable raret\u00e9 botanique, puisque le Vallonea est un ch\u00eane originaire de Gr\u00e8ce et des Balkans. Celui de Tricase, \u00e9galement connu sous le nom de \u201c<strong>Ch\u00eane des 1000 ans<\/strong>\u201d, est l\u2019un des plus imposants d\u2019Europe : sa couronne est spectaculairement vaste, et son tronc si massif qu\u2019il \u00e9voque la base d\u2019une tour naturelle.<\/p>\n\n\n\n<p>Ces arbres ne sont pas de simples \u201cpoints \u00e0 visiter\u201d : ce sont des compagnons de route, des racines vivantes de la culture m\u00e9diterran\u00e9enne.<\/p>\n\n\n\n<h3 class=\"wp-block-heading\"><strong>Le pin loricato du mont Pollino (Calabre)<\/strong><\/h3>\n\n\n\n<p>Le pin loricato est l\u2019arbre embl\u00e9matique du <a href=\"https:\/\/parconazionalepollino.it\/\" target=\"_blank\" rel=\"noreferrer noopener\">Parc national du Pollino<\/a>, le plus grand parc d\u2019Italie. Certains sp\u00e9cimens, comme le c\u00e9l\u00e8bre <strong>\u201cPatriarche du Pollino\u201d<\/strong>, d\u00e9passent les 1000 ans.<br>Son \u00e9corce, semblable \u00e0 une armure m\u00e9di\u00e9vale, a donn\u00e9 son nom \u00e0 l\u2019esp\u00e8ce. Il pousse sur les cr\u00eates rocheuses, expos\u00e9 \u00e0 des vents violents, des temp\u00e9ratures extr\u00eames et des conditions hostiles o\u00f9 peu d\u2019autres arbres pourraient survivre.<\/p>\n\n\n\n<p>Pour l\u2019atteindre, il faut randonner un peu, mais le panorama \u2014 des montagnes suspendues entre ciel et mer \u2014 rend l\u2019exp\u00e9rience inoubliable.<\/p>\n\n\n\n<h3 class=\"wp-block-heading\"><strong>Le ch\u00e2taignier des cent chevaux (Sicile)<\/strong><\/h3>\n\n\n\n<p>Peut-\u00eatre l\u2019un des arbres les plus c\u00e9l\u00e8bres d\u2019Italie \u2014 et du monde. Ce ch\u00e2taignier monumental se trouve sur le versant est de l\u2019Etna et est consid\u00e9r\u00e9 comme <strong>le plus grand d\u2019Europe en circonf\u00e9rence<\/strong>. Selon la l\u00e9gende, une escorte de cent cavaliers aurait trouv\u00e9 refuge sous son immense couronne durant un orage soudain, d\u2019o\u00f9 son nom \u00e9vocateur. On estime aujourd\u2019hui son \u00e2ge \u00e0 plus de 2000 ans, voire 3000 ans.<\/p>\n\n\n\n<p>Marcher autour de son tronc multiple est une exp\u00e9rience presque irr\u00e9elle : on a l\u2019impression de se trouver dans une petite for\u00eat plut\u00f4t qu\u2019au pied d\u2019un seul arbre. C\u2019est une \u00e9tape incontournable pour ceux qui aiment allier nature, paysages volcaniques et atmosph\u00e8res l\u00e9gendaires.<\/p>\n\n\n\n<h3 class=\"wp-block-heading\"><strong>L\u2019olivier monumental \u201cSa Reina\u201d (Sardaigne)<\/strong><\/h3>\n\n\n\n<p>Dans le paysage enchanteur de Villamassargia, au sud-ouest de la Sardaigne, se trouve l\u2019un des lieux les plus remarquables d\u2019Italie : la for\u00eat d\u2019oliviers monumentaux de <a href=\"https:\/\/www.sardegnaturismo.it\/it\/esplora\/sortu-mannu\" target=\"_blank\" rel=\"noreferrer noopener\"><strong>S\u2019Ortu Mannu<\/strong><\/a>, une zone o\u00f9 plus de sept cents oliviers centenaires et mill\u00e9naires forment un paysage unique en son genre. Parmi ces g\u00e9ants, le plus c\u00e9l\u00e8bre est \u201c<strong>Sa Reina<\/strong>\u201d, <em>la reine<\/em> : un olivier monumental \u00e0 la pr\u00e9sence majestueuse, consid\u00e9r\u00e9 comme l\u2019un des plus anciens et imposants du bassin m\u00e9diterran\u00e9en.<\/p>\n\n\n\n<p>Son tronc massif \u2014 marqu\u00e9 par les nervures, les plis profonds et les cavit\u00e9s sculpt\u00e9es par le temps \u2014 raconte plus de mille ans d\u2019histoire, voire davantage. Sa couronne, large et lumineuse, projette un c\u00f4ne d\u2019ombre parfait o\u00f9 le silence semble prendre une texture sonore, se m\u00ealant au doux bruissement des feuilles argent\u00e9es.<\/p>\n\n\n\n<p>L\u2019Italie du Sud et les \u00eeles sont une invitation au calme, \u00e0 la d\u00e9couverte et \u00e0 l\u2019\u00e9merveillement \u2014 et ces arbres monumentaux en sont la plus authentique des portes d\u2019entr\u00e9e.<\/p>\n\n\n\n<h2 class=\"wp-block-heading\"><strong>Conclusion<\/strong><\/h2>\n\n\n\n<p>Les arbres monumentaux sont bien plus que de simples \u201ccuriosit\u00e9s naturelles\u201d. Ce sont des compagnons silencieux de vos voyages en camping-car ou en caravane. Ce sont des rep\u00e8res vivants, chacun avec son langage propre, qui nous rappellent la valeur inestimable des paysages que nous traversons chaque jour.<\/p>\n\n\n\n<p>Voyager lentement, faire halte dans une ferme ou un agriturismo, explorer des territoires moins connus : autant d\u2019occasions de red\u00e9couvrir la richesse de notre patrimoine naturel.<\/p>\n\n\n\n<p>Alors, la vraie question est : <strong>quel arbre irez-vous saluer en premier ?<\/strong><\/p>\n\n\n\n<p><a href=\"https:\/\/www.agricamper.com\/fr\/knowledge-base-fr\/ou-telecharger-lapplication-agricamper\/\" title=\"\"><strong>T\u00e9l\u00e9chargez d\u00e8s maintenant notre application<\/strong><\/a> et testez la <strong>version d\u00e9mo gratuite<\/strong> pour d\u00e9couvrir o\u00f9 se trouvent les \u00e9tapes les plus proches des arbres monumentaux que vous souhaitez visiter !<\/p>\n\n\n\n<p>Et si vous voulez vivre l\u2019Italie la plus authentique, <strong><a href=\"https:\/\/www.agricamper.com\/fr\/produit\/guide-aires-camping-car-campagne-italie\/\" title=\"\">adoptez l\u2019adh\u00e9sion Agricamper<\/a><\/strong> : vous pourrez stationner gratuitement pendant 24 heures dans des centaines de fermes s\u00e9lectionn\u00e9es \u00e0 travers toute la p\u00e9ninsule.<\/p>\n\n\n\n<p>Votre prochain voyage en camping-car vous attend !<\/p>\n","protected":false},"excerpt":{"rendered":"<p>Le 21 novembre, on a c\u00e9l\u00e9br\u00e9 la Journ\u00e9e mondiale de l\u2019arbre \u2014 une occasion parfaite pour se rappeler \u00e0 quel point il est essentiel de pr\u00e9server les paysages que nous aimons traverser lors de nos voyages en camping-car ou van am\u00e9nag\u00e9. C\u2019est aussi une belle excuse pour programmer une nouvelle halte en pleine nature, peut-\u00eatre [&hellip;]<\/p>\n","protected":false},"author":6724,"featured_media":73237,"comment_status":"closed","ping_status":"closed","sticky":false,"template":"","format":"standard","meta":{"footnotes":""},"categories":[19],"tags":[372,507],"class_list":["post-73331","post","type-post","status-publish","format-standard","has-post-thumbnail","hentry","category-voyage-en-camping-car-et-caravane-en-italie","tag-activites-dans-la-nature","tag-voyager-en-camping-car-et-en-caravane"],"aioseo_notices":[],"_links":{"self":[{"href":"https:\/\/www.agricamper.com\/fr\/wp-json\/wp\/v2\/posts\/73331","targetHints":{"allow":["GET"]}}],"collection":[{"href":"https:\/\/www.agricamper.com\/fr\/wp-json\/wp\/v2\/posts"}],"about":[{"href":"https:\/\/www.agricamper.com\/fr\/wp-json\/wp\/v2\/types\/post"}],"author":[{"embeddable":true,"href":"https:\/\/www.agricamper.com\/fr\/wp-json\/wp\/v2\/users\/6724"}],"replies":[{"embeddable":true,"href":"https:\/\/www.agricamper.com\/fr\/wp-json\/wp\/v2\/comments?post=73331"}],"version-history":[{"count":2,"href":"https:\/\/www.agricamper.com\/fr\/wp-json\/wp\/v2\/posts\/73331\/revisions"}],"predecessor-version":[{"id":73334,"href":"https:\/\/www.agricamper.com\/fr\/wp-json\/wp\/v2\/posts\/73331\/revisions\/73334"}],"wp:featuredmedia":[{"embeddable":true,"href":"https:\/\/www.agricamper.com\/fr\/wp-json\/wp\/v2\/media\/73237"}],"wp:attachment":[{"href":"https:\/\/www.agricamper.com\/fr\/wp-json\/wp\/v2\/media?parent=73331"}],"wp:term":[{"taxonomy":"category","embeddable":true,"href":"https:\/\/www.agricamper.com\/fr\/wp-json\/wp\/v2\/categories?post=73331"},{"taxonomy":"post_tag","embeddable":true,"href":"https:\/\/www.agricamper.com\/fr\/wp-json\/wp\/v2\/tags?post=73331"}],"curies":[{"name":"wp","href":"https:\/\/api.w.org\/{rel}","templated":true}]}}