{"id":72782,"date":"2025-10-27T08:00:00","date_gmt":"2025-10-27T07:00:00","guid":{"rendered":"https:\/\/www.agricamper.com\/?p=72782"},"modified":"2025-10-27T13:43:12","modified_gmt":"2025-10-27T12:43:12","slug":"la-citrouille-reine-de-la-table-automnale-un-voyage-en-camping-car-a-travers-les-saveurs-de-litalie","status":"publish","type":"post","link":"https:\/\/www.agricamper.com\/fr\/la-citrouille-reine-de-la-table-automnale-un-voyage-en-camping-car-a-travers-les-saveurs-de-litalie\/","title":{"rendered":"La citrouille, reine de la table automnale : un voyage en camping-car \u00e0 travers les saveurs de l&rsquo;Italie"},"content":{"rendered":"\n<p>Quand l\u2019\u00e9t\u00e9 c\u00e8de la place \u00e0 l\u2019automne, l\u2019Italie se pare de couleurs chaudes et enveloppantes. Les collines se couvrent de vignes dor\u00e9es, les villages embaument le mo\u00fbt, et dans les cuisines s\u2019allume la magie de la <strong>courge<\/strong>, la reine incontest\u00e9e de la table automnale.<\/p>\n\n\n\n<p>Pour les <strong>voyageurs en camping-car<\/strong>, en <strong>caravane ou  fourgon am\u00e9nag\u00e9<\/strong>, c\u2019est le moment id\u00e9al pour partir \u00e0 la d\u00e9couverte des <strong>\u00e9tapes les plus authentiques d\u2019Italie<\/strong>, entre plats traditionnels et savoir-faire local c\u00e9l\u00e9brant ce l\u00e9gume doux et polyvalent.<\/p>\n\n\n\n<p>Avec <strong>Agricamper<\/strong>, vous pouvez vivre tout cela en profitant d\u2019un <strong>accueil gratuit de 24 heures<\/strong> dans des <strong>exploitations agricoles<\/strong> au c\u0153ur de la nature. Et si vous souhaitez d\u00e9j\u00e0 commencer \u00e0 r\u00eaver \u00e0 votre itin\u00e9raire d\u2019automne, <a href=\"https:\/\/www.agricamper.com\/fr\/knowledge-base-fr\/ou-telecharger-lapplication-agricamper\/\" title=\"\">t\u00e9l\u00e9chargez l\u2019application<\/a> et essayez la <strong>version d\u00e9mo gratuite<\/strong>.<\/p>\n\n\n\n<p>L\u2019automne est la saison parfaite pour prendre la route et d\u00e9couvrir l\u2019Italie la plus authentique \u2014 celle qui sent le bois, le mo\u00fbt et la courge fra\u00eechement r\u00e9colt\u00e9e. Chaque r\u00e9gion a sa vari\u00e9t\u00e9 et sa propre mani\u00e8re de la cuisiner. En suivant le rythme tranquille de la campagne, vous pouvez cr\u00e9er votre propre itin\u00e9raire \u00e0 travers villages, collines et paysages dignes d\u2019un tableau.<\/p>\n\n\n\n<!--more Continuer la lecture de-->\n\n\n\n<h2 class=\"wp-block-heading\"><strong>Nord de l\u2019Italie : entre collines, lacs et parfums de montagne<\/strong><\/h2>\n\n\n\n<p>Le Nord de l\u2019Italie est un v\u00e9ritable berceau de la <strong>courge<\/strong>, c\u00e9l\u00e9br\u00e9e sous mille formes et recettes. \u00c0 <strong><a href=\"https:\/\/www.turismo.mantova.it\/\" target=\"_blank\" rel=\"noreferrer noopener\">Mantoue<\/a><\/strong>, son parfum emplit les cuisines et les places : le plat embl\u00e9matique est le <strong>tortello di zucca<\/strong>, une raviole farcie de courge, d\u2019amaretti et de mostarda, servie avec du beurre fondu et de la sauge. Le d\u00e9guster ici, c\u2019est go\u00fbter un morceau d\u2019histoire locale. Apr\u00e8s un bon repas, promenez-vous dans les ruelles de la <strong>Piazza delle Erbe<\/strong>, admirez les fresques du <strong>Palazzo Ducale<\/strong> et les tours du <strong>Ch\u00e2teau Saint-Georges<\/strong>.<\/p>\n\n\n\n<p>En continuant vers <strong><a href=\"https:\/\/www.valeggio.com\/\" target=\"_blank\" rel=\"noreferrer noopener\">Valeggio sul Mincio<\/a><\/strong>, la tradition se poursuit entre l\u00e9gendes et romantisme. Ce village f\u00e9\u00e9rique, avec son majestueux <strong>Pont Visconti<\/strong>, le hameau m\u00e9di\u00e9val de <strong>Borghetto<\/strong> et les eaux tranquilles du Mincio, est un petit joyau alliant go\u00fbt et beaut\u00e9. Ici, les c\u00e9l\u00e8bres <strong>tortellini<\/strong>, aussi appel\u00e9s \u201c<strong>n\u0153uds d\u2019amour<\/strong>\u201d, s\u2019accordent souvent avec la douceur de la courge, dans une parfaite harmonie entre cuisine et territoire.<\/p>\n\n\n\n<p>Toujours en <strong>V\u00e9n\u00e9tie<\/strong>, brille la <strong>courge de Chioggia<\/strong>, c\u00e9l\u00e8bre pour sa chair douce et farineuse. En suivant les routes reliant <strong><a href=\"https:\/\/www.turismopadova.it\/\" target=\"_blank\" rel=\"noreferrer noopener\">Padoue<\/a><\/strong>, <strong>Adria<\/strong> et <strong><a href=\"https:\/\/www.visitchioggia.com\/it\/\" target=\"_blank\" rel=\"noreferrer noopener\">Chioggia<\/a><\/strong>, vous d\u00e9couvrirez un paysage de champs et de canaux o\u00f9 la lagune se fond dans la campagne. Ici, la courge est reine dans les <strong>gnocchi, risottos et desserts d\u2019automne<\/strong>, \u00e0 savourer apr\u00e8s une balade le long des ruelles maritimes.<\/p>\n\n\n\n<p>Plus au nord, au <strong>Trentin<\/strong>, la courge rev\u00eat un esprit montagnard. Dans les refuges et trattorias de <a href=\"https:\/\/www.visitrovereto.it\/scopri\/territorio\/rovereto-citta-di-culture\/\" target=\"_blank\" rel=\"noreferrer noopener\"><strong>Rovereto<\/strong><\/a> et <strong><a href=\"https:\/\/www.visittrentino.info\/it\/trentino\/destinazioni\/trento-una-citta-da-scoprire_md_192\" target=\"_blank\" rel=\"noreferrer noopener\">Trente<\/a><\/strong>, elle est servie en soupe chaude dans des bols de pain croustillant ou en gnocchi parfum\u00e9s aux herbes. Apr\u00e8s le d\u00e9jeuner, promenez-vous le long des <strong>sentiers de la Valsugana<\/strong>, bordant le <strong>lac de Caldonazzo<\/strong> \u2014 des panoramas \u00e0 couper le souffle, parfaits pour les amateurs de <strong>voyages en camping-car<\/strong> et de nature intacte.<\/p>\n\n\n\n<h2 class=\"wp-block-heading\"><strong>Centre de l\u2019Italie : entre villages m\u00e9di\u00e9vaux et saveurs paysannes<\/strong><\/h2>\n\n\n\n<p>En <strong>Toscane<\/strong>, la courge s\u2019accorde aux ar\u00f4mes de l\u2019huile nouvelle et du vin tout juste vendang\u00e9, devenant la star de plats simples et savoureux comme le <strong>velout\u00e9 de courge aux cro\u00fbtons toscans<\/strong> ou le <strong>risotto \u00e0 la courge et au pecorino<\/strong>. La d\u00e9guster ici, au c\u0153ur des collines du <strong>Chianti<\/strong>, est une exp\u00e9rience sensorielle : la teinte ambr\u00e9e des vignes, le parfum du raisin et le vent dans les oliviers forment un d\u00e9cor parfait. Arr\u00eatez votre <strong>camping-car ou caravane<\/strong> pr\u00e8s de <strong><a href=\"https:\/\/www.visittuscany.com\/it\/citta-e-borghi\/greve-in-chianti\/\" target=\"_blank\" rel=\"noreferrer noopener\">Greve<\/a><\/strong>, <a href=\"https:\/\/www.visittuscany.com\/it\/citta-e-borghi\/panzano-in-chianti\/\" target=\"_blank\" rel=\"noreferrer noopener\"><strong>Panzano<\/strong><\/a> ou <strong><a href=\"https:\/\/www.visittuscany.com\/it\/citta-e-borghi\/castellina-in-chianti\/\" target=\"_blank\" rel=\"noreferrer noopener\">Castellina<\/a><\/strong>, puis poursuivez vers <a href=\"https:\/\/www.visittuscany.com\/it\/citta-e-borghi\/siena\/\" target=\"_blank\" rel=\"noreferrer noopener\"><strong>Sienne<\/strong><\/a> ou <strong><a href=\"https:\/\/www.visittuscany.com\/it\/citta-e-borghi\/san-gimignano\/\" target=\"_blank\" rel=\"noreferrer noopener\">San Gimignano<\/a><\/strong>, o\u00f9 les tours m\u00e9di\u00e9vales et les places pav\u00e9es racontent des si\u00e8cles d\u2019histoire.<\/p>\n\n\n\n<p>En <strong>Ombrie<\/strong>, la courge s\u2019invite dans la cuisine paysanne la plus authentique : elle enrichit <strong>les soupes rustiques<\/strong>, <strong>les omelettes<\/strong> et <strong>les accompagnements de viandes r\u00f4ties<\/strong>. Ses nuances dor\u00e9es s\u2019harmonisent avec les paysages de <strong><a href=\"https:\/\/www.umbriatourism.it\/it\/todi\" target=\"_blank\" rel=\"noreferrer noopener\">Todi<\/a><\/strong>, <a href=\"https:\/\/www.umbriatourism.it\/it\/montefalco\" target=\"_blank\" rel=\"noreferrer noopener\"><strong>Montefalco<\/strong><\/a> et <strong><a href=\"https:\/\/www.umbriatourism.it\/it\/spello\" target=\"_blank\" rel=\"noreferrer noopener\">Spello<\/a><\/strong>, o\u00f9 chaque virage offre une vue sur les oliveraies et les clochers baign\u00e9s de brume matinale.<\/p>\n\n\n\n<p>Dans les <strong>Marches<\/strong>, la douceur de la <strong>courge jaune locale<\/strong> accompagne la vie tranquille des bourgs. Dans les ruelles de <strong><a href=\"https:\/\/letsmarche.it\/-\/fermo-2\" target=\"_blank\" rel=\"noreferrer noopener\">Fermo<\/a><\/strong>, <a href=\"https:\/\/www.rivieradelconero.info\/it\/recanati-tra-poesia-e-colline\/\" target=\"_blank\" rel=\"noreferrer noopener\"><strong>Recanati<\/strong><\/a> et <strong><a href=\"https:\/\/www.vieniaurbino.it\/\" target=\"_blank\" rel=\"noreferrer noopener\">Urbino<\/a><\/strong>, entre murailles renaissantes et ateliers d\u2019artisans, vous pouvez go\u00fbter <strong>des tartes sal\u00e9es<\/strong> et <strong>des farces maison<\/strong> \u00e0 base de courge. Chaque village a son secret, chaque recette son histoire \u2014 un voyage lent, entre collines et traditions, aux parfums de four chaud et d\u2019hospitalit\u00e9 sinc\u00e8re.<\/p>\n\n\n\n<h2 class=\"wp-block-heading\"><strong>Sud de l\u2019Italie : quand la courge rencontre le soleil<\/strong><\/h2>\n\n\n\n<p>En <strong>Campanie<\/strong>, la courge devient la reine de mille recettes riches en tradition : <strong>courge et provola<\/strong>, <strong>gnocchi \u00e0 la cr\u00e8me de courge<\/strong> ou la classique <strong>courge frite napolitaine<\/strong> \u00e0 l\u2019ail, au vinaigre et \u00e0 la menthe. Chaque bouch\u00e9e raconte la chaleur et la g\u00e9n\u00e9rosit\u00e9 de cette r\u00e9gion. Apr\u00e8s le repas, d\u00e9couvrez <strong>Benevento<\/strong>, la myst\u00e9rieuse \u201cville des sorci\u00e8res\u201d, id\u00e9ale en automne avec ses <strong>l\u00e9gendes, ch\u00e2teaux et ruelles anciennes<\/strong>, ou parcourez la <strong>C\u00f4te Amalfitaine<\/strong> hors saison, quand les routes redeviennent calmes et que la mer se teinte d\u2019or.<\/p>\n\n\n\n<p>En <strong>Pouilles<\/strong>, la courge colore les march\u00e9s d\u2019automne de <strong><a href=\"https:\/\/www.viaggiareinpuglia.it\/it\/dettaglio-localita\/alberobello\" target=\"_blank\" rel=\"noreferrer noopener\">Alberobello<\/a><\/strong>, <strong>Cisternino<\/strong> et <strong><a href=\"https:\/\/www.viaggiareinpuglia.it\/it\/dettaglio-localita\/ostuni\" target=\"_blank\" rel=\"noreferrer noopener\">Ostuni<\/a><\/strong>, entre trulli et murets de pierre de la vall\u00e9e d\u2019Itria. Ici, elle accompagne la p\u00e2te fra\u00eeche, comme les <strong>orecchiette \u00e0 la cr\u00e8me de courge<\/strong>, rehauss\u00e9es d\u2019huile d\u2019olive des Pouilles et d\u2019un peu de caciocavallo r\u00e2p\u00e9. Apr\u00e8s le repas, fl\u00e2nez dans les centres historiques blanchis \u00e0 la chaux ou prenez la route du <strong>Salento<\/strong>, o\u00f9 les chemins c\u00f4tiers invitent \u00e0 voyager lentement avec votre <strong>camping-car ou caravane<\/strong>, entre oliviers centenaires et parfum de mer.<\/p>\n\n\n\n<p>En <strong>Sicile<\/strong>, la courge devient une exp\u00e9rience sensorielle. La c\u00e9l\u00e8bre <strong>courge aigre-douce<\/strong>, \u00e0 base de vinaigre et de menthe, incarne une cuisine m\u00ealant simplicit\u00e9 paysanne et influences arabes. Apr\u00e8s l\u2019avoir go\u00fbt\u00e9e, suivez la c\u00f4te avec votre camping-car, de <a href=\"https:\/\/www.visitcefalu.com\/\" target=\"_blank\" rel=\"noreferrer noopener\"><strong>Cefal\u00f9<\/strong><\/a> \u00e0 <strong><a href=\"https:\/\/www.visitsicily.info\/erice\/\" target=\"_blank\" rel=\"noreferrer noopener\">Erice<\/a><\/strong>, en passant par <strong><a href=\"https:\/\/www.visitsicily.info\/noto-il-barocco-siciliano\/\" target=\"_blank\" rel=\"noreferrer noopener\">Noto<\/a><\/strong> : villages de pierre dor\u00e9e, routes panoramiques et couchers de soleil infinis. En automne, les <strong>temples d\u2019Agrigente<\/strong> et les <strong>salines de Trapani<\/strong> se visitent dans le calme, baign\u00e9s d\u2019une lumi\u00e8re douce qui transforme chaque photo en tableau.<\/p>\n\n\n\n<p>En <strong>Sardaigne<\/strong>, la courge se marie au <strong>pane carasau<\/strong> et au <strong>pecorino<\/strong> dans les <strong>culurgiones d\u2019automne<\/strong> ou les <strong>seadas farcies<\/strong>, alliant douceur de saison et force des saveurs insulaires. Les routes c\u00f4ti\u00e8res entre <strong><a href=\"https:\/\/www.sardegnaturismo.it\/it\/luoghi\/nord-ovest\/bosa\" target=\"_blank\" rel=\"noreferrer noopener\">Bosa<\/a><\/strong>, <a href=\"https:\/\/www.sardegnaturismo.it\/it\/esplora\/oristano\" target=\"_blank\" rel=\"noreferrer noopener\"><strong>Oristano<\/strong><\/a> et <a href=\"https:\/\/www.sardegnaturismo.it\/it\/luoghi\/nord-ovest\/alghero\" target=\"_blank\" rel=\"noreferrer noopener\"><strong>Alghero<\/strong><\/a> offrent des paysages \u00e0 couper le souffle : peu de touristes, une nature intacte et un rythme de voyage lent et apaisant.<\/p>\n\n\n\n<h2 class=\"wp-block-heading\"><strong>Conclusion :<\/strong><\/h2>\n\n\n\n<p>Chaque \u00e9tape devient un petit voyage gustatif, entre <strong>haltes \u00e0 la ferme<\/strong> et rencontres avec ceux qui cultivent et transforment ce l\u00e9gume aux mille nuances. Que vous voyagiez en <strong>camping-car, caravane ou fourgon am\u00e9nag\u00e9<\/strong>, l\u2019automne vous invite \u00e0 ralentir, \u00e0 savourer les paysages et \u00e0 remplir vos placards de saveurs authentiques.<\/p>\n\n\n\n<p>Avec <strong>Agricamper<\/strong>, chaque halte devient une exp\u00e9rience : dormir entre les vignes, visiter des fermes et renouer avec la terre.<\/p>\n\n\n\n<p>\ud83d\udc49 <strong><a href=\"https:\/\/www.agricamper.com\/fr\/knowledge-base-fr\/ou-telecharger-lapplication-agricamper\/\" title=\"\">T\u00e9l\u00e9chargez l\u2019application<\/a><\/strong> et <a href=\"https:\/\/www.agricamper.com\/fr\/produit\/guide-aires-camping-car-campagne-italie\/\" title=\"\">procurez-vous votre <strong>adh\u00e9sion Agricamper<\/strong><\/a> pour vivre un automne de libert\u00e9, de go\u00fbt et d\u2019authenticit\u00e9.<\/p>\n","protected":false},"excerpt":{"rendered":"<p>Quand l\u2019\u00e9t\u00e9 c\u00e8de la place \u00e0 l\u2019automne, l\u2019Italie se pare de couleurs chaudes et enveloppantes. Les collines se couvrent de vignes dor\u00e9es, les villages embaument le mo\u00fbt, et dans les cuisines s\u2019allume la magie de la courge, la reine incontest\u00e9e de la table automnale. Pour les voyageurs en camping-car, en caravane ou fourgon am\u00e9nag\u00e9, c\u2019est [&hellip;]<\/p>\n","protected":false},"author":6724,"featured_media":72702,"comment_status":"closed","ping_status":"closed","sticky":false,"template":"","format":"standard","meta":{"footnotes":""},"categories":[19],"tags":[372,373,371,1290,507,369],"class_list":["post-72782","post","type-post","status-publish","format-standard","has-post-thumbnail","hentry","category-voyage-en-camping-car-et-caravane-en-italie","tag-activites-dans-la-nature","tag-les-activites-culturelles","tag-plats-typiques","tag-se-detendre-fr","tag-voyager-en-camping-car-et-en-caravane","tag-voyager-en-famille"],"aioseo_notices":[],"_links":{"self":[{"href":"https:\/\/www.agricamper.com\/fr\/wp-json\/wp\/v2\/posts\/72782","targetHints":{"allow":["GET"]}}],"collection":[{"href":"https:\/\/www.agricamper.com\/fr\/wp-json\/wp\/v2\/posts"}],"about":[{"href":"https:\/\/www.agricamper.com\/fr\/wp-json\/wp\/v2\/types\/post"}],"author":[{"embeddable":true,"href":"https:\/\/www.agricamper.com\/fr\/wp-json\/wp\/v2\/users\/6724"}],"replies":[{"embeddable":true,"href":"https:\/\/www.agricamper.com\/fr\/wp-json\/wp\/v2\/comments?post=72782"}],"version-history":[{"count":1,"href":"https:\/\/www.agricamper.com\/fr\/wp-json\/wp\/v2\/posts\/72782\/revisions"}],"predecessor-version":[{"id":72792,"href":"https:\/\/www.agricamper.com\/fr\/wp-json\/wp\/v2\/posts\/72782\/revisions\/72792"}],"wp:featuredmedia":[{"embeddable":true,"href":"https:\/\/www.agricamper.com\/fr\/wp-json\/wp\/v2\/media\/72702"}],"wp:attachment":[{"href":"https:\/\/www.agricamper.com\/fr\/wp-json\/wp\/v2\/media?parent=72782"}],"wp:term":[{"taxonomy":"category","embeddable":true,"href":"https:\/\/www.agricamper.com\/fr\/wp-json\/wp\/v2\/categories?post=72782"},{"taxonomy":"post_tag","embeddable":true,"href":"https:\/\/www.agricamper.com\/fr\/wp-json\/wp\/v2\/tags?post=72782"}],"curies":[{"name":"wp","href":"https:\/\/api.w.org\/{rel}","templated":true}]}}