{"id":72341,"date":"2025-10-13T08:00:00","date_gmt":"2025-10-13T06:00:00","guid":{"rendered":"https:\/\/www.agricamper.com\/?p=72341"},"modified":"2025-10-13T11:37:33","modified_gmt":"2025-10-13T09:37:33","slug":"voyage-en-camping-car-et-caravane-dans-la-vallee-daoste-nature-chateaux-et-vues-a-couper-le-souffle","status":"publish","type":"post","link":"https:\/\/www.agricamper.com\/fr\/voyage-en-camping-car-et-caravane-dans-la-vallee-daoste-nature-chateaux-et-vues-a-couper-le-souffle\/","title":{"rendered":"Voyage en camping-car et caravane dans la Vall\u00e9e d&rsquo;Aoste : nature, ch\u00e2teaux et vues \u00e0 couper le souffle"},"content":{"rendered":"\n<p>La Vall\u00e9e d\u2019Aoste est une petite r\u00e9gion accueillante, nich\u00e9e entre les plus hauts sommets d\u2019Europe : le Mont-Blanc, le Cervin, le Grand Paradis et le Mont Rose.<\/p>\n\n\n\n<p>Que vous voyagiez en <strong>camping-car<\/strong>, en <strong>fourgon am\u00e9nag\u00e9<\/strong> ou en <strong>caravane<\/strong>, vous d\u00e9couvrirez un v\u00e9ritable paradis pour les <strong>camping-caristes<\/strong> : panoramas grandioses, routes pittoresques et haltes au c\u0153ur de la nature.<\/p>\n\n\n\n<p>Pr\u00eats pour le d\u00e9part ? Attachez vos ceintures, cap sur la d\u00e9couverte de la Vall\u00e9e d\u2019Aoste en camping-car !<\/p>\n\n\n\n<!--more Continuer la lecture de-->\n\n\n\n<h3 class=\"wp-block-heading\"><strong>1. Entre montagnes et paysages spectaculaires<\/strong><\/h3>\n\n\n\n<p>En Vall\u00e9e d\u2019Aoste, la nature est la v\u00e9ritable protagoniste. Chaque vall\u00e9e raconte une histoire diff\u00e9rente, et chaque virage offre un panorama \u00e0 couper le souffle. Ici, les montagnes semblent tout proches, les torrents d\u00e9valent les for\u00eats, et les villages de pierre se fondent dans le paysage comme s\u2019ils y \u00e9taient depuis toujours.<\/p>\n\n\n\n<p>Parmi les lieux les plus embl\u00e9matiques \u00e0 explorer lors d\u2019un <strong>voyage en camping-car en Italie<\/strong>, ne manquez pas le <strong><a href=\"https:\/\/www.pngp.it\/\" target=\"_blank\" rel=\"noreferrer noopener\">Parc national du Grand Paradis<\/a><\/strong>, le plus ancien d\u2019Italie et l\u2019un des plus beaux d\u2019Europe. Ses vall\u00e9es \u2013 Cogne, Valsavarenche et Rh\u00eames \u2013 offrent des sentiers faciles et panoramiques, parfaits aussi pour les familles.<\/p>\n\n\n\n<p>Si vous aimez les grands espaces et les sommets enneig\u00e9s, ne manquez pas les deux vall\u00e9es qui entourent Courmayeur : la <strong><a href=\"https:\/\/www.lovevda.it\/it\/scoprire\/aree-turistiche\/monte-bianco\/val-ferret\" target=\"_blank\" rel=\"noreferrer noopener\">Val Ferret<\/a><\/strong> et la <strong><a href=\"https:\/\/www.lovevda.it\/it\/scoprire\/aree-turistiche\/monte-bianco\/val-veny\" target=\"_blank\" rel=\"noreferrer noopener\">Val Veny<\/a><\/strong>. Ici, la vue sur le Mont-Blanc est tout simplement spectaculaire. En montant \u00e0 bord du t\u00e9l\u00e9ph\u00e9rique Skyway jusqu\u2019\u00e0 Punta Helbronner, vous aurez l\u2019impression de toucher le ciel : devant vous, une mer de cimes blanches et de nuages l\u00e9gers.<\/p>\n\n\n\n<p>Autre halte incontournable : le <strong>lac d\u2019Arpy<\/strong>, pr\u00e8s de Morgex. Une douce randonn\u00e9e \u00e0 travers for\u00eats d\u2019\u00e9pic\u00e9as et prairies fleuries m\u00e8ne \u00e0 ce petit lac turquoise nich\u00e9 entre les montagnes. Par temps clair, le Mont Charvin s\u2019y refl\u00e8te comme dans une carte postale. C\u2019est l\u2019endroit id\u00e9al pour un pique-nique, un moment de d\u00e9tente ou une promenade au coucher du soleil.<\/p>\n\n\n\n<p>Chaque coin de la Vall\u00e9e d\u2019Aoste invite \u00e0 ralentir, respirer profond\u00e9ment et savourer la beaut\u00e9 de la nature.&nbsp;<\/p>\n\n\n\n<h3 class=\"wp-block-heading\"><strong>2. Ch\u00e2teaux et villages m\u00e9di\u00e9vaux<\/strong><\/h3>\n\n\n\n<p>Visiter la Vall\u00e9e d\u2019Aoste en camping-car ou en caravane, c\u2019est comme remonter le temps. Partout, des tours et des forteresses racontent des histoires de chevaliers, de nobles familles et de l\u00e9gendes. C\u2019est l\u2019une des r\u00e9gions d\u2019Italie qui compte la plus forte concentration de ch\u00e2teaux : plus d\u2019une centaine \u00e0 travers toute la vall\u00e9e.<\/p>\n\n\n\n<p>Le <strong><a href=\"https:\/\/www.lovevda.it\/it\/banca-dati\/8\/castelli-e-torri\/fenis\/castello-di-fenis\/979\" target=\"_blank\" rel=\"noreferrer noopener\">ch\u00e2teau de F\u00e9nis<\/a><\/strong> est sans doute le plus c\u00e9l\u00e8bre et le plus photographi\u00e9. Avec ses murailles cr\u00e9nel\u00e9es, ses tours massives et ses fresques du XVe si\u00e8cle, il incarne \u00e0 merveille l\u2019imaginaire m\u00e9di\u00e9val. Se promener dans ses couloirs, c\u2019est revivre l\u2019atmosph\u00e8re d\u2019une \u00e9poque o\u00f9 la vie quotidienne se m\u00ealait aux l\u00e9gendes.<\/p>\n\n\n\n<p>Un peu plus au sud se trouvent le <a href=\"https:\/\/www.lovevda.it\/it\/banca-dati\/8\/castelli-e-torri\/verres\/castello-di-verres\/864\" target=\"_blank\" rel=\"noreferrer noopener\"><strong>ch\u00e2teau de Verr\u00e8s<\/strong><\/a> et celui d\u2019<strong><a href=\"https:\/\/www.lovevda.it\/it\/banca-dati\/8\/castelli-e-torri\/issogne\/castello-di-issogne\/980\" target=\"_blank\" rel=\"noreferrer noopener\">Issogne<\/a><\/strong>, deux joyaux qui refl\u00e8tent deux visages du Moyen \u00c2ge vald\u00f4tain. Verr\u00e8s, aust\u00e8re et imposant, fut b\u00e2ti pour se d\u00e9fendre : ses murs \u00e9pais et son architecture sobre inspirent la force. Issogne, au contraire, s\u00e9duit par son \u00e9l\u00e9gance et ses fresques color\u00e9es repr\u00e9sentant des sc\u00e8nes de vie quotidienne.<\/p>\n\n\n\n<p>En direction d\u2019Aoste, ne manquez pas le <strong><a href=\"https:\/\/www.lovevda.it\/it\/banca-dati\/8\/castelli-e-torri\/sarre\/castello-reale-di-sarre\/1131\" target=\"_blank\" rel=\"noreferrer noopener\">ch\u00e2teau royal de Sarre<\/a><\/strong>, ancienne r\u00e9sidence des Savoie, dominant la vall\u00e9e avec \u00e9l\u00e9gance. Depuis ses fen\u00eatres, la vue est splendide, tandis qu\u2019\u00e0 l\u2019int\u00e9rieur, une collection de troph\u00e9es de chasse et de portraits raconte l\u2019histoire de la famille royale italienne.<\/p>\n\n\n\n<p>Mais les tr\u00e9sors de la Vall\u00e9e d\u2019Aoste ne se limitent pas \u00e0 ses ch\u00e2teaux : les <strong>villages<\/strong> m\u00e9ritent eux aussi une halte. <a href=\"https:\/\/www.visitcogne.it\/\" target=\"_blank\" rel=\"noreferrer noopener\"><strong>Cogne<\/strong><\/a> conserve l\u2019\u00e2me authentique d\u2019un village alpin, avec ses maisons en pierre et en bois et sa petite place qui sent le foin en \u00e9t\u00e9. <strong><a href=\"https:\/\/www.lovevda.it\/it\/banca-dati\/3\/localita\/valle-d-aosta\/etroubles\/385\" target=\"_blank\" rel=\"noreferrer noopener\">\u00c9troubles<\/a><\/strong>, class\u00e9 parmi les plus beaux villages d\u2019Italie, est un mus\u00e9e \u00e0 ciel ouvert o\u00f9 sculptures et \u0153uvres contemporaines dialoguent avec les vieilles pierres. Et puis, il y a <a href=\"https:\/\/www.lovevda.it\/it\/banca-dati\/3\/localita\/valle-d-aosta\/la-magdeleine\/398\" target=\"_blank\" rel=\"noreferrer noopener\"><strong>La Magdeleine<\/strong><\/a>, petit, paisible et hors du temps.<\/p>\n\n\n\n<h3 class=\"wp-block-heading\"><strong>3. Aventures en plein air<\/strong><\/h3>\n\n\n\n<p>La Vall\u00e9e d\u2019Aoste est un v\u00e9ritable terrain de jeu \u00e0 ciel ouvert. C\u2019est une destination parfaite pour les amateurs de nature et d\u2019activit\u00e9s en plein air.<\/p>\n\n\n\n<p>Le <strong>trekking<\/strong> est l\u2019activit\u00e9 reine de la r\u00e9gion, avec des centaines de kilom\u00e8tres de sentiers \u00e0 travers for\u00eats, lacs alpins et glaciers. Dans le <strong>Parc national du Grand Paradis<\/strong>, vous pouvez choisir entre des balades faciles comme celle du <strong><a href=\"https:\/\/www.pngp.it\/sentieri\/lillaz-lago-loie\" target=\"_blank\" rel=\"noreferrer noopener\">lac de Loie<\/a><\/strong> et des randonn\u00e9es plus sportives, comme la mont\u00e9e au <strong>refuge Vittorio Sella<\/strong>, d\u2019o\u00f9 la vue sur le massif est grandiose. Les vall\u00e9es plus tranquilles, comme la <strong><a href=\"https:\/\/www.lovevda.it\/it\/banca-dati\/3\/localita\/valle-d-aosta\/valgrisenche\/427\" target=\"_blank\" rel=\"noreferrer noopener\">Valgrisenche<\/a><\/strong>, la <a href=\"https:\/\/www.lovevda.it\/it\/banca-dati\/3\/localita\/valle-d-aosta\/valpelline\/428\" target=\"_blank\" rel=\"noreferrer noopener\"><strong>Valpelline<\/strong><\/a> ou la <a href=\"https:\/\/www.lovevda.it\/it\/banca-dati\/3\/localita\/valle-d-aosta\/valtournenche\/430\" target=\"_blank\" rel=\"noreferrer noopener\"><strong>Valtournenche<\/strong><\/a>, s\u00e9duisent par leur nature sauvage et leur tranquillit\u00e9.<\/p>\n\n\n\n<p>Les amateurs de v\u00e9lo seront \u00e9galement combl\u00e9s : la <strong>V\u00e9loroute Baltea<\/strong> suit le cours de la Dora Baltea, de Courmayeur \u00e0 Pont-Saint-Martin, \u00e0 travers prairies, ch\u00e2teaux et villages. Pour plus d\u2019adr\u00e9naline, direction les pistes de <strong>downhill<\/strong> et de <strong>VTT<\/strong> de Pila ou La Thuile, entre virages, for\u00eats et panoramas grandioses.<\/p>\n\n\n\n<p>En \u00e9t\u00e9, la r\u00e9gion se d\u00e9couvre aussi par l\u2019eau et par l\u2019air : le <strong>rafting<\/strong> sur la Dora Baltea est une exp\u00e9rience exaltante, tandis que le <strong>kayak<\/strong> et le <strong>stand-up paddle<\/strong> sur les lacs alpins offrent une alternative plus douce.&nbsp;<\/p>\n\n\n\n<p>En hiver, la Vall\u00e9e d\u2019Aoste est un paradis pour les amoureux de neige : <strong>Cervinia<\/strong>, <strong>Pila<\/strong>, <strong>La Thuile<\/strong> et <strong>Courmayeur<\/strong> comptent parmi les stations de ski les plus appr\u00e9ci\u00e9es d\u2019Italie.<\/p>\n\n\n\n<h3 class=\"wp-block-heading\"><strong>4. Art, culture et traditions<\/strong><\/h3>\n\n\n\n<p>Malgr\u00e9 sa petite taille, la Vall\u00e9e d\u2019Aoste poss\u00e8de un patrimoine artistique et culturel exceptionnel.<\/p>\n\n\n\n<p>Sa capitale, <strong><a href=\"https:\/\/www.lovevda.it\/it\/banca-dati\/3\/localita\/valle-d-aosta\/aosta\/362\" target=\"_blank\" rel=\"noreferrer noopener\">Aoste<\/a><\/strong>, est une \u00e9tape incontournable pour les passionn\u00e9s d\u2019histoire. Fond\u00e9e par les Romains en 25 av. J.-C., elle conserve un patrimoine arch\u00e9ologique impressionnant. En fl\u00e2nant dans ses rues, vous d\u00e9couvrirez l\u2019<strong>Arc d\u2019Auguste<\/strong>, symbole de la ville, la <strong>Porta Praetoria<\/strong> et le <strong>th\u00e9\u00e2tre romain<\/strong>, sublim\u00e9 l\u2019hiver par des jeux de lumi\u00e8re f\u00e9\u00e9riques.<\/p>\n\n\n\n<p>Autre lieu embl\u00e9matique : le <strong><a href=\"https:\/\/www.fortedibard.it\/\" target=\"_blank\" rel=\"noreferrer noopener\">Fort de Bard<\/a><\/strong>, l\u2019une des forteresses alpines les mieux pr\u00e9serv\u00e9es d\u2019Europe. Perch\u00e9 sur un \u00e9peron rocheux \u00e0 l\u2019entr\u00e9e de la vall\u00e9e, il domine la Dora Baltea avec majest\u00e9. \u00c0 l\u2019int\u00e9rieur, on d\u00e9couvre des expositions temporaires, des \u0153uvres d\u2019art contemporain et le <strong>Mus\u00e9e des Alpes<\/strong>, un parcours interactif sur la vie, la g\u00e9ologie et les traditions alpines.<\/p>\n\n\n\n<p>La culture vald\u00f4taine s\u2019exprime aussi \u00e0 travers l\u2019artisanat. Le travail du bois, du fer et de la pierre y est transmis depuis des si\u00e8cles. Chaque ann\u00e9e, fin janvier, Aoste accueille la c\u00e9l\u00e8bre <strong><a href=\"https:\/\/www.lovevda.it\/it\/banca-dati\/2\/artigianato-fiere-mercatini\/aosta\/fiera-di-sant-orso\/24090\" target=\"_blank\" rel=\"noreferrer noopener\">Foire de Saint-Ours<\/a><\/strong>, l\u2019une des plus anciennes foires d\u2019artisanat d\u2019Europe, o\u00f9 plus de mille artisans exposent leurs cr\u00e9ations dans les rues du centre historique.<\/p>\n\n\n\n<p>Mais la Vall\u00e9e d\u2019Aoste, c\u2019est aussi une terre de <strong>f\u00eates populaires<\/strong> et de traditions s\u00e9culaires. Tout au long de l\u2019ann\u00e9e, chaque village c\u00e9l\u00e8bre sa <strong>f\u00eate patronale<\/strong> avec musique, danses, d\u00e9fil\u00e9s et sp\u00e9cialit\u00e9s locales.<\/p>\n\n\n\n<h3 class=\"wp-block-heading\"><strong>5. Saveurs de montagne<\/strong><\/h3>\n\n\n\n<p>En Vall\u00e9e d\u2019Aoste, la gastronomie est \u00e0 l\u2019image du territoire : simple, authentique et g\u00e9n\u00e9reuse. Chaque vall\u00e9e perp\u00e9tue des recettes transmises de g\u00e9n\u00e9ration en g\u00e9n\u00e9ration, n\u00e9es pour affronter les longs hivers et mettre en valeur les produits de la montagne.<\/p>\n\n\n\n<p>Le fromage est sans conteste la star de la table. La <strong>Fontina AOP<\/strong>, au go\u00fbt doux et intense, est la base de nombreuses recettes traditionnelles. Elle est l\u2019\u00e2me de la <strong>fondue vald\u00f4taine<\/strong>, onctueuse et r\u00e9confortante, parfaite \u00e0 partager apr\u00e8s une journ\u00e9e en plein air.<\/p>\n\n\n\n<p>\u00c0 ses c\u00f4t\u00e9s, la cuisine locale propose des plats copieux et savoureux comme la <strong>carbonade<\/strong>, un rago\u00fbt de b\u0153uf mijot\u00e9 au vin rouge avec oignons et \u00e9pices, ou la <strong><a href=\"https:\/\/www.lovevda.it\/it\/enogastronomia\/ricette\/seupa-a-la-vapelenentse\" target=\"_blank\" rel=\"noreferrer noopener\">seupa \u00e0 la Vapelenentse<\/a><\/strong>, une soupe riche \u00e0 base de pain de seigle, de chou et de fontina, typique de la Valpelline.<\/p>\n\n\n\n<p>Les amateurs de produits authentiques appr\u00e9cieront aussi les charcuteries locales : le <strong>boudin<\/strong>, \u00e0 base de pommes de terre et de betteraves, ou le parfum\u00e9 <strong>jambon de Bosses<\/strong>, s\u00e9ch\u00e9 \u00e0 plus de 1600 m\u00e8tres d\u2019altitude. Et pour finir sur une touche sucr\u00e9e, laissez-vous tenter par la <strong>tarte \u00e0 la brossa<\/strong> (ricotta et miel) ou le <strong>g\u00e2teau aux noisettes<\/strong>, accompagn\u00e9 d\u2019un verre de <strong>g\u00e9n\u00e9pi<\/strong>, la liqueur alpine par excellence.<\/p>\n\n\n\n<h3 class=\"wp-block-heading\"><strong>Conclusion<\/strong><\/h3>\n\n\n\n<p>La Vall\u00e9e d\u2019Aoste est une destination id\u00e9ale pour un <strong>voyage en camping-car ou en caravane<\/strong> : petite, authentique et riche en d\u00e9couvertes. Des sommets du Mont-Blanc aux ch\u00e2teaux de F\u00e9nis et d\u2019Issogne, des villages de pierre aux sentiers des parcs naturels, chaque halte devient un souvenir inoubliable.<\/p>\n\n\n\n<p>Avec <strong>Agricamper<\/strong>, vivez tout cela en toute libert\u00e9, de mani\u00e8re durable et au plus pr\u00e8s de la nature. <a href=\"https:\/\/www.agricamper.com\/fr\/knowledge-base-fr\/ou-telecharger-lapplication-agricamper\/\" title=\"\">T\u00e9l\u00e9chargez l\u2019application<\/a> et essayez la <strong>version d\u00e9mo gratuite<\/strong> pour d\u00e9couvrir toutes les <strong>aires de stationnement en Italie<\/strong> \u2014 et commencez \u00e0 r\u00eaver de votre prochain voyage !<\/p>\n\n\n\n<p>Ensuite, <a href=\"https:\/\/www.agricamper.com\/fr\/produit\/guide-aires-camping-car-campagne-italie\/\" title=\"\"><strong>procurez-vous votre adh\u00e9sion Agricamper<\/strong><\/a> et profitez de <strong>haltes gratuites et illimit\u00e9es de 24 heures<\/strong> dans des centaines de <strong>fermes, domaines viticoles et agritourismes<\/strong> italiens.<\/p>\n\n\n\n<p>Votre voyage le plus authentique commence ici.<\/p>\n","protected":false},"excerpt":{"rendered":"<p>La Vall\u00e9e d\u2019Aoste est une petite r\u00e9gion accueillante, nich\u00e9e entre les plus hauts sommets d\u2019Europe : le Mont-Blanc, le Cervin, le Grand Paradis et le Mont Rose. Que vous voyagiez en camping-car, en fourgon am\u00e9nag\u00e9 ou en caravane, vous d\u00e9couvrirez un v\u00e9ritable paradis pour les camping-caristes : panoramas grandioses, routes pittoresques et haltes au c\u0153ur [&hellip;]<\/p>\n","protected":false},"author":6724,"featured_media":72238,"comment_status":"closed","ping_status":"closed","sticky":false,"template":"","format":"standard","meta":{"footnotes":""},"categories":[19],"tags":[372,393,373,508,371,1290,1719,1297,507,369],"class_list":["post-72341","post","type-post","status-publish","format-standard","has-post-thumbnail","hentry","category-voyage-en-camping-car-et-caravane-en-italie","tag-activites-dans-la-nature","tag-italie-du-nord","tag-les-activites-culturelles","tag-monuments-historiques","tag-plats-typiques","tag-se-detendre-fr","tag-vallee-d-aoste","tag-villes-dart-fr","tag-voyager-en-camping-car-et-en-caravane","tag-voyager-en-famille"],"aioseo_notices":[],"_links":{"self":[{"href":"https:\/\/www.agricamper.com\/fr\/wp-json\/wp\/v2\/posts\/72341","targetHints":{"allow":["GET"]}}],"collection":[{"href":"https:\/\/www.agricamper.com\/fr\/wp-json\/wp\/v2\/posts"}],"about":[{"href":"https:\/\/www.agricamper.com\/fr\/wp-json\/wp\/v2\/types\/post"}],"author":[{"embeddable":true,"href":"https:\/\/www.agricamper.com\/fr\/wp-json\/wp\/v2\/users\/6724"}],"replies":[{"embeddable":true,"href":"https:\/\/www.agricamper.com\/fr\/wp-json\/wp\/v2\/comments?post=72341"}],"version-history":[{"count":1,"href":"https:\/\/www.agricamper.com\/fr\/wp-json\/wp\/v2\/posts\/72341\/revisions"}],"predecessor-version":[{"id":72342,"href":"https:\/\/www.agricamper.com\/fr\/wp-json\/wp\/v2\/posts\/72341\/revisions\/72342"}],"wp:featuredmedia":[{"embeddable":true,"href":"https:\/\/www.agricamper.com\/fr\/wp-json\/wp\/v2\/media\/72238"}],"wp:attachment":[{"href":"https:\/\/www.agricamper.com\/fr\/wp-json\/wp\/v2\/media?parent=72341"}],"wp:term":[{"taxonomy":"category","embeddable":true,"href":"https:\/\/www.agricamper.com\/fr\/wp-json\/wp\/v2\/categories?post=72341"},{"taxonomy":"post_tag","embeddable":true,"href":"https:\/\/www.agricamper.com\/fr\/wp-json\/wp\/v2\/tags?post=72341"}],"curies":[{"name":"wp","href":"https:\/\/api.w.org\/{rel}","templated":true}]}}