{"id":61193,"date":"2025-04-21T08:00:00","date_gmt":"2025-04-21T06:00:00","guid":{"rendered":"https:\/\/www.agricamper.com\/?p=61193"},"modified":"2025-04-22T09:54:09","modified_gmt":"2025-04-22T07:54:09","slug":"cote-amalfitaine-en-camping-car-que-voir-et-comment-faire-face-a-linterdiction-de-circuler","status":"publish","type":"post","link":"https:\/\/www.agricamper.com\/fr\/cote-amalfitaine-en-camping-car-que-voir-et-comment-faire-face-a-linterdiction-de-circuler\/","title":{"rendered":"C\u00f4te amalfitaine en camping-car : que voir et comment faire face \u00e0 l&rsquo;interdiction de circuler ?"},"content":{"rendered":"\n<p>Vous r\u00eavez de partir \u00e0 la d\u00e9couverte de l\u2019une des c\u00f4tes les plus fascinantes d\u2019Italie \u00e0 bord de votre camping-car ou caravane ? La C\u00f4te Amalfitaine vous attend avec ses falaises spectaculaires, ses villages color\u00e9s et ses panoramas \u00e0 couper le souffle. Mais attention : certaines r\u00e8gles particuli\u00e8res peuvent compliquer votre itin\u00e9raire. Pas de panique ! Dans cet article, nous vous expliquons tout ce qu\u2019il faut savoir : quoi voir, quoi faire et comment contourner (en toute l\u00e9galit\u00e9) l\u2019interdiction c\u00e9l\u00e8bre qui concerne les camping-cars. En attendant, commencez par <a href=\"https:\/\/www.agricamper.com\/fr\/knowledge-base-fr\/ou-telecharger-lapplication-agricamper\/\" title=\"\">t\u00e9l\u00e9charger l\u2019application Agricamper<\/a> et essayez gratuitement la version d\u00e9mo : elle vous permettra de visualiser sur la carte les fermes de notre r\u00e9seau et de commencer \u00e0 planifier votre prochaine aventure !<\/p>\n\n\n\n<!--more Continuer la lecture de-->\n\n\n\n<h3 class=\"wp-block-heading\">La C\u00f4te Amalfitaine : villages, sentiers et panoramas incontournables<\/h3>\n\n\n\n<p>La C\u00f4te Amalfitaine est un v\u00e9ritable tr\u00e9sor du Sud de l\u2019Italie, un lieu qui laisse une empreinte durable. Class\u00e9e au patrimoine mondial de l\u2019UNESCO, elle offre un incroyable m\u00e9lange de nature sauvage, d\u2019histoire mill\u00e9naire et de culture m\u00e9diterran\u00e9enne. Chaque virage cache un panorama digne d\u2019une carte postale, et chaque village a son propre charme unique.<\/p>\n\n\n\n<p>Promenez-vous dans les ruelles \u00e9troites et parfum\u00e9es de <a href=\"https:\/\/incampania.com\/destinazioni\/positano\/\" target=\"_blank\" rel=\"noreferrer noopener\">Positano<\/a>, avec ses maisons aux couleurs pastel accroch\u00e9es \u00e0 flanc de falaise. Perdez-vous dans les petites rues, profitez des terrasses panoramiques et laissez-vous s\u00e9duire par l\u2019ambiance chic et d\u00e9tendue. Continuez vers <a href=\"https:\/\/incampania.com\/destinazioni\/ravello\/\" target=\"_blank\" rel=\"noreferrer noopener\">Ravello<\/a>, v\u00e9ritable balcon naturel sur la mer, o\u00f9 vous d\u00e9couvrirez la <a href=\"https:\/\/villarufolo.com\/\" target=\"_blank\" rel=\"noreferrer noopener\">Villa Rufolo<\/a> et la <a href=\"https:\/\/www.hotelvillacimbrone.com\/it\/villa-cimbrone\/\" target=\"_blank\" rel=\"noreferrer noopener\">Villa Cimbrone<\/a>, deux jardins historiques m\u00ealant harmonieusement architecture et nature.<\/p>\n\n\n\n<p>Et bien s\u00fbr, ne manquez pas une \u00e9tape \u00e0 <a href=\"https:\/\/incampania.com\/destinazioni\/amalfi\/\" target=\"_blank\" rel=\"noreferrer noopener\">Amalfi<\/a>, la reine de la c\u00f4te, o\u00f9 le majestueux <a href=\"https:\/\/www.visitamalfi.info\/punti-di-interesse-ad-amalfi\/cattedrale-di-sant-andrea\/\" target=\"_blank\" rel=\"noreferrer noopener\">Duomo di Sant\u2019Andrea<\/a> domine la place avec sa splendide fa\u00e7ade arabo-normande. Un lieu riche en charme, id\u00e9al pour une pause entre art, histoire et gastronomie locale.<\/p>\n\n\n\n<p>Si vous aimez la randonn\u00e9e, chaussez vos baskets et partez sur le c\u00e9l\u00e8bre <a href=\"https:\/\/ilsentierodeglidei.net\/\" target=\"_blank\" rel=\"noreferrer noopener\">Sentier des Dieux (Sentiero degli Dei)<\/a>. De Bomerano \u00e0 Nocelle, vous traverserez des paysages \u00e0 couper le souffle avec vue sur le Golfe de Salerne. Une exp\u00e9rience incontournable pour les amateurs de trekking et de photographie.<\/p>\n\n\n\n<p>Les passionn\u00e9s de traditions appr\u00e9cieront \u00e9galement le <a href=\"https:\/\/www.museodellacarta.it\/\" target=\"_blank\" rel=\"noreferrer noopener\">Mus\u00e9e du Papier d&rsquo;Amalfi<\/a>, o\u00f9 vous d\u00e9couvrirez les secrets de la fabrication artisanale du papier fait main, une sp\u00e9cialit\u00e9 historique de la r\u00e9gion. Parfait pour une sortie \u00e9ducative et amusante, m\u00eame avec les enfants.<\/p>\n\n\n\n<h3 class=\"wp-block-heading\">Des saveurs qui restent grav\u00e9es dans le c\u0153ur<\/h3>\n\n\n\n<p>Impossible d\u2019\u00e9voquer la C\u00f4te Amalfitaine sans parler de sa gastronomie, v\u00e9ritable protagoniste de votre voyage. Les parfums et saveurs de cette r\u00e9gion racontent des histoires de mer, de soleil et de traditions.<\/p>\n\n\n\n<p>Si vous aimez les p\u00e2tes, ne ratez surtout pas les \u00ab scialatielli ai frutti di mare \u00bb : des p\u00e2tes fra\u00eeches faites \u00e0 la main accompagn\u00e9es d\u2019un g\u00e9n\u00e9reux assortiment de moules, palourdes et crevettes, le tout agr\u00e9ment\u00e9 de tomates cerises et de persil. Et si vous \u00eates plut\u00f4t sucr\u00e9, laissez-vous tenter par une v\u00e9ritable \u00ab Delizia al limone \u00bb : un dessert frais et parfum\u00e9 au fameux citron d\u2019Amalfi, compos\u00e9 d\u2019une g\u00e9noise moelleuse, d\u2019une cr\u00e8me velout\u00e9e et d\u2019un gla\u00e7age au citron qui \u00e9voque l\u2019\u00e9t\u00e9 \u00e0 chaque bouch\u00e9e.<\/p>\n\n\n\n<p>Lors de vos balades sur les petites places en bord de mer, vous tomberez sans doute sur les fameuses sfogliatelle, croustillantes \u00e0 l\u2019ext\u00e9rieur, fondantes \u00e0 l\u2019int\u00e9rieur, garnies de ricotta, de semoule et d\u2019\u00e9corces d\u2019orange confites. Curieux des fromages locaux ? Go\u00fbtez \u00e0 la mozzarella nella mortella, un fromage frais envelopp\u00e9 de feuilles de myrte, qui en intensifient l\u2019ar\u00f4me et racontent l\u2019authenticit\u00e9 rurale de la Campanie.<\/p>\n\n\n\n<p>Ici, chaque bouch\u00e9e est une mani\u00e8re simple et passionn\u00e9e de d\u00e9couvrir l\u2019\u00e2me du territoire.<\/p>\n\n\n\n<h3 class=\"wp-block-heading\">Interdiction de circulation pour camping-cars et caravanes : ce qu&rsquo;il faut savoir<\/h3>\n\n\n\n<p>Si vous voyagez en camping-car ou caravane, vous devez savoir que la C\u00f4te Amalfitaine fait l\u2019objet de restrictions tr\u00e8s strictes de circulation. Selon l\u2019ordonnance ANAS 340\/2019, il est interdit de circuler sur la route nationale SS163 Amalfitana toute l\u2019ann\u00e9e, dans les deux sens, de 06h30 \u00e0 minuit. Cette interdiction concerne tous les camping-cars et caravanes, quelle que soit leur taille, ainsi que les v\u00e9hicules tractant une caravane ou une remorque.<\/p>\n\n\n<div class=\"wp-block-image\">\n<figure class=\"aligncenter\"><img loading=\"lazy\" decoding=\"async\" width=\"1024\" height=\"548\" src=\"https:\/\/www.agricamper.com\/wp-content\/uploads\/2025\/04\/mappa-v2-1024x548.jpg\" alt=\"\" class=\"wp-image-60929\" title=\"mappa-v2 - Agricamper Italia\" srcset=\"https:\/\/www.agricamper.com\/wp-content\/uploads\/2025\/04\/mappa-v2-1024x548.jpg 1024w, https:\/\/www.agricamper.com\/wp-content\/uploads\/2025\/04\/mappa-v2-300x161.jpg 300w, https:\/\/www.agricamper.com\/wp-content\/uploads\/2025\/04\/mappa-v2-768x411.jpg 768w, https:\/\/www.agricamper.com\/wp-content\/uploads\/2025\/04\/mappa-v2-50x27.jpg 50w, https:\/\/www.agricamper.com\/wp-content\/uploads\/2025\/04\/mappa-v2-1536x822.jpg 1536w, https:\/\/www.agricamper.com\/wp-content\/uploads\/2025\/04\/mappa-v2-2048x1097.jpg 2048w, https:\/\/www.agricamper.com\/wp-content\/uploads\/2025\/04\/mappa-v2-416x223.jpg 416w\" sizes=\"auto, (max-width: 1024px) 100vw, 1024px\" \/><\/figure><\/div>\n\n\n<p>Les sections restreintes sp\u00e9cifiques sont les suivantes<\/p>\n\n\n\n<ul class=\"wp-block-list\">\n<li>du km 10+195 (commune de Positano) au km 12+270 (limite de la ville de Positano) ;<\/li>\n\n\n\n<li>du km 17+160 (limite de la ville de Positano) au km 19+800 (limite de la ville de Praiano) ;<\/li>\n\n\n\n<li>du km 20+560 (limite de la ville de Praiano) au km 20+900 (limite de la ville de Praiano) ;<\/li>\n\n\n\n<li>du km 22+010 (limite de la ville de Praiano) au km 26+800 (limite de la ville d&rsquo;Amalfi) ;<\/li>\n\n\n\n<li>du km 27+215 (limite de la ville d&rsquo;Amalfi) au km 28+000 (limite de la ville d&rsquo;Amalfi) ;<\/li>\n\n\n\n<li>du km 34+060 (limite de la ville de Minori) au km 34+626 (limite de la ville de Maiori) ;<\/li>\n\n\n\n<li>du km 36+175 (limite de la ville de Maiori) au km 44+758 (limite de la ville de Cetara) ;<\/li>\n\n\n\n<li>du km 45+070 (limite de la ville de Cetara) au km 49+600 (jonction de Raito).<\/li>\n<\/ul>\n\n\n\n<p>Pour plus de d\u00e9tails et consulter l\u2019ordonnance compl\u00e8te, rendez-vous sur le site officiel de l\u2019ANAS \u00e0 l\u2019adresse suivante : <a href=\"https:\/\/www.stradeanas.it\/it\/campania-limitazioni-al-transito-sulla-strada-statale-163-amalfitana\">https:\/\/www.stradeanas.it\/it\/campania-limitazioni-al-transito-sulla-strada-statale-163-amalfitana<\/a>.<\/p>\n\n\n\n<p>Les amendes sont \u00e9lev\u00e9es, mieux vaut donc bien s\u2019organiser \u00e0 l\u2019avance !<\/p>\n\n\n\n<p>Que pouvez-vous faire ? Aucun probl\u00e8me : la solution, c\u2019est Agricamper ! Choisissez un arr\u00eat dans une ferme proche de la c\u00f4te, garez-y votre camping-car et poursuivez votre exploration en transports en commun, en navettes locales ou en scooter. Vous \u00e9viterez ainsi amendes et stress tout en profitant d\u2019une halte authentique en pleine nature.<\/p>\n\n\n\n<h3 class=\"wp-block-heading\">Conclusion<\/h3>\n\n\n\n<p>La C\u00f4te Amalfitaine est une destination de r\u00eave, m\u00eame pour ceux qui voyagent en camping-car ou caravane. Avec un peu d\u2019organisation, le respect des r\u00e8gles locales et le soutien adapt\u00e9, vous vivrez une exp\u00e9rience inoubliable.<\/p>\n\n\n\n<p><a href=\"https:\/\/www.agricamper.com\/fr\/knowledge-base-fr\/ou-telecharger-lapplication-agricamper\/\" title=\"\">T\u00e9l\u00e9chargez d\u00e8s maintenant l&rsquo;application Agricamper<\/a>, essayez gratuitement la version d\u00e9mo et explorez la carte. Vous trouverez de nombreuses haltes s\u00fbres et gratuites en Italie. Et si le concept vous s\u00e9duit (spoiler : ce sera le cas !), <a href=\"https:\/\/www.agricamper.com\/fr\/produit\/guide-aires-camping-car-campagne-italie\/\" title=\"\">adh\u00e9rez au service<\/a> pour des s\u00e9jours illimit\u00e9s.<\/p>\n\n\n\n<p>Bon voyage avec Agricamper !&nbsp;<\/p>\n","protected":false},"excerpt":{"rendered":"<p>Vous r\u00eavez de partir \u00e0 la d\u00e9couverte de l\u2019une des c\u00f4tes les plus fascinantes d\u2019Italie \u00e0 bord de votre camping-car ou caravane ? La C\u00f4te Amalfitaine vous attend avec ses falaises spectaculaires, ses villages color\u00e9s et ses panoramas \u00e0 couper le souffle. Mais attention : certaines r\u00e8gles particuli\u00e8res peuvent compliquer votre itin\u00e9raire. Pas de panique [&hellip;]<\/p>\n","protected":false},"author":6724,"featured_media":60874,"comment_status":"closed","ping_status":"closed","sticky":false,"template":"","format":"standard","meta":{"footnotes":""},"categories":[475,19],"tags":[372,531,373,508,371,1290,1297,507,369],"class_list":["post-61193","post","type-post","status-publish","format-standard","has-post-thumbnail","hentry","category-conseils-de-voyage-pour-les-camping-cars-et-les-caravanes","category-voyage-en-camping-car-et-caravane-en-italie","tag-activites-dans-la-nature","tag-campanie","tag-les-activites-culturelles","tag-monuments-historiques","tag-plats-typiques","tag-se-detendre-fr","tag-villes-dart-fr","tag-voyager-en-camping-car-et-en-caravane","tag-voyager-en-famille"],"aioseo_notices":[],"_links":{"self":[{"href":"https:\/\/www.agricamper.com\/fr\/wp-json\/wp\/v2\/posts\/61193","targetHints":{"allow":["GET"]}}],"collection":[{"href":"https:\/\/www.agricamper.com\/fr\/wp-json\/wp\/v2\/posts"}],"about":[{"href":"https:\/\/www.agricamper.com\/fr\/wp-json\/wp\/v2\/types\/post"}],"author":[{"embeddable":true,"href":"https:\/\/www.agricamper.com\/fr\/wp-json\/wp\/v2\/users\/6724"}],"replies":[{"embeddable":true,"href":"https:\/\/www.agricamper.com\/fr\/wp-json\/wp\/v2\/comments?post=61193"}],"version-history":[{"count":1,"href":"https:\/\/www.agricamper.com\/fr\/wp-json\/wp\/v2\/posts\/61193\/revisions"}],"predecessor-version":[{"id":61194,"href":"https:\/\/www.agricamper.com\/fr\/wp-json\/wp\/v2\/posts\/61193\/revisions\/61194"}],"wp:featuredmedia":[{"embeddable":true,"href":"https:\/\/www.agricamper.com\/fr\/wp-json\/wp\/v2\/media\/60874"}],"wp:attachment":[{"href":"https:\/\/www.agricamper.com\/fr\/wp-json\/wp\/v2\/media?parent=61193"}],"wp:term":[{"taxonomy":"category","embeddable":true,"href":"https:\/\/www.agricamper.com\/fr\/wp-json\/wp\/v2\/categories?post=61193"},{"taxonomy":"post_tag","embeddable":true,"href":"https:\/\/www.agricamper.com\/fr\/wp-json\/wp\/v2\/tags?post=61193"}],"curies":[{"name":"wp","href":"https:\/\/api.w.org\/{rel}","templated":true}]}}