{"id":50604,"date":"2024-08-19T08:00:00","date_gmt":"2024-08-19T06:00:00","guid":{"rendered":"https:\/\/www.agricamper.com\/?p=50604"},"modified":"2024-09-02T09:58:58","modified_gmt":"2024-09-02T07:58:58","slug":"la-bretagne-sur-la-route-entre-nature-sauvage-et-richesse-culturelle","status":"publish","type":"post","link":"https:\/\/www.agricamper.com\/fr\/la-bretagne-sur-la-route-entre-nature-sauvage-et-richesse-culturelle\/","title":{"rendered":"La Bretagne sur la route : entre nature sauvage et richesse culturelle"},"content":{"rendered":"\n<p>La Bretagne, avec ses c\u00f4tes d\u00e9coup\u00e9es, ses paysages \u00e0 couper le souffle et ses villages charg\u00e9s d&rsquo;histoire, offre une aventure unique \u00e0 tous les voyageurs qui d\u00e9cident de l&rsquo;explorer en camping-car ou en fourgon am\u00e9nag\u00e9. Avec le <a href=\"https:\/\/www.agricamper.com\/?post_type=product&#038;p=36678\">guide France Passion 2024<\/a>, partie de Agricamper de la <a href=\"https:\/\/www.agricamper.com\/fr\/reseaux-etrangers\/\">FEFI<\/a>, vous aurez l&rsquo;opportunit\u00e9 de d\u00e9couvrir ces lieux enchanteurs, en stationnant gratuitement pendant 24 heures dans de magnifiques exploitations agricoles. Pr\u00e9parez-vous \u00e0 plonger dans un voyage inoubliable !<\/p>\n\n\n\n<!--more Continuer la lecture de-->\n\n\n\n<h3 class=\"wp-block-heading\">La C\u00f4te de Granite Rose et les sentiers cach\u00e9s<\/h3>\n\n\n\n<p>Un des joyaux de la Bretagne est sans aucun doute la <a href=\"https:\/\/www.bretagna-vacanze.com\/secondo-i-miei-desideri\/passeggiate-in-piena-natura\/escursioni-e-itinerari\/costa-di-granito-rosa\/\" target=\"_blank\" rel=\"noreferrer noopener\">C\u00f4te de Granite Rose<\/a>, une merveille g\u00e9ologique qui s&rsquo;\u00e9tend sur plus de 30 kilom\u00e8tres entre Perros-Guirec et Tr\u00e9beurden. Cette c\u00f4te doit son nom \u00e0 la couleur rose unique de ses rochers, qui au coucher du soleil s&rsquo;illuminent de teintes ardentes, offrant un spectacle naturel de rare beaut\u00e9.<\/p>\n\n\n\n<p>Apr\u00e8s avoir gar\u00e9 votre camping-car, aventurez-vous le long du <a href=\"https:\/\/www.bretagna-vacanze.com\/secondo-i-miei-desideri\/escursione-a-piedi\/gr-34-il-sentiero-dei-doganieri\/\" target=\"_blank\" rel=\"noreferrer noopener\">Sentier des Douaniers<\/a>, connu localement sous le nom de \u00ab\u00a0Chemin des Douaniers\u00a0\u00bb. Ce sentier bien balis\u00e9 vous guidera \u00e0 travers une s\u00e9rie de paysages spectaculaires, y compris des criques cach\u00e9es et des plages sablonneuses, id\u00e9ales pour une pause rafra\u00eechissante lors des journ\u00e9es les plus chaudes.<\/p>\n\n\n\n<p>Un point fort du sentier est l&rsquo;arr\u00eat \u00e0 <a href=\"https:\/\/www.bretagna-vacanze.com\/destinazioni\/alla-scoperta-delle-destinazioni\/cote-de-granit-rose-baie-de-morlaix\/ploumanach-perros-guirec\/\" target=\"_blank\" rel=\"noreferrer noopener\">Ploumanac&rsquo;h<\/a>, un village charmant qui a \u00e9t\u00e9 \u00e9lu l&rsquo;un des \u00ab\u00a0Plus Beaux Villages de France\u00a0\u00bb. Ici, vous pouvez explorer le phare historique offrant une vue panoramique sur la mer et la c\u00f4te environnante, ou simplement fl\u00e2ner parmi les maisons de p\u00eacheurs qui semblent sorties d&rsquo;une carte postale d&rsquo;autrefois.<\/p>\n\n\n\n<p>La C\u00f4te de Granite Rose est \u00e9galement une opportunit\u00e9 de s&rsquo;immerger dans la culture bretonne \u00e0 travers ses l\u00e9gendes et son histoire, que les locaux aiment raconter aux visiteurs curieux. Ne manquez pas de conclure votre journ\u00e9e par une halte dans l&rsquo;un des caf\u00e9s pittoresques de la r\u00e9gion, o\u00f9 vous pourrez d\u00e9guster de d\u00e9licieux plats locaux tandis que le soleil se couche sur la mer.<\/p>\n\n\n\n<h3 class=\"wp-block-heading\">Carnac et ses myst\u00e8res<\/h3>\n\n\n\n<p>Poursuivant votre voyage, atteignez <a href=\"https:\/\/www.bretagna-vacanze.com\/destinazioni\/alla-scoperta-delle-destinazioni\/bretagne-sud-golfe-du-morbihan\/carnac-e-i-suoi-megaliti\/\" target=\"_blank\" rel=\"noreferrer noopener\">Carnac<\/a>, un lieu qui fascine et \u00e9tonne par son atmosph\u00e8re envelopp\u00e9e de myst\u00e8re. Ici, au c\u0153ur de la r\u00e9gion, se trouvent les c\u00e9l\u00e8bres alignements de Carnac, l&rsquo;un des sites pr\u00e9historiques les plus grandioses et \u00e9nigmatiques de toute l&rsquo;Europe.<\/p>\n\n\n\n<p>Imaginez-vous au volant de votre camping-car, arrivant dans une vaste zone o\u00f9 plus de 3000 menhirs sont dispos\u00e9s en rang\u00e9es ordonn\u00e9es. Ces imposants monolithes de pierre, \u00e9rig\u00e9s entre le N\u00e9olithique et l&rsquo;\u00c2ge du Bronze, cr\u00e9ent un paysage aussi extraordinaire qu&rsquo;historique. Leur fonction exacte reste un myst\u00e8re, bien que des th\u00e9ories allant de l&rsquo;astronomie \u00e0 l&rsquo;usage c\u00e9r\u00e9moniel aient \u00e9t\u00e9 propos\u00e9es.<\/p>\n\n\n\n<p>Non seulement le site principal, mais toute la r\u00e9gion autour de Carnac offre de nombreux sentiers et parcours qui se faufilent \u00e0 travers champs et c\u00f4tes, parfaits pour \u00eatre explor\u00e9s \u00e0 v\u00e9lo ou \u00e0 pied, offrant des moments de tranquillit\u00e9 et de connexion avec la nature.&nbsp;<\/p>\n\n\n\n<h3 class=\"wp-block-heading\">La ville corsaire de Saint-Malo<\/h3>\n\n\n\n<p><a href=\"https:\/\/www.saint-malo-tourisme.it\/\" target=\"_blank\" rel=\"noreferrer noopener\">Saint-Malo<\/a>, connue comme la ville corsaire, est un v\u00e9ritable joyau nich\u00e9 sur la c\u00f4te bretonne. Cette forteresse maritime historique se dresse fi\u00e8re et imposante, entour\u00e9e par d&rsquo;\u00e9paisses murs de pierre qui racontent des histoires de pirates et de corsaires. La ville \u00e9tait autrefois le bastion de c\u00e9l\u00e8bres pirates, et son esprit aventureux est encore perceptible en d\u00e9ambulant parmi les bastions et les tours qui dominent l&rsquo;horizon marin.<\/p>\n\n\n\n<p>Garez votre camping-car \u00e0 proximit\u00e9 de la ville et laissez-vous envelopper par l&rsquo;atmosph\u00e8re m\u00e9di\u00e9vale du centre historique, parsem\u00e9 de caf\u00e9s modernes et de boutiques. Une promenade sur les remparts vous offrira des vues \u00e0 couper le souffle sur l&rsquo;oc\u00e9an et les \u00eelots voisins, rendant chaque arr\u00eat un moment parfaitement photog\u00e9nique. Ne manquez pas une visite \u00e0 la <a href=\"https:\/\/www.saint-malo-tourisme.it\/offertas\/cathedrale-saint-vincent-saint-malo-it-3646259\/\" target=\"_blank\" rel=\"noreferrer noopener\">Cath\u00e9drale de Saint-Malo<\/a>, avec son architecture gothique majestueuse, et une balade le long du port, o\u00f9 vous pourrez imaginer les navires corsaires qui naviguaient jadis sur les mers.<\/p>\n\n\n\n<p>Apr\u00e8s une journ\u00e9e d&rsquo;explorations, profitez d&rsquo;une promenade en soir\u00e9e le long de la Plage du Sillon, o\u00f9 le bruit des vagues et le coucher du soleil sur l&rsquo;Atlantique cr\u00e9ent une atmosph\u00e8re magique, parfaite pour r\u00e9fl\u00e9chir aux aventures v\u00e9cues et \u00e0 celles encore \u00e0 d\u00e9couvrir.&nbsp;<\/p>\n\n\n\n<h3 class=\"wp-block-heading\">Dinan et la rivi\u00e8re Rance<\/h3>\n\n\n\n<p><a href=\"https:\/\/www.bretagna-vacanze.com\/destinazioni\/alla-scoperta-delle-destinazioni\/capo-frehel-saint-malo-baiai-del-mont-saint-michel\/dinan\/\" target=\"_blank\" rel=\"noreferrer noopener\">Dinan<\/a>, situ\u00e9e sur les rives de la rivi\u00e8re Rance, est l&rsquo;une des villes m\u00e9di\u00e9vales les mieux pr\u00e9serv\u00e9es de toute la Bretagne. Ses murs fortifi\u00e9s enferment des ruelles pav\u00e9es, des b\u00e2timents \u00e0 colombages anciens et une cath\u00e9drale imposante qui domine le paysage urbain.<\/p>\n\n\n\n<p>Garez votre campervan et commencez votre exploration depuis la Porte de Saint-Malo, l&rsquo;un des principaux acc\u00e8s \u00e0 la vieille ville, qui vous m\u00e8nera directement au c\u0153ur de Dinan. En vous promenant, vous ne manquerez pas de remarquer la Tour de l&rsquo;Horloge, la tour de l&rsquo;horloge qui offre une vue panoramique sur la ville et la vall\u00e9e environnante, accessible par un escalier int\u00e9rieur qui d\u00e9fie le temps.<\/p>\n\n\n\n<p>Le centre historique est un v\u00e9ritable mus\u00e9e \u00e0 ciel ouvert, avec la Basilique Saint-Sauveur et le Couvent des Cordeliers qui offrent un plongeon dans la spiritualit\u00e9 et l&rsquo;art sacr\u00e9 du Moyen \u00c2ge. Les boutiques artisanales dispers\u00e9es le long des rues principales, comme la Rue du Jerzual, offrent des d\u00e9monstrations de m\u00e9tiers anciens et la possibilit\u00e9 d&rsquo;acheter un souvenir unique de votre voyage.<\/p>\n\n\n\n<p>En descendant vers la rivi\u00e8re, le paysage change radicalement. Le port de Dinan, accessible en suivant la pittoresque Rue du Petit Fort, montre un visage plus d\u00e9tendu de la ville. Ici, la Rance coule tranquillement, encadr\u00e9e par des bistros et de petites embarcations qui soulignent sa vocation fluviale. C&rsquo;est l&rsquo;endroit id\u00e9al pour une promenade relaxante ou un pique-nique sur les rives, o\u00f9 vous pourrez savourer les rythmes lents de la nature et la cuisine locale.<\/p>\n\n\n\n<p>Pour les plus aventureux, il est possible de louer un bateau et de naviguer sur la Rance, explorant les petits villages qui ponctuent ses rives, chacun avec des histoires et des traditions \u00e0 d\u00e9couvrir. Cette exp\u00e9rience offre une perspective diff\u00e9rente sur Dinan et son lien indissoluble avec la rivi\u00e8re, un \u00e9l\u00e9ment vital qui a fa\u00e7onn\u00e9 l&rsquo;histoire et l&rsquo;\u00e9conomie de la r\u00e9gion pendant des si\u00e8cles.<\/p>\n\n\n\n<h3 class=\"wp-block-heading\">Voyage dans les saveurs de la gastronomie bretonne<\/h3>\n\n\n\n<p>La Bretagne, avec sa position privil\u00e9gi\u00e9e le long de la c\u00f4te atlantique, est une v\u00e9ritable Mecque pour les amateurs de bonne ch\u00e8re, notamment pour ceux qui adorent les fruits de mer. Imaginez commencer la journ\u00e9e avec un petit-d\u00e9jeuner typique : une cr\u00eape bretonne garnie de confiture de prunes ou simplement de beurre sal\u00e9, un classique qui refl\u00e8te la simplicit\u00e9 et l&rsquo;excellence de la cuisine locale.<\/p>\n\n\n\n<p>En poursuivant la journ\u00e9e, vous ne pouvez pas manquer une d\u00e9gustation d&rsquo;<a href=\"https:\/\/www.saint-malo-tourisme.it\/esplora-la-nostra-destinazione\/pepite-gastronomiche-della-bretagna\/le-ostriche-di-cancale\/\" target=\"_blank\" rel=\"noreferrer noopener\">hu\u00eetres de Cancale<\/a>, r\u00e9put\u00e9es pour leur saveur unique, influenc\u00e9e par les algues et la puret\u00e9 des eaux dans lesquelles elles croissent. Le d\u00e9jeuner peut se transformer en une exp\u00e9rience m\u00e9morable avec un plat de \u00ab\u00a0fruits de mer\u00a0\u00bb, un assortiment de mollusques et crustac\u00e9s fra\u00eechement p\u00each\u00e9s, servis nature ou accompagn\u00e9s d&rsquo;un zeste de citron et quelques gouttes de Tabasco.<\/p>\n\n\n\n<p>Le d\u00eener pourrait alors \u00eatre l&rsquo;occasion de go\u00fbter au \u00ab\u00a0kig ha farz\u00a0\u00bb, un rago\u00fbt traditionnel qui combine viande de b\u0153uf, l\u00e9gumes et une p\u00e2te similaire au pain cuit dans le bouillon, racontant l&rsquo;histoire gastronomique de la r\u00e9gion \u00e0 travers ses saveurs robustes et r\u00e9confortantes.<\/p>\n\n\n\n<p>N&rsquo;oubliez pas de savourer le <a href=\"https:\/\/www.bretagna-vacanze.com\/secondo-i-miei-desideri\/la-gastronomia\/le-bevande\/sidro-succo-di-mela-bretoni\/\" target=\"_blank\" rel=\"noreferrer noopener\">cidre breton<\/a>, qui avec son go\u00fbt p\u00e9tillant et l\u00e9g\u00e8rement alcoolis\u00e9, repr\u00e9sente la parfaite conclusion d&rsquo;un repas ou un d\u00e9licieux rafra\u00eechissement pendant vos explorations.<\/p>\n\n\n\n<h2 class=\"wp-block-heading\">Conclusion<\/h2>\n\n\n\n<p>La Bretagne est le lieu id\u00e9al pour ceux qui recherchent des vacances actives, entre randonn\u00e9es, visites culturelles et moments de d\u00e9tente au contact de la nature. Avec les arr\u00eats gratuits offerts par le guide France Passion, vous pourrez profiter de tout cela sans soucis, sachant que chaque arr\u00eat est une opportunit\u00e9 de d\u00e9couvrir quelque chose de nouveau.<\/p>\n\n\n\n<p>Ne manquez pas l&rsquo;opportunit\u00e9 de vivre une aventure inoubliable en Bretagne en achetant l&rsquo;<a href=\"https:\/\/www.agricamper.com\/?post_type=product&#038;p=36678\">adh\u00e9sion \u00e0 France Passion<\/a> et d\u00e9couvrez les structures o\u00f9 vous pouvez stationner gratuitement une nuit!<\/p>\n\n\n\n<p>Et si la France ne vous suffit pas, visitez notre boutique en ligne o\u00f9 vous trouverez <a href=\"https:\/\/www.agricamper.com\/fr\/categorie-produit\/guide-cartacee-turistiche-camper-roulotte-fr\/\">les guides des autres pays europ\u00e9ens du r\u00e9seau FEFI<\/a> et commencez \u00e0 planifier votre prochain voyage sur la route!<\/p>\n","protected":false},"excerpt":{"rendered":"<p>La Bretagne, avec ses c\u00f4tes d\u00e9coup\u00e9es, ses paysages \u00e0 couper le souffle et ses villages charg\u00e9s d&rsquo;histoire, offre une aventure unique \u00e0 tous les voyageurs qui d\u00e9cident de l&rsquo;explorer en camping-car ou en fourgon am\u00e9nag\u00e9. Avec le guide France Passion 2024, partie de Agricamper de la FEFI, vous aurez l&rsquo;opportunit\u00e9 de d\u00e9couvrir ces lieux enchanteurs, [&hellip;]<\/p>\n","protected":false},"author":6724,"featured_media":49254,"comment_status":"closed","ping_status":"closed","sticky":false,"template":"","format":"standard","meta":{"footnotes":""},"categories":[651],"tags":[372,716,732,920,373,371,728,369],"class_list":["post-50604","post","type-post","status-publish","format-standard","has-post-thumbnail","hentry","category-voyages-camping-car-caravane-europe","tag-activites-dans-la-nature","tag-europe-fr","tag-fefi-fr","tag-france-fr","tag-les-activites-culturelles","tag-plats-typiques","tag-voyager-en-camping-car","tag-voyager-en-famille"],"aioseo_notices":[],"_links":{"self":[{"href":"https:\/\/www.agricamper.com\/fr\/wp-json\/wp\/v2\/posts\/50604","targetHints":{"allow":["GET"]}}],"collection":[{"href":"https:\/\/www.agricamper.com\/fr\/wp-json\/wp\/v2\/posts"}],"about":[{"href":"https:\/\/www.agricamper.com\/fr\/wp-json\/wp\/v2\/types\/post"}],"author":[{"embeddable":true,"href":"https:\/\/www.agricamper.com\/fr\/wp-json\/wp\/v2\/users\/6724"}],"replies":[{"embeddable":true,"href":"https:\/\/www.agricamper.com\/fr\/wp-json\/wp\/v2\/comments?post=50604"}],"version-history":[{"count":1,"href":"https:\/\/www.agricamper.com\/fr\/wp-json\/wp\/v2\/posts\/50604\/revisions"}],"predecessor-version":[{"id":50607,"href":"https:\/\/www.agricamper.com\/fr\/wp-json\/wp\/v2\/posts\/50604\/revisions\/50607"}],"wp:featuredmedia":[{"embeddable":true,"href":"https:\/\/www.agricamper.com\/fr\/wp-json\/wp\/v2\/media\/49254"}],"wp:attachment":[{"href":"https:\/\/www.agricamper.com\/fr\/wp-json\/wp\/v2\/media?parent=50604"}],"wp:term":[{"taxonomy":"category","embeddable":true,"href":"https:\/\/www.agricamper.com\/fr\/wp-json\/wp\/v2\/categories?post=50604"},{"taxonomy":"post_tag","embeddable":true,"href":"https:\/\/www.agricamper.com\/fr\/wp-json\/wp\/v2\/tags?post=50604"}],"curies":[{"name":"wp","href":"https:\/\/api.w.org\/{rel}","templated":true}]}}