{"id":4881,"date":"2026-03-16T07:00:00","date_gmt":"2026-03-16T07:00:00","guid":{"rendered":"https:\/\/www.agricamper.com\/debut-du-printemps-5-regions-ditalie-ou-la-nature-seveille-en-premier\/"},"modified":"2026-04-09T14:08:54","modified_gmt":"2026-04-09T14:08:54","slug":"debut-du-printemps-5-regions-ditalie-ou-la-nature-seveille-en-premier","status":"publish","type":"post","link":"https:\/\/www.agricamper.com\/fr\/get-inspired\/debut-du-printemps-5-regions-ditalie-ou-la-nature-seveille-en-premier\/","title":{"rendered":"D\u00e9but du printemps : 5 r\u00e9gions d&rsquo;Italie o\u00f9 la nature s&rsquo;\u00e9veille en premier"},"content":{"rendered":"\n<p>Quand l\u2019hiver touche \u00e0 sa fin mais que le froid n\u2019a pas encore totalement laiss\u00e9 place aux beaux jours, certaines r\u00e9gions d\u2019Italie voient le printemps arriver plus t\u00f4t. Ici, les prairies verdissent d\u00e8s f\u00e9vrier, les arbres commencent \u00e0 fleurir et les journ\u00e9es plus longues donnent envie de reprendre la route.<\/p>\n\n\n\n<p>Pour celles et ceux qui aiment les <strong>voyages en camping-car<\/strong>, en <strong>fourgon am\u00e9nag\u00e9<\/strong> ou en <strong>caravane<\/strong>, c\u2019est le moment id\u00e9al pour repartir. Les temp\u00e9ratures sont douces, les paysages changent de couleur et de nombreuses destinations restent encore paisibles, loin de l\u2019affluence estivale.<\/p>\n\n\n\n<p>Le printemps pr\u00e9coce permet aussi de vivre des exp\u00e9riences tr\u00e8s particuli\u00e8res : se promener parmi les arbres en fleurs, p\u00e9daler sur des pistes cyclables panoramiques, visiter des villages historiques sans la foule et d\u00e9couvrir des territoires qui se r\u00e9veillent apr\u00e8s l\u2019hiver.<\/p>\n\n\n\n<p>Avec <strong>Agricamper<\/strong>, vous pouvez facilement organiser vos <strong>\u00e9tapes<\/strong> partout en Italie dans des exploitations agricoles, pour vivre le territoire de mani\u00e8re authentique. <a href=\"https:\/\/www.agricamper.com\/fr\/faq\/ou-telecharger-lapplication-agricamper\/\" title=\"\"><strong>T\u00e9l\u00e9chargez l\u2019application<\/strong><\/a> et essayez la version d\u00e9mo gratuite !<\/p>\n\n\n\n<!--more Continuer la lecture de-->\n\n\n\n<h2 class=\"wp-block-heading\">Lac de Garde<\/h2>\n\n\n\n<p>Le <strong><a href=\"https:\/\/www.visitgarda.com\/it\/lago_di_garda\/\" target=\"_blank\" rel=\"noreferrer noopener\">lac de Garde<\/a><\/strong> est l\u2019un des endroits du nord de l\u2019Italie o\u00f9 le printemps arrive le plus t\u00f4t. Gr\u00e2ce \u00e0 son microclimat particulier, les temp\u00e9ratures deviennent plus douces d\u00e8s f\u00e9vrier et mars, et la v\u00e9g\u00e9tation se r\u00e9veille : oliviers, citronniers et jardins commencent \u00e0 colorer les rives du lac.<\/p>\n\n\n\n<p>L\u2019un des villages les plus charmants est <strong><a href=\"https:\/\/visitsirmione.com\/\" target=\"_blank\" rel=\"noreferrer noopener\">Sirmione<\/a><\/strong>, situ\u00e9 sur une p\u00e9ninsule qui s\u2019avance dans le lac. Vous pourrez y visiter le <strong>ch\u00e2teau Scaliger<\/strong>, l\u2019une des forteresses m\u00e9di\u00e9vales les mieux conserv\u00e9es d\u2019Italie, ainsi que les <strong>grottes de Catulle<\/strong>, un important site arch\u00e9ologique romain surplombant le lac.<\/p>\n\n\n\n<p>Sur la rive orientale se trouve <strong><a href=\"https:\/\/www.visitmalcesine.com\/it\" target=\"_blank\" rel=\"noreferrer noopener\">Malcesine<\/a><\/strong>, domin\u00e9e par le <strong>ch\u00e2teau Scaliger<\/strong> et point de d\u00e9part du t\u00e9l\u00e9ph\u00e9rique qui monte au <strong>Monte Baldo<\/strong>, une montagne panoramique offrant une vue spectaculaire sur le lac et les Alpes.<\/p>\n\n\n\n<p>Pour celles et ceux qui pr\u00e9f\u00e8rent le v\u00e9lo, la <strong>piste cyclable du Garda<\/strong> propose certains des tron\u00e7ons panoramiques les plus spectaculaires d\u2019Italie, avec des parcours longeant l\u2019eau entre tunnels et passerelles suspendues.<\/p>\n\n\n\n<p>Parmi les visites culturelles aux alentours, une halte \u00e0 <strong><a href=\"https:\/\/www.visitlimonesulgarda.com\/it\/\" target=\"_blank\" rel=\"noreferrer noopener\">Limone sul Garda<\/a><\/strong> vaut aussi le d\u00e9tour, ce village \u00e9tant c\u00e9l\u00e8bre pour ses anciennes <strong>limonaies historiques<\/strong>, t\u00e9moins de la culture des agrumes sur le lac depuis le XVIIIe si\u00e8cle.<\/p>\n\n\n\n<p>La cuisine locale refl\u00e8te la rencontre entre tradition alpine et m\u00e9diterran\u00e9enne. Parmi les plats typiques, vous trouverez :<\/p>\n\n\n\n<ul class=\"wp-block-list\">\n<li>bigoli aux sardines<\/li>\n\n\n\n<li>risotto \u00e0 la tanche<\/li>\n\n\n\n<li>poisson du lac grill\u00e9<\/li>\n\n\n\n<li>tortellini de Valeggio sul Mincio<\/li>\n<\/ul>\n\n\n\n<h2 class=\"wp-block-heading\">Colli Tortonesi<\/h2>\n\n\n\n<p>Dans le sud-est du <strong>Pi\u00e9mont<\/strong>, entre <a href=\"https:\/\/www.discoverderthona.it\/\" target=\"_blank\" rel=\"noreferrer noopener\"><strong>Tortona<\/strong><\/a> et les premi\u00e8res collines de l\u2019Apennin ligure, les <strong>Colli Tortonesi<\/strong> offrent des paysages doux encore peu touristiques. Au printemps, ces collines se couvrent de vert, les vignobles se r\u00e9veillent et les temp\u00e9ratures deviennent id\u00e9ales pour les promenades et les excursions en plein air.<\/p>\n\n\n\n<p>Parmi les lieux les plus int\u00e9ressants \u00e0 visiter figure <strong><a href=\"https:\/\/www.granmonferrato.it\/volpedo-borghi-in-collina\/\" target=\"_blank\" rel=\"noreferrer noopener\">Volpedo<\/a><\/strong>, petit village c\u00e9l\u00e8bre pour avoir vu na\u00eetre le peintre <strong>Giuseppe Pellizza da Volpedo<\/strong>. Vous pourrez y visiter le <strong>studio-mus\u00e9e Pellizza da Volpedo<\/strong> et vous promener sur la <strong>piazza dei Quattro Stati<\/strong>, rendue c\u00e9l\u00e8bre par le tableau embl\u00e9matique du divisionnisme italien.<\/p>\n\n\n\n<p>Les amoureux de la nature pourront explorer les sentiers des <strong>vall\u00e9es Curone, Grue et Ossona<\/strong>, ou partir \u00e0 l\u2019assaut du <strong>Monte Giarolo<\/strong>, le sommet le plus \u00e9lev\u00e9 de la r\u00e9gion, d\u2019o\u00f9 l\u2019on peut apercevoir \u00e0 la fois les Alpes et la mer de Ligurie par temps clair.<\/p>\n\n\n\n<p>La tradition gastronomique locale est \u00e9troitement li\u00e9e aux produits des collines. Parmi les sp\u00e9cialit\u00e9s typiques, vous trouverez :<\/p>\n\n\n\n<ul class=\"wp-block-list\">\n<li>agnolotti pi\u00e9montais<\/li>\n\n\n\n<li>salame nobile del Giarolo<\/li>\n\n\n\n<li>fromage Montebore, l\u2019un des plus anciens fromages du Pi\u00e9mont<\/li>\n\n\n\n<li>douceurs aux noisettes<\/li>\n<\/ul>\n\n\n\n<h2 class=\"wp-block-heading\">Valnerina<\/h2>\n\n\n\n<p>Dans le sud de l\u2019<strong>Ombrie<\/strong>, la <a href=\"https:\/\/www.umbriatourism.it\/it\/valnerina-da-scoprire\" target=\"_blank\" rel=\"noreferrer noopener\"><strong>Valnerina<\/strong><\/a> est l\u2019une des vall\u00e9es les plus authentiques et les plus suggestives du centre de l\u2019Italie. Travers\u00e9e par la rivi\u00e8re <strong>Nera<\/strong>, cette r\u00e9gion montagneuse se r\u00e9veille t\u00f4t au printemps : les prairies reverdissent, les bois se couvrent de fleurs et les journ\u00e9es plus longues invitent \u00e0 explorer le territoire.<\/p>\n\n\n\n<p>L\u2019un des lieux les plus fascinants est <strong><a href=\"https:\/\/www.umbriatourism.it\/it\/vallo-di-nera\" target=\"_blank\" rel=\"noreferrer noopener\">Vallo di Nera<\/a><\/strong>, l\u2019un des villages m\u00e9di\u00e9vaux les mieux conserv\u00e9s d\u2019Ombrie, avec ses maisons en pierre, ses ruelles \u00e9troites et sa superbe vue sur la vall\u00e9e. Non loin de l\u00e0 se trouve <strong>Scheggino<\/strong>, petit village au bord de la rivi\u00e8re, entour\u00e9 de bois et de collines.<\/p>\n\n\n\n<p>Parmi les sites historiques les plus \u00e9vocateurs de la r\u00e9gion, l\u2019<strong><a href=\"https:\/\/www.umbriatourism.it\/it\/-\/abbazia-di-san-pietro-in-valle-a-ferentillo\" target=\"_blank\" rel=\"noreferrer noopener\">abbaye de San Pietro in Valle<\/a><\/strong> m\u00e9rite une visite : un ancien monast\u00e8re immerg\u00e9 dans la nature, riche en fresques et en t\u00e9moignages m\u00e9di\u00e9vaux.<\/p>\n\n\n\n<p>En poursuivant vers les Apennins, on atteint <strong><a href=\"https:\/\/www.castellucciodinorcia.it\/\" target=\"_blank\" rel=\"noreferrer noopener\">Castelluccio di Norcia<\/a><\/strong>, petit village situ\u00e9 \u00e0 plus de 1400 m\u00e8tres d\u2019altitude dans le <strong>parc national des Monts Sibyllins<\/strong>. Le village domine la c\u00e9l\u00e8bre <strong>plaine de Castelluccio<\/strong>, un haut plateau spectaculaire qui, au printemps, se couvre de prairies fleuries et de couleurs intenses.<\/p>\n\n\n\n<p>La cuisine locale refl\u00e8te la tradition gastronomique ombrienne, riche en saveurs intenses. Parmi les plats typiques, vous trouverez :<\/p>\n\n\n\n<ul class=\"wp-block-list\">\n<li>strangozzi \u00e0 la truffe<\/li>\n\n\n\n<li>charcuteries de Norcia<\/li>\n\n\n\n<li>lentilles de Castelluccio<\/li>\n\n\n\n<li>soupes de l\u00e9gumineuses des Apennins<\/li>\n<\/ul>\n\n\n\n<h2 class=\"wp-block-heading\">Costa degli Dei<\/h2>\n\n\n\n<p>Dans le sud de la <strong>Calabre<\/strong>, entre <strong>Pizzo<\/strong>, <strong>Tropea<\/strong> et <strong>Capo Vaticano<\/strong>, s\u2019\u00e9tend l\u2019un des plus beaux littoraux de la M\u00e9diterran\u00e9e : la <strong><a href=\"https:\/\/calabriastraordinaria.it\/destinazioni\/costa-degli-dei\" target=\"_blank\" rel=\"noreferrer noopener\">Costa degli Dei<\/a><\/strong>. Ici, le printemps arrive tr\u00e8s t\u00f4t et, d\u00e8s mars et avril, le climat est doux, avec des journ\u00e9es lumineuses parfaites pour explorer la r\u00e9gion.<\/p>\n\n\n\n<p>L\u2019un des lieux embl\u00e9matiques est <strong><a href=\"https:\/\/www.tropea-tourism.com\/\" target=\"_blank\" rel=\"noreferrer noopener\">Tropea<\/a><\/strong>, c\u00e9l\u00e8bre pour son centre historique construit sur une falaise et pour le <strong>sanctuaire Santa Maria dell\u2019Isola<\/strong>, qui domine la mer depuis un promontoire rocheux.<\/p>\n\n\n\n<p>En poursuivant le long de la c\u00f4te, on rejoint <strong><a href=\"https:\/\/calabriastraordinaria.it\/destinazioni\/il-fascino-mitico-di-capo-vaticano\" target=\"_blank\" rel=\"noreferrer noopener\">Capo Vaticano<\/a><\/strong>, l\u2019un des points de vue les plus spectaculaires de Calabre. De l\u00e0 partent plusieurs sentiers c\u00f4tiers traversant le maquis m\u00e9diterran\u00e9en et offrant des vues sur la mer turquoise ainsi que sur les <strong>\u00eeles \u00c9oliennes<\/strong> lors des journ\u00e9es les plus claires.<\/p>\n\n\n\n<p>Dans les environs, une visite \u00e0 <strong>Pizzo<\/strong> vaut \u00e9galement le d\u00e9tour, cette \u00e9l\u00e9gante ville baln\u00e9aire \u00e9tant c\u00e9l\u00e8bre pour le <strong><a href=\"https:\/\/calabriastraordinaria.it\/luoghi\/castello-murat-pizzo\" target=\"_blank\" rel=\"noreferrer noopener\">ch\u00e2teau Murat<\/a><\/strong>, une forteresse historique directement tourn\u00e9e vers la c\u00f4te. Un peu plus \u00e0 l\u2019int\u00e9rieur des terres se trouve <strong><a href=\"https:\/\/calabriastraordinaria.it\/destinazioni\/ricadi-le-spiagge-privilegiate-dagli-dei\" target=\"_blank\" rel=\"noreferrer noopener\">Ricadi<\/a><\/strong>, petit village entour\u00e9 de collines verdoyantes offrant de splendides vues sur la mer Tyrrh\u00e9nienne.<\/p>\n\n\n\n<p>La cuisine locale refl\u00e8te les saveurs intenses de la tradition calabraise. Parmi les sp\u00e9cialit\u00e9s typiques, vous trouverez :<\/p>\n\n\n\n<ul class=\"wp-block-list\">\n<li>fileja calabraise<\/li>\n\n\n\n<li>oignon rouge de Tropea<\/li>\n\n\n\n<li>poisson bleu de la mer Tyrrh\u00e9nienne<\/li>\n\n\n\n<li>tartufo de Pizzo<\/li>\n<\/ul>\n\n\n\n<h2 class=\"wp-block-heading\">C\u00f4te sud de la Sicile et vall\u00e9e des Temples<\/h2>\n\n\n\n<p>Dans le sud de la <strong>Sicile<\/strong>, entre <strong><a href=\"https:\/\/www.visitsicily.info\/localita\/agrigento\/\" target=\"_blank\" rel=\"noreferrer noopener\">Agrigente<\/a><\/strong>, la <strong>Scala dei Turchi<\/strong> et <strong>Eraclea Minoa<\/strong>, le printemps arrive parmi les premiers en Italie. D\u00e8s f\u00e9vrier et mars, le climat est doux, les journ\u00e9es s\u2019allongent et le paysage se remplit des couleurs du maquis m\u00e9diterran\u00e9en.<\/p>\n\n\n\n<p>Le lieu embl\u00e9matique est la <strong><a href=\"https:\/\/parchiarcheologici.regione.sicilia.it\/parco-archeologico-della-valle-dei-templi\/\" target=\"_blank\" rel=\"noreferrer noopener\">vall\u00e9e des Temples d\u2019Agrigente<\/a><\/strong>, l\u2019un des sites arch\u00e9ologiques les plus spectaculaires de la M\u00e9diterran\u00e9e. On peut y admirer des temples grecs parfaitement conserv\u00e9s, comme le <strong>temple de la Concorde<\/strong>, le <strong>temple de Junon<\/strong> et le <strong>temple d\u2019Hercule<\/strong>, au c\u0153ur d\u2019un paysage de collines et d\u2019oliviers. Au printemps, le site devient encore plus enchanteur gr\u00e2ce \u00e0 la <strong>floraison des amandiers<\/strong>, c\u00e9l\u00e9br\u00e9e chaque ann\u00e9e avec la traditionnelle <strong><a href=\"https:\/\/www.visitsicily.info\/evento-new\/festa-del-mandorlo-in-fiore-2\/\" target=\"_blank\" rel=\"noreferrer noopener\">F\u00eate de l\u2019amandier en fleurs<\/a><\/strong>.<\/p>\n\n\n\n<p>\u00c0 quelques kilom\u00e8tres se trouve la c\u00e9l\u00e8bre <strong><a href=\"https:\/\/www.visitsicily.info\/scala-dei-turchi\/\" target=\"_blank\" rel=\"noreferrer noopener\">Scala dei Turchi<\/a><\/strong>, une spectaculaire falaise blanche de marne plongeant vers la mer en formes ondul\u00e9es. Le contraste entre la roche claire et l\u2019eau turquoise cr\u00e9e l\u2019un des panoramas c\u00f4tiers les plus iconiques de Sicile.<\/p>\n\n\n\n<p>En poursuivant le long de la c\u00f4te, on atteint <strong><a href=\"https:\/\/parchiarcheologici.regione.sicilia.it\/valle-templi\/siti-archeologici\/area-archeologica-antiquarium-e-teatro-eraclea-minoa\/\" target=\"_blank\" rel=\"noreferrer noopener\">Eraclea Minoa<\/a><\/strong>, o\u00f9 une longue plage de sable est prot\u00e9g\u00e9e par des falaises blanches et une pin\u00e8de qui rend le paysage encore plus suggestif. On y trouve aussi un int\u00e9ressant <strong>site arch\u00e9ologique grec<\/strong>, avec les vestiges d\u2019un ancien th\u00e9\u00e2tre surplombant la mer.<\/p>\n\n\n\n<p>La cuisine locale refl\u00e8te toute la richesse de la tradition sicilienne. Parmi les sp\u00e9cialit\u00e9s typiques, vous trouverez :<\/p>\n\n\n\n<ul class=\"wp-block-list\">\n<li>caponata d\u2019aubergines<\/li>\n\n\n\n<li>couscous de poisson<\/li>\n\n\n\n<li>arancine<\/li>\n\n\n\n<li>cannoli \u00e0 la ricotta<\/li>\n\n\n\n<li>cassata sicilienne<\/li>\n<\/ul>\n\n\n\n<h2 class=\"wp-block-heading\">Conclusion<\/h2>\n\n\n\n<p>Le printemps est l\u2019un des meilleurs moments pour organiser des <strong>voyages en camping-car, fourgon am\u00e9nag\u00e9 ou caravane<\/strong>.<\/p>\n\n\n\n<p>Les temp\u00e9ratures sont id\u00e9ales, les paysages se transforment et de nombreuses destinations sont encore loin du tourisme estival.<\/p>\n\n\n\n<p>Avec Agricamper, vous pouvez facilement organiser vos \u00e9tapes au cours de vos voyages en Italie.<\/p>\n\n\n\n<p>En chemin, vous pourrez choisir une halte dans une exploitation agricole et vivre des exp\u00e9riences authentiques, loin du tourisme de masse.<\/p>\n\n\n\n<p>Si vous souhaitez d\u00e9couvrir comment fonctionne le r\u00e9seau, vous pouvez commencer par <a href=\"https:\/\/www.agricamper.com\/fr\/faq\/ou-telecharger-lapplication-agricamper\/\" title=\"\"><strong>t\u00e9l\u00e9charger l\u2019application<\/strong><\/a> et essayer la <strong>version d\u00e9mo gratuite<\/strong>.<\/p>\n\n\n\n<p>Puis, lorsque vous serez pr\u00eats \u00e0 partir pour de bon, vous pourrez <strong><a href=\"https:\/\/www.agricamper.com\/fr\/produit\/agricamper-italia-guide-detapes-en-camping-car-en-italie\/\" title=\"\">acheter l\u2019adh\u00e9sion<\/a><\/strong> et commencer \u00e0 voyager librement parmi des centaines d\u2019\u00e9tapes dans toute l\u2019Italie.<\/p>\n\n\n\n<p>D\u00e9couvrez d\u00e8s maintenant o\u00f9 vous m\u00e8nera votre prochain voyage !<\/p>\n","protected":false},"excerpt":{"rendered":"<p>Quand l\u2019hiver touche \u00e0 sa fin mais que le froid n\u2019a pas encore totalement laiss\u00e9 place aux beaux jours, certaines r\u00e9gions d\u2019Italie voient le printemps arriver plus t\u00f4t. Ici, les prairies verdissent d\u00e8s f\u00e9vrier, les arbres commencent \u00e0 fleurir et les journ\u00e9es plus longues donnent envie de reprendre la route. Pour celles et ceux qui [&hellip;]<\/p>\n","protected":false},"author":1,"featured_media":4875,"comment_status":"closed","ping_status":"closed","sticky":false,"template":"","format":"standard","meta":{"_acf_changed":false,"_breakdance_hide_in_design_set":false,"_breakdance_tags":"","footnotes":""},"categories":[347],"tags":[348,350,373,352,531,542,374,362],"class_list":["post-4881","post","type-post","status-publish","format-standard","has-post-thumbnail","hentry","category-voyage-en-camping-car-et-caravane-en-italie","tag-activites-dans-la-nature","tag-les-activites-culturelles","tag-monuments-historiques","tag-plats-typiques","tag-se-detendre","tag-villes-dart","tag-voyager-en-camping-car-et-en-caravane","tag-voyager-en-famille"],"acf":[],"_links":{"self":[{"href":"https:\/\/www.agricamper.com\/fr\/wp-json\/wp\/v2\/posts\/4881","targetHints":{"allow":["GET"]}}],"collection":[{"href":"https:\/\/www.agricamper.com\/fr\/wp-json\/wp\/v2\/posts"}],"about":[{"href":"https:\/\/www.agricamper.com\/fr\/wp-json\/wp\/v2\/types\/post"}],"author":[{"embeddable":true,"href":"https:\/\/www.agricamper.com\/fr\/wp-json\/wp\/v2\/users\/1"}],"replies":[{"embeddable":true,"href":"https:\/\/www.agricamper.com\/fr\/wp-json\/wp\/v2\/comments?post=4881"}],"version-history":[{"count":1,"href":"https:\/\/www.agricamper.com\/fr\/wp-json\/wp\/v2\/posts\/4881\/revisions"}],"predecessor-version":[{"id":4882,"href":"https:\/\/www.agricamper.com\/fr\/wp-json\/wp\/v2\/posts\/4881\/revisions\/4882"}],"wp:featuredmedia":[{"embeddable":true,"href":"https:\/\/www.agricamper.com\/fr\/wp-json\/wp\/v2\/media\/4875"}],"wp:attachment":[{"href":"https:\/\/www.agricamper.com\/fr\/wp-json\/wp\/v2\/media?parent=4881"}],"wp:term":[{"taxonomy":"category","embeddable":true,"href":"https:\/\/www.agricamper.com\/fr\/wp-json\/wp\/v2\/categories?post=4881"},{"taxonomy":"post_tag","embeddable":true,"href":"https:\/\/www.agricamper.com\/fr\/wp-json\/wp\/v2\/tags?post=4881"}],"curies":[{"name":"wp","href":"https:\/\/api.w.org\/{rel}","templated":true}]}}