{"id":4815,"date":"2026-02-04T11:22:50","date_gmt":"2026-02-04T11:22:50","guid":{"rendered":"https:\/\/www.agricamper.com\/pourquoi-voyager-en-camping-car-est-lune-des-formes-de-vacances-les-plus-durables-donnees-et-etudes-scientifiques\/"},"modified":"2026-04-09T14:08:34","modified_gmt":"2026-04-09T14:08:34","slug":"pourquoi-voyager-en-camping-car-est-lune-des-formes-de-vacances-les-plus-durables-donnees-et-etudes-scientifiques","status":"publish","type":"post","link":"https:\/\/www.agricamper.com\/fr\/get-inspired\/pourquoi-voyager-en-camping-car-est-lune-des-formes-de-vacances-les-plus-durables-donnees-et-etudes-scientifiques\/","title":{"rendered":"Pourquoi voyager en camping-car est l&rsquo;une des formes de vacances les plus durables : donn\u00e9es et \u00e9tudes scientifiques"},"content":{"rendered":"\n<h2 class=\"wp-block-heading\" id=\"il-pregiudizio-il-camper-inquina-pi-di-tutto\">Le pr\u00e9jug\u00e9 : \u00ab le camping-car pollue \u00bb<\/h2>\n\n\n\n<p>Beaucoup associent le camping-car \u00e0 une forte consommation de carburant et donc \u00e0 une empreinte CO\u2082 \u00e9lev\u00e9e, sans consid\u00e9rer qu\u2019un voyage ne se r\u00e9sume pas au transport : il inclut aussi l\u2019h\u00e9bergement, les infrastructures et les comportements sur place.<a href=\"https:\/\/www.e-c-f.com\/artikel\/environment\/\" target=\"_blank\" rel=\"noreferrer noopener\"><\/a><br>Les principales recherches sur le tourisme s\u2019appuient d\u2019ailleurs sur l\u2019analyse du cycle de vie : fabrication du v\u00e9hicule, kilom\u00e8tres parcourus, type de nuit\u00e9es, \u00e9nergie utilis\u00e9e pour le chauffage\/la climatisation, entretien et fin de vie.<a href=\"https:\/\/www.ifeu.de\/en\/project\/climate-balance-of-caravanning\" target=\"_blank\" rel=\"noreferrer noopener\"><\/a><br>Lorsqu\u2019on observe l\u2019ensemble du cycle, le caravaning (camping-car ou voiture + caravane) affiche souvent un meilleur bilan climatique global que des vacances \u00ab classiques \u00bb \u00e0 l\u2019h\u00f4tel, surtout pour les couples et les familles.<a href=\"https:\/\/www.civd.de\/en\/news\/neue-studie-bescheinigt-caravaning-gute-klima-bilanz-copy\/\" target=\"_blank\" rel=\"noreferrer noopener\"><\/a><\/p>\n\n\n\n<!--more Continuer la lecture de-->\n\n\n\n<h2 class=\"wp-block-heading\" id=\"cosa-dicono-gli-studi-sul-clima-camper-vs-auto--ho\">Ce que disent les \u00e9tudes sur le climat : camping-car vs voiture + h\u00f4tel vs avion<\/h2>\n\n\n\n<p>L\u2019institut allemand IFEU (Institute for Energy and Environmental Research) a compar\u00e9 plusieurs types de vacances, en incluant le trajet aller\/retour, la mobilit\u00e9 sur place, l\u2019h\u00e9bergement, et m\u00eame la fabrication et le recyclage des v\u00e9hicules de loisirs.<a href=\"https:\/\/www.civd.de\/en\/artikel\/caravannings-climate-footprint\/\" target=\"_blank\" rel=\"noreferrer noopener\"><\/a><\/p>\n\n\n\n<ul class=\"wp-block-list\">\n<li>Dans un sc\u00e9nario type pour deux personnes se rendant sur l\u2019\u00eele de R\u00fcgen (Allemagne), des vacances en camping-car ou en caravane sont <strong>plus favorables<\/strong> en CO\u2082 qu\u2019un voyage en voiture avec nuit\u00e9es \u00e0 l\u2019h\u00f4tel.<a href=\"https:\/\/www.civd.de\/wp-content\/uploads\/2020\/09\/232020_PM_New-study-attests-caravanning-a-good-climate-balance.pdf\" target=\"_blank\" rel=\"noreferrer noopener\"><\/a><\/li>\n\n\n\n<li>Les \u00e9missions plus \u00e9lev\u00e9es du camping-car pendant le trajet (poids et gabarit) sont <strong>plus que compens\u00e9es<\/strong> par l\u2019empreinte nettement plus faible de l\u2019h\u00e9bergement en camping ou en aire d\u00e9di\u00e9e, par rapport \u00e0 l\u2019h\u00f4tel.<a href=\"https:\/\/www.civd.de\/wp-content\/uploads\/2020\/09\/232020_PM_New-study-attests-caravanning-a-good-climate-balance-1.pdf\" target=\"_blank\" rel=\"noreferrer noopener\"><\/a><\/li>\n\n\n\n<li>Dans la m\u00eame \u00e9tude, des vacances en camping-car se r\u00e9v\u00e8lent <strong>moins impactantes<\/strong> sur le climat qu\u2019un voyage en avion avec s\u00e9jour \u00e0 l\u2019h\u00f4tel dans le Sud de la France ; la nuit\u00e9e en aire de services sp\u00e9cialis\u00e9e est encore plus avantageuse que le camping traditionnel.<a href=\"https:\/\/www.campingbusiness.eu\/en\/per-le-emissioni-di-co2-viaggiare-in-camper-o-con-la-caravan-e-meglio-di-qualsiasi-altra-modalita\/\" target=\"_blank\" rel=\"noreferrer noopener\"><\/a><\/li>\n<\/ul>\n\n\n\n<p>En r\u00e9sum\u00e9 : si l\u2019on compare des voyages r\u00e9els (et pas seulement les \u00ab litres aux 100 km \u00bb), camping-cars et caravanes affichent une empreinte climatique <strong>inf\u00e9rieure<\/strong> \u00e0 la combinaison voiture + h\u00f4tel, et aux vacances avion + h\u00f4tel.<a rel=\"noreferrer noopener\" target=\"_blank\" href=\"https:\/\/www.campingbusiness.eu\/en\/per-le-emissioni-di-co2-viaggiare-in-camper-o-con-la-caravan-e-meglio-di-qualsiasi-altra-modalita\/\"><\/a><\/p>\n\n\n\n<h2 class=\"wp-block-heading\" id=\"lalloggio-perch-campeggio-e-agricampeggio-battono\">L\u2019h\u00e9bergement : pourquoi le camping et l\u2019agricamping font mieux que l\u2019h\u00f4tel<\/h2>\n\n\n\n<p>L\u2019h\u00e9bergement est le grand \u00ab secret \u00bb qui rend le camping-car comp\u00e9titif d\u2019un point de vue \u00e9cologique.<a rel=\"noreferrer noopener\" target=\"_blank\" href=\"https:\/\/www.e-c-f.com\/artikel\/environment\/\"><\/a><\/p>\n\n\n\n<p>L\u2019ADEME (Agence de la transition \u00e9cologique) a compar\u00e9 l\u2019empreinte de quatre grandes cat\u00e9gories d\u2019h\u00e9bergement, en calculant les kg de CO\u2082 \u00e9quivalent par nuit.<a rel=\"noreferrer noopener\" target=\"_blank\" href=\"https:\/\/www.ot-campings.com\/l-actualite\/environnement\/le-camping-champion-de-la-faible-empreinte-carbone\/\"><\/a><\/p>\n\n\n\n<ul class=\"wp-block-list\">\n<li>1 nuit en <strong>r\u00e9sidence secondaire<\/strong> : environ <strong>7 kg CO\u2082e<\/strong> par personne.<a href=\"https:\/\/www.ot-campings.com\/l-actualite\/environnement\/le-camping-champion-de-la-faible-empreinte-carbone\/\" target=\"_blank\" rel=\"noreferrer noopener\"><\/a>\u200b<\/li>\n\n\n\n<li>1 nuit \u00e0 l\u2019<strong>h\u00f4tel<\/strong> : environ <strong>5,3 kg CO\u2082e<\/strong> par personne.<a href=\"https:\/\/agirpourlatransition.ademe.fr\/particuliers\/mieux-consommer\/vacances-loisirs\/choisir-hebergement-durable\" target=\"_blank\" rel=\"noreferrer noopener\"><\/a><\/li>\n\n\n\n<li>1 nuit en <strong>appartement\/maison en location<\/strong> : environ <strong>5,2 kg CO\u2082e<\/strong> par personne.<a href=\"https:\/\/agirpourlatransition.ademe.fr\/particuliers\/mieux-consommer\/vacances-loisirs\/choisir-hebergement-durable\" target=\"_blank\" rel=\"noreferrer noopener\"><\/a><\/li>\n\n\n\n<li>1 nuit en <strong>camping<\/strong> : seulement <strong>1,4 kg CO\u2082e<\/strong> par personne (environ 3 \u00e0 4 fois moins que l\u2019h\u00f4tel).<a href=\"https:\/\/nosgestesclimat.fr\/documentation\/logement\/vacances\/camping\/empreinte-par-nuit\" target=\"_blank\" rel=\"noreferrer noopener\"><\/a><\/li>\n<\/ul>\n\n\n\n<p>Pourquoi le camping \u00e9met-il moins ?<a rel=\"noreferrer noopener\" target=\"_blank\" href=\"https:\/\/nosgestesclimat.fr\/documentation\/logement\/vacances\/camping\/empreinte-par-nuit\"><\/a><\/p>\n\n\n\n<ul class=\"wp-block-list\">\n<li>Des infrastructures plus l\u00e9g\u00e8res, moins de b\u00e9ton et moins de volumes \u00e0 chauffer\/rafra\u00eechir.<\/li>\n\n\n\n<li>Moins d\u2019espaces communs \u00e9nergivores (couloirs, hall, ascenseurs, spa, grandes piscines int\u00e9rieures).<\/li>\n\n\n\n<li>Davantage de solutions naturelles et, de plus en plus, des \u00e9nergies renouvelables et un \u00e9clairage basse consommation.<a href=\"https:\/\/www.ot-campings.com\/l-actualite\/environnement\/le-camping-champion-de-la-faible-empreinte-carbone\/\" target=\"_blank\" rel=\"noreferrer noopener\"><\/a><\/li>\n<\/ul>\n\n\n\n<p>Un camping-car stationn\u00e9 en camping ou en agricamping b\u00e9n\u00e9ficie donc de cette structure \u00ab l\u00e9g\u00e8re \u00bb : l\u2019h\u00e9bergement p\u00e8se bien moins qu\u2019une chambre d\u2019h\u00f4tel traditionnelle.<a rel=\"noreferrer noopener\" target=\"_blank\" href=\"https:\/\/www.civd.de\/en\/artikel\/caravannings-climate-footprint\/\"><\/a><\/p>\n\n\n\n<h2 class=\"wp-block-heading\" id=\"camper-vs-altre-vacanze-numeri-chiave\">Camping-car vs autres vacances : chiffres cl\u00e9s<\/h2>\n\n\n\n<p>Les \u00e9tudes sur le caravaning montrent que le camping-car est particuli\u00e8rement efficace lorsque deux personnes (ou plus) voyagent ensemble.<a rel=\"noreferrer noopener\" target=\"_blank\" href=\"https:\/\/www.campingbusiness.eu\/en\/per-le-emissioni-di-co2-viaggiare-in-camper-o-con-la-caravan-e-meglio-di-qualsiasi-altra-modalita\/\"><\/a><\/p>\n\n\n\n<ul class=\"wp-block-list\">\n<li>Selon les analyses cit\u00e9es par le CIVD et l\u2019\u00d6ko-Institut, voyager en camping-car ou en caravane g\u00e9n\u00e8re <strong>moins d\u2019\u00e9missions nocives pour le climat<\/strong> que des vacances de dur\u00e9e \u00e9quivalente en avion avec s\u00e9jour \u00e0 l\u2019h\u00f4tel.<a href=\"https:\/\/www.civd.de\/en\/news\/neue-studie-bescheinigt-caravaning-gute-klima-bilanz-copy\/\" target=\"_blank\" rel=\"noreferrer noopener\"><\/a><\/li>\n\n\n\n<li>Le communiqu\u00e9 du CIVD indique qu\u2019un h\u00f4tel peut \u00e9mettre <strong>jusqu\u2019\u00e0 10 fois<\/strong> plus de CO\u2082 par personne et par nuit qu\u2019un camping ou une aire d\u00e9di\u00e9e aux camping-cars.<a href=\"https:\/\/www.civd.de\/wp-content\/uploads\/2020\/09\/232020_PM_New-study-attests-caravanning-a-good-climate-balance-1.pdf\" target=\"_blank\" rel=\"noreferrer noopener\"><\/a><\/li>\n\n\n\n<li>Lorsque le camping-car est occup\u00e9 par une famille (3\u20134 personnes), les \u00e9missions par personne et par kilom\u00e8tre diminuent fortement ; cela rend le camping-car comp\u00e9titif face au duo voiture + h\u00f4tel et, dans certains sc\u00e9narios, pas tr\u00e8s \u00e9loign\u00e9 des combinaisons train + h\u00f4tel.<a href=\"https:\/\/www.civd.de\/en\/news\/neue-studie-bescheinigt-caravaning-gute-klima-bilanz-copy\/\" target=\"_blank\" rel=\"noreferrer noopener\"><\/a><\/li>\n<\/ul>\n\n\n\n<p>R\u00e9sultat : plus le s\u00e9jour est long et plus on profite de l\u2019h\u00e9bergement \u00ab l\u00e9ger \u00bb du camping, plus le camping-car devient int\u00e9ressant sur le plan \u00e9cologique par rapport \u00e0 d\u2019autres formes de tourisme de masse.<a rel=\"noreferrer noopener\" target=\"_blank\" href=\"https:\/\/www.civd.de\/wp-content\/uploads\/2020\/09\/232020_PM_New-study-attests-caravanning-a-good-climate-balance-1.pdf\"><\/a><\/p>\n\n\n\n<h2 class=\"wp-block-heading\" id=\"perch-il-camper-pu-essere-davvero-sostenibile-se-u\">Pourquoi le camping-car peut \u00eatre vraiment durable (si on l\u2019utilise bien)<\/h2>\n\n\n\n<p>Voyager en camping-car n\u2019est pas automatiquement \u00ab green \u00bb, mais offre de nombreux leviers pour r\u00e9duire l\u2019impact environnemental.<a rel=\"noreferrer noopener\" target=\"_blank\" href=\"https:\/\/en.parknsleep.com\/blog\/campen-als-nachhaltige-reiseform\"><\/a><\/p>\n\n\n\n<ul class=\"wp-block-list\">\n<li><strong>Moins d\u2019infrastructures lourdes<\/strong> : pas besoin de grands h\u00f4tels ou de resorts ; des aires bien pens\u00e9es, des fermes et de petits agricampings aux \u00e9quipements minimaux suffisent.<a href=\"https:\/\/www.e-c-f.com\/artikel\/environment\/\" target=\"_blank\" rel=\"noreferrer noopener\"><\/a><\/li>\n\n\n\n<li><strong>Un mode de vie plus sobre \u00e0 bord<\/strong> : r\u00e9servoirs d\u2019eau limit\u00e9s, batteries finies, r\u00e9duction \u00ab naturelle \u00bb des gaspillages (douches plus courtes, lumi\u00e8res \u00e9teintes, chauffage\/climatisation plus cibl\u00e9s).<a href=\"https:\/\/pmc.ncbi.nlm.nih.gov\/articles\/PMC9132554\/\" target=\"_blank\" rel=\"noreferrer noopener\"><\/a><\/li>\n\n\n\n<li><strong>Un tourisme diffus et rural<\/strong> : le camping-car permet de r\u00e9partir les flux touristiques, de limiter la pression sur les destinations surfr\u00e9quent\u00e9es et de soutenir les \u00e9conomies agricoles locales.<a href=\"https:\/\/www.e-c-f.com\/artikel\/environment\/\" target=\"_blank\" rel=\"noreferrer noopener\"><\/a><\/li>\n\n\n\n<li><strong>Des \u00e9nergies renouvelables \u00e0 bord<\/strong> : panneaux solaires photovolta\u00efques et gestion intelligente de l\u2019\u00e9nergie sont de plus en plus r\u00e9pandus chez les camping-caristes.<a href=\"https:\/\/en.parknsleep.com\/blog\/campen-als-nachhaltige-reiseform\" target=\"_blank\" rel=\"noreferrer noopener\"><\/a><\/li>\n<\/ul>\n\n\n\n<p>Si le voyageur choisit des itin\u00e9raires plus lents, \u00e9vite d\u2019avaler des milliers de kilom\u00e8tres en quelques jours et privil\u00e9gie des structures l\u00e9g\u00e8res comme les campings et les agriturismi, l\u2019empreinte climatique du voyage en camping-car s\u2019am\u00e9liore encore.<a rel=\"noreferrer noopener\" target=\"_blank\" href=\"https:\/\/www.nature.com\/articles\/s41560-024-01561-3\"><\/a><\/p>\n\n\n\n<h2 class=\"wp-block-heading\" id=\"dove-entra-agricamper-camper-agricoltura-e-turismo\">O\u00f9 Agricamper entre en jeu : camping-car, agriculture et tourisme doux<\/h2>\n\n\n\n<p>Le mod\u00e8le Agricamper s\u2019inscrit parfaitement dans cette logique de tourisme plus <strong>responsable<\/strong> et \u00e0 faible impact.<\/p>\n\n\n\n<ul class=\"wp-block-list\">\n<li>Les haltes Agricamper sont propos\u00e9es par des exploitations agricoles, agriturismi, domaines viticoles et acteurs ruraux d\u00e9j\u00e0 existants : pas besoin de construire de nouveaux h\u00f4tels ou r\u00e9sidences, on valorise des structures et des terrains d\u00e9j\u00e0 pr\u00e9sents.<\/li>\n\n\n\n<li>Les haltes sont limit\u00e9es \u00e0 quelques v\u00e9hicules, ce qui r\u00e9duit l\u2019impact sur le territoire par rapport aux grands campings ou villages de vacances et favorise un tourisme diffus plut\u00f4t que concentr\u00e9.<\/li>\n\n\n\n<li>Les voyageurs ach\u00e8tent des produits locaux (vin, huile d\u2019olive, fromages, fruits, l\u00e9gumes), soutenant directement l\u2019\u00e9conomie paysanne et r\u00e9duisant le recours \u00e0 des fili\u00e8res longues et tr\u00e8s \u00e9nergivores.<\/li>\n\n\n\n<li>De nombreux h\u00f4tes Agricamper encouragent des pratiques respectueuses de l\u2019environnement : agriculture durable, protection des paysages ruraux, gestion attentive de l\u2019eau et des d\u00e9chets.<\/li>\n<\/ul>\n\n\n\n<p>Concr\u00e8tement, Agricamper combine les avantages climatiques du camping (faible empreinte par nuit) avec ceux du tourisme rural, qui pr\u00e9serve les paysages, la biodiversit\u00e9 et les communaut\u00e9s locales.<a rel=\"noreferrer noopener\" target=\"_blank\" href=\"https:\/\/www.campingbusiness.eu\/en\/per-le-emissioni-di-co2-viaggiare-in-camper-o-con-la-caravan-e-meglio-di-qualsiasi-altra-modalita\/\"><\/a><\/p>\n\n\n\n<h2 class=\"wp-block-heading\" id=\"come-rendere-il-tuo-viaggio-in-camper-ancora-pi-gr\">Comment rendre votre voyage en camping-car encore plus \u00ab vert \u00bb<\/h2>\n\n\n\n<p>Les voyageurs peuvent r\u00e9duire davantage leur impact avec quelques choix concrets.<a rel=\"noreferrer noopener\" target=\"_blank\" href=\"https:\/\/pmc.ncbi.nlm.nih.gov\/articles\/PMC9132554\/\"><\/a><\/p>\n\n\n\n<ul class=\"wp-block-list\">\n<li>Pr\u00e9voir des itin\u00e9raires plus courts et des haltes plus longues, en \u00e9vitant de rouler des centaines de kilom\u00e8tres en quelques jours.<a href=\"https:\/\/pmc.ncbi.nlm.nih.gov\/articles\/PMC4032180\/\" target=\"_blank\" rel=\"noreferrer noopener\"><\/a><\/li>\n\n\n\n<li>Partager le v\u00e9hicule avec la famille ou des amis : plus on est \u00e0 bord, moins il y a de CO\u2082 par personne.<a href=\"https:\/\/www.civd.de\/en\/artikel\/caravannings-climate-footprint\/\" target=\"_blank\" rel=\"noreferrer noopener\"><\/a><\/li>\n\n\n\n<li>Privil\u00e9gier les petits campings, agricampings et haltes rurales plut\u00f4t que des \u00e9tablissements tr\u00e8s \u00e9nergivores (grands resorts, mega-villages aux infrastructures intensives).<a href=\"https:\/\/www.ot-campings.com\/l-actualite\/environnement\/le-camping-champion-de-la-faible-empreinte-carbone\/\" target=\"_blank\" rel=\"noreferrer noopener\"><\/a><\/li>\n\n\n\n<li>Installer des panneaux solaires et utiliser des LED, r\u00e9duire chauffage et climatisation, g\u00e9rer avec soin l\u2019eau et les d\u00e9chets, respecter la nature sur les lieux de halte.<a href=\"https:\/\/en.parknsleep.com\/blog\/campen-als-nachhaltige-reiseform\" target=\"_blank\" rel=\"noreferrer noopener\"><\/a><\/li>\n<\/ul>\n\n\n\n<p>La combinaison entre v\u00e9hicule de loisirs et bonnes pratiques au quotidien fait la diff\u00e9rence entre un voyage \u00ab juste pratique \u00bb et un voyage vraiment durable.<a rel=\"noreferrer noopener\" target=\"_blank\" href=\"https:\/\/pmc.ncbi.nlm.nih.gov\/articles\/PMC9132554\/\"><\/a><\/p>\n\n\n\n<h2 class=\"wp-block-heading\" id=\"classifica-dalle-vacanze-pi-inquinanti-alle-pi-vir\">Classement : des vacances les plus polluantes aux plus vertueuses<\/h2>\n\n\n\n<p>\u00c0 partir des donn\u00e9es disponibles (CO\u2082 du transport + impact moyen de l\u2019h\u00e9bergement), voici une synth\u00e8se indicative des principaux types de vacances, de la moins \u00e0 la plus durable.<a rel=\"noreferrer noopener\" target=\"_blank\" href=\"https:\/\/www.civd.de\/wp-content\/uploads\/2020\/09\/232020_PM_New-study-attests-caravanning-a-good-climate-balance-1.pdf\"><\/a><\/p>\n\n\n\n<h2 class=\"wp-block-heading\">Tableau indicatif (empreinte la plus \u00e9lev\u00e9e \u2192 la plus faible)<\/h2>\n\n\n\n<figure class=\"wp-block-table\"><table class=\"has-fixed-layout\"><thead><tr><th>Type de vacances (sc\u00e9nario europ\u00e9en moyen)<\/th><th>Principale source d\u2019impact<\/th><th>Donn\u00e9es et sources indicatives<\/th><\/tr><\/thead><tbody><tr><td>1. Vol long-courrier + resort\/h\u00f4tel haut de gamme<\/td><td>Vols longs tr\u00e8s \u00e9metteurs, h\u00f4tels \u00e9nergivores (chauffage\/climatisation, grandes infrastructures)<\/td><td>Les \u00e9tudes cit\u00e9es par le CIVD et l\u2019\u00d6ko-Institut indiquent que les vacances avion + h\u00f4tel figurent parmi les plus impactantes pour le climat.<a rel=\"noreferrer noopener\" target=\"_blank\" href=\"https:\/\/www.civd.de\/en\/artikel\/caravannings-climate-footprint\/\"><\/a><\/td><\/tr><tr><td>2. Vol moyen-courrier + h\u00f4tel<\/td><td>Transport a\u00e9rien + h\u00e9bergement \u00e0 l\u2019h\u00f4tel (\u2248 5,3 kg CO\u2082e\/nuit)<\/td><td>L\u2019ADEME estime 5,3 kg CO\u2082e par nuit \u00e0 l\u2019h\u00f4tel ; le vol ajoute une part tr\u00e8s importante de CO\u2082.<a rel=\"noreferrer noopener\" target=\"_blank\" href=\"https:\/\/www.ot-campings.com\/l-actualite\/environnement\/le-camping-champion-de-la-faible-empreinte-carbone\/\"><\/a><\/td><\/tr><tr><td>3. Voiture + h\u00f4tel<\/td><td>\u00c9missions de la voiture + h\u00f4tel beaucoup plus \u00e9metteur que le camping (jusqu\u2019\u00e0 10\u00d7 un camping)<\/td><td>L\u2019\u00e9tude IFEU\/CIVD montre que voiture + h\u00f4tel \u00e9met plus de CO\u2082 que camping-car\/caravane + camping.<a href=\"https:\/\/www.civd.de\/wp-content\/uploads\/2020\/09\/232020_PM_New-study-attests-caravanning-a-good-climate-balance-1.pdf\" target=\"_blank\" rel=\"noreferrer noopener\"><\/a><\/td><\/tr><tr><td>4. Croisi\u00e8re maritime<\/td><td>Navires de croisi\u00e8re \u00e0 tr\u00e8s forte consommation, services \u00ab h\u00f4teliers \u00bb int\u00e9gr\u00e9s<\/td><td>Des analyses environnementales ind\u00e9pendantes montrent que certaines croisi\u00e8res peuvent g\u00e9n\u00e9rer des \u00e9missions comparables, voire sup\u00e9rieures, \u00e0 des vacances avion + h\u00f4tel de dur\u00e9e \u00e9quivalente.<a rel=\"noreferrer noopener\" target=\"_blank\" href=\"https:\/\/www.civd.de\/en\/artikel\/caravannings-climate-footprint\/\"><\/a><\/td><\/tr><tr><td>5. Voiture + maison\/appartement en location<\/td><td>Voiture individuelle + h\u00e9bergement moyen (\u2248 5,2 kg CO\u2082e\/nuit)<\/td><td>L\u2019ADEME estime 5,2 kg CO\u2082e par nuit pour les locations touristiques.<a rel=\"noreferrer noopener\" target=\"_blank\" href=\"https:\/\/www.ot-campings.com\/l-actualite\/environnement\/le-camping-champion-de-la-faible-empreinte-carbone\/\"><\/a><\/td><\/tr><tr><td>6. Camping-car\/Caravane + camping<\/td><td>Transport plus \u00e9metteur qu\u2019en voiture, mais h\u00e9bergement tr\u00e8s sobre (\u2248 1,4 kg CO\u2082e\/nuit)<\/td><td>IFEU\/CIVD : le caravaning est moins \u00e9metteur que voiture + h\u00f4tel et avion + h\u00f4tel ; camping \u00e0 1,4 kg CO\u2082e\/nuit selon l\u2019ADEME.<a href=\"https:\/\/www.civd.de\/wp-content\/uploads\/2020\/09\/232020_PM_New-study-attests-caravanning-a-good-climate-balance-1.pdf\" target=\"_blank\" rel=\"noreferrer noopener\"><\/a><\/td><\/tr><tr><td>7. Camping-car\/Caravane + agricamping\/haltes rurales Agricamper<\/td><td>M\u00eames logiques que le camping, avec encore moins d\u2019infrastructures et une forte retomb\u00e9e positive sur les territoires ruraux<\/td><td>Le mod\u00e8le \u00ab agricamping \u00bb valorise des exploitations existantes, limite les nouvelles constructions et soutient les \u00e9conomies locales.<a rel=\"noreferrer noopener\" target=\"_blank\" href=\"https:\/\/www.ot-campings.com\/l-actualite\/environnement\/le-camping-champion-de-la-faible-empreinte-carbone\/\"><\/a><\/td><\/tr><tr><td>8. Train + h\u00f4tel<\/td><td>Transport ferroviaire g\u00e9n\u00e9ralement moins \u00e9metteur que la voiture et l\u2019avion, mais l\u2019h\u00f4tel reste \u00e9nergivore<\/td><td>L\u2019\u00e9tude IFEU montre que, dans l\u2019exemple de R\u00fcgen, train + h\u00f4tel n\u2019est pas beaucoup plus vertueux que camping-car + camping.<a rel=\"noreferrer noopener\" target=\"_blank\" href=\"https:\/\/www.civd.de\/wp-content\/uploads\/2020\/09\/232020_PM_New-study-attests-caravanning-a-good-climate-balance-1.pdf\"><\/a><\/td><\/tr><tr><td>9. Train + camping\/agricamping<\/td><td>Transport parmi les plus efficaces + h\u00e9bergement \u00e0 empreinte minimale<\/td><td>En combinant le faible impact du train avec 1,4 kg CO\u2082e\/nuit du camping, on obtient l\u2019une des formules de vacances les plus durables.<a rel=\"noreferrer noopener\" target=\"_blank\" href=\"https:\/\/www.ot-campings.com\/l-actualite\/environnement\/le-camping-champion-de-la-faible-empreinte-carbone\/\"><\/a><\/td><\/tr><\/tbody><\/table><\/figure>\n\n\n\n<p>Ce classement est indicatif et d\u00e9pend toujours des kilom\u00e8tres parcourus, de la dur\u00e9e du s\u00e9jour, du nombre de personnes et des comportements individuels. Mais le constat g\u00e9n\u00e9ral est clair : le camping-car, surtout lorsqu\u2019il stationne chez des h\u00f4tes Agricamper ou dans d\u2019autres agricampings, figure parmi les options de vacances les plus responsables du point de vue climatique.<\/p>\n","protected":false},"excerpt":{"rendered":"<p>Le pr\u00e9jug\u00e9 : \u00ab le camping-car pollue \u00bb Beaucoup associent le camping-car \u00e0 une forte consommation de carburant et donc \u00e0 une empreinte CO\u2082 \u00e9lev\u00e9e, sans consid\u00e9rer qu\u2019un voyage ne se r\u00e9sume pas au transport : il inclut aussi l\u2019h\u00e9bergement, les infrastructures et les comportements sur place.Les principales recherches sur le tourisme s\u2019appuient d\u2019ailleurs sur [&hellip;]<\/p>\n","protected":false},"author":1,"featured_media":4809,"comment_status":"closed","ping_status":"closed","sticky":false,"template":"","format":"standard","meta":{"_acf_changed":false,"_breakdance_hide_in_design_set":false,"_breakdance_tags":"","footnotes":""},"categories":[347],"tags":[],"class_list":["post-4815","post","type-post","status-publish","format-standard","has-post-thumbnail","hentry","category-voyage-en-camping-car-et-caravane-en-italie"],"acf":[],"_links":{"self":[{"href":"https:\/\/www.agricamper.com\/fr\/wp-json\/wp\/v2\/posts\/4815","targetHints":{"allow":["GET"]}}],"collection":[{"href":"https:\/\/www.agricamper.com\/fr\/wp-json\/wp\/v2\/posts"}],"about":[{"href":"https:\/\/www.agricamper.com\/fr\/wp-json\/wp\/v2\/types\/post"}],"author":[{"embeddable":true,"href":"https:\/\/www.agricamper.com\/fr\/wp-json\/wp\/v2\/users\/1"}],"replies":[{"embeddable":true,"href":"https:\/\/www.agricamper.com\/fr\/wp-json\/wp\/v2\/comments?post=4815"}],"version-history":[{"count":1,"href":"https:\/\/www.agricamper.com\/fr\/wp-json\/wp\/v2\/posts\/4815\/revisions"}],"predecessor-version":[{"id":4816,"href":"https:\/\/www.agricamper.com\/fr\/wp-json\/wp\/v2\/posts\/4815\/revisions\/4816"}],"wp:featuredmedia":[{"embeddable":true,"href":"https:\/\/www.agricamper.com\/fr\/wp-json\/wp\/v2\/media\/4809"}],"wp:attachment":[{"href":"https:\/\/www.agricamper.com\/fr\/wp-json\/wp\/v2\/media?parent=4815"}],"wp:term":[{"taxonomy":"category","embeddable":true,"href":"https:\/\/www.agricamper.com\/fr\/wp-json\/wp\/v2\/categories?post=4815"},{"taxonomy":"post_tag","embeddable":true,"href":"https:\/\/www.agricamper.com\/fr\/wp-json\/wp\/v2\/tags?post=4815"}],"curies":[{"name":"wp","href":"https:\/\/api.w.org\/{rel}","templated":true}]}}