{"id":4738,"date":"2025-12-22T07:00:00","date_gmt":"2025-12-22T07:00:00","guid":{"rendered":"https:\/\/www.agricamper.com\/les-plus-beaux-marches-de-noel-ditalie-a-visiter-en-camping-car\/"},"modified":"2026-04-09T14:08:16","modified_gmt":"2026-04-09T14:08:16","slug":"les-plus-beaux-marches-de-noel-ditalie-a-visiter-en-camping-car","status":"publish","type":"post","link":"https:\/\/www.agricamper.com\/fr\/get-inspired\/les-plus-beaux-marches-de-noel-ditalie-a-visiter-en-camping-car\/","title":{"rendered":"Les plus beaux march\u00e9s de No\u00ebl d&rsquo;Italie \u00e0 visiter en camping-car"},"content":{"rendered":"\n<p>Les march\u00e9s de No\u00ebl italiens allient ambiance, traditions locales et paysages uniques. En hiver, villages, places historiques et vall\u00e9es alpines se parent de lumi\u00e8res, de cr\u00e8ches, d\u2019artisanat et des parfums de la cuisine traditionnelle. En voyage en camping-car, caravane ou fourgon am\u00e9nag\u00e9, vous pouvez relier plusieurs march\u00e9s et alterner d\u00e9couvertes culturelles, nature et haltes paisibles \u00e0 la campagne.<\/p>\n\n\n\n<p>Agricamper simplifie tout : des haltes gratuites et illimit\u00e9es de 24 heures chez des exploitations agricoles dans toute l\u2019Italie, accessibles avec un abonnement annuel. <a href=\"https:\/\/www.agricamper.com\/fr\/faq\/ou-telecharger-lapplication-agricamper\/\" title=\"\">T\u00e9l\u00e9chargez l\u2019application<\/a> et essayez la version D\u00e9mo gratuite pour consulter la carte des haltes disponibles.<\/p>\n\n\n\n<!--more Continuer la lecture de-->\n\n\n\n<h2 class=\"wp-block-heading\"><strong>March\u00e9s de No\u00ebl du nord de l\u2019Italie<\/strong><\/h2>\n\n\n\n<h3 class=\"wp-block-heading\"><strong>Trentin-Haut-Adige: traditions alpines, lumi\u00e8res et paysages enneig\u00e9s<\/strong><\/h3>\n\n\n\n<p>Le Trentin-Haut-Adige est une \u00e9vidence si vous recherchez des march\u00e9s de No\u00ebl authentiques, bien organis\u00e9s et profond\u00e9ment ancr\u00e9s dans leur territoire. Ici, la tradition de l\u2019Avent est ancienne et se refl\u00e8te dans des \u00e9v\u00e9nements soign\u00e9s, parfaitement adapt\u00e9s aussi aux voyageurs en camping-car, fourgon am\u00e9nag\u00e9 ou caravane.<\/p>\n\n\n\n<p>\u00c0 <strong><a href=\"https:\/\/www.mercatinodinatalebz.it\/\" target=\"_blank\" rel=\"noreferrer noopener\">Bolzano<\/a><\/strong>, le march\u00e9 de No\u00ebl se d\u00e9ploie au c\u0153ur de la ville, sur la place Walther, entre b\u00e2timents historiques et panoramas alpins. C\u2019est l\u2019un des march\u00e9s les plus embl\u00e9matiques d\u2019Italie et un point de d\u00e9part id\u00e9al pour un voyage hivernal. <strong><a href=\"https:\/\/www.merano-suedtirol.it\/it\/merano\/informazioni-servizi\/eventi\/mercatini-di-natale-merano.html?gad_source=1&amp;gad_campaignid=23233909172&amp;gbraid=0AAAAApgVrEk78qeZNWAGapQ12FZDSjOd1&amp;gclid=Cj0KCQiAxonKBhC1ARIsAIHq_luNbm_S790IFdDS112ZlzEmZQoOa4Wc38pUQj-M-X-pAkFQbaS9_T4aAihWEALw_wcB\" target=\"_blank\" rel=\"noreferrer noopener\">Merano<\/a><\/strong> propose une exp\u00e9rience plus d\u00e9tendue : les stands longent la rivi\u00e8re Passirio, cr\u00e9ant un parcours lin\u00e9aire, agr\u00e9able et facile \u00e0 parcourir m\u00eame avec des enfants. <strong><a href=\"https:\/\/www.brixen.org\/weihnachten\/natale\/mercatino-di-natale-bressanone\" target=\"_blank\" rel=\"noreferrer noopener\">Bressanone<\/a><\/strong>, enfin, associe son march\u00e9 de No\u00ebl \u00e0 son centre m\u00e9di\u00e9val et \u00e0 sa cath\u00e9drale, offrant une atmosph\u00e8re plus intime et authentique.<\/p>\n\n\n\n<p>Cette r\u00e9gion est particuli\u00e8rement adapt\u00e9e aux camping-caristes, car elle permet de combiner march\u00e9s de No\u00ebl, balades en pleine nature et visites culturelles sans longs trajets. En quelques kilom\u00e8tres, vous passez d\u2019une ville \u00e0 l\u2019autre en alternant \u00e9v\u00e9nements festifs, sentiers panoramiques et haltes tranquilles \u00e0 l\u2019\u00e9cart du trafic urbain.<\/p>\n\n\n\n<p>Le Trentin-Haut-Adige est id\u00e9al pour vivre des march\u00e9s de No\u00ebl authentiques, bien organis\u00e9s et facilement int\u00e9grables dans un voyage en camping-car entre villes alpines et nature.<\/p>\n\n\n\n<h3 class=\"wp-block-heading\"><strong>V\u00e9n\u00e9tie : Asiago et V\u00e9rone<\/strong><\/h3>\n\n\n\n<p>La V\u00e9n\u00e9tie propose des march\u00e9s de No\u00ebl tr\u00e8s diff\u00e9rents les uns des autres, parfaits si vous recherchez de la vari\u00e9t\u00e9 au cours d\u2019un m\u00eame voyage en camping-car. En quelques heures, vous pouvez passer d\u2019un plateau immerg\u00e9 dans la nature \u00e0 une grande ville d\u2019art, sans renoncer \u00e0 l\u2019atmosph\u00e8re de No\u00ebl.<\/p>\n\n\n\n<p>\u00c0 <strong><a href=\"https:\/\/www.asiago.it\/it\/eventi\/art_giardini_di_natale_i_mercatini_di_natale_di_asiago\/\" target=\"_blank\" rel=\"noreferrer noopener\">Asiago<\/a><\/strong>, le march\u00e9 de No\u00ebl se tient dans le centre du village et sur le plateau environnant, dans un cadre naturel fait de for\u00eats, de p\u00e2turages et de sentiers. L\u2019exp\u00e9rience est plus intime et recueillie que dans les grandes villes, id\u00e9ale pour les amateurs de voyages lents en Italie et de contact direct avec le paysage.<\/p>\n\n\n\n<p><strong><a href=\"https:\/\/www.nataleinpiazza.it\/\" target=\"_blank\" rel=\"noreferrer noopener\">V\u00e9rone<\/a><\/strong>, en revanche, propose un march\u00e9 de No\u00ebl urbain, int\u00e9gr\u00e9 au tissu historique de la ville. Les stands se situent \u00e0 proximit\u00e9 des ar\u00e8nes et du centre historique, offrant un contraste int\u00e9ressant entre architecture romaine, places m\u00e9di\u00e9vales et d\u00e9corations de No\u00ebl. C\u2019est une \u00e9tape id\u00e9ale pour associer march\u00e9s, culture et promenades urbaines, tout en profitant d\u2019une organisation simple des haltes en dehors du centre.<\/p>\n\n\n\n<p>Asiago et V\u00e9rone permettent de d\u00e9couvrir deux visages de la V\u00e9n\u00e9tie \u00e0 No\u00ebl, entre plateau naturel et ville historique, parfaitement combinables lors d\u2019un voyage en camping-car.<\/p>\n\n\n\n<h2 class=\"wp-block-heading\"><strong>March\u00e9s de No\u00ebl du centre de l\u2019Italie<\/strong><\/h2>\n\n\n\n<h3 class=\"wp-block-heading\"><strong>Bourgs historiques et atmosph\u00e8res m\u00e9di\u00e9vales<\/strong><\/h3>\n\n\n\n<p>Dans le centre de l\u2019Italie, les march\u00e9s de No\u00ebl s\u2019int\u00e8grent harmonieusement aux villages anciens, aux places m\u00e9di\u00e9vales et aux traditions artisanales profond\u00e9ment enracin\u00e9es.<\/p>\n\n\n\n<h3 class=\"wp-block-heading\"><strong>Toscane : Arezzo et Sienne<\/strong><\/h3>\n\n\n\n<p>La Toscane est un choix \u00e9vident si vous recherchez des march\u00e9s de No\u00ebl situ\u00e9s dans des contextes historiques authentiques, faciles \u00e0 int\u00e9grer dans un voyage en camping-car. Ici, No\u00ebl se m\u00eale aux places m\u00e9di\u00e9vales, aux collines et aux villages anim\u00e9s toute l\u2019ann\u00e9e.<\/p>\n\n\n\n<p>\u00c0 <strong><a href=\"https:\/\/mercatininatalearezzo.it\/\" target=\"_blank\" rel=\"noreferrer noopener\">Arezzo<\/a><\/strong>, le march\u00e9 de No\u00ebl se d\u00e9veloppe dans un centre historique compact, domin\u00e9 par la Piazza Grande et entour\u00e9 de palais anciens. L\u2019atmosph\u00e8re est ordonn\u00e9e et chaleureuse, id\u00e9ale pour une visite \u00e0 pied. La p\u00e9riode de No\u00ebl est \u00e9galement parfaite pour explorer la ville en alternant le march\u00e9 avec des balades entre \u00e9glises historiques, mus\u00e9es et points de vue sur les collines d\u2019Arezzo.<\/p>\n\n\n\n<p><strong><a href=\"https:\/\/www.terredisiena.it\/siena\/mercatini-di-natale-a-siena\/\" target=\"_blank\" rel=\"noreferrer noopener\">Sienne<\/a><\/strong> propose un march\u00e9 de No\u00ebl inscrit dans une ville qui conserve un fort caract\u00e8re m\u00e9di\u00e9val, avec ses ruelles, ses contrade et ses places qui s\u2019animent avec discr\u00e9tion. La Piazza del Campo devient le c\u0153ur de l\u2019exp\u00e9rience de No\u00ebl dans un cadre architectural unique, tandis que les itin\u00e9raires hors des remparts permettent de profiter de paysages ruraux et de routes vallonn\u00e9es, tr\u00e8s appr\u00e9ci\u00e9s des voyageurs en camping-car.<\/p>\n\n\n\n<p>La Toscane offre des march\u00e9s de No\u00ebl \u00e9l\u00e9gants, id\u00e9aux pour un voyage en camping-car entre villes m\u00e9di\u00e9vales et paysages vallonn\u00e9s.<\/p>\n\n\n\n<h3 class=\"wp-block-heading\"><strong>Ombrie : Gubbio et Assise<\/strong><\/h3>\n\n\n\n<p>L\u2019Ombrie est la destination id\u00e9ale si vous recherchez des march\u00e9s de No\u00ebl dans des cadres intimistes, loin du tourisme de masse.<\/p>\n\n\n\n<p><strong><a href=\"https:\/\/www.gubbionatale.it\/\" target=\"_blank\" rel=\"noreferrer noopener\">Gubbio<\/a><\/strong> est l\u2019un des symboles de No\u00ebl en Italie. Pendant la p\u00e9riode des f\u00eates, le mont Ingino accueille le plus grand sapin de No\u00ebl du monde, visible depuis toute la vall\u00e9e. Le march\u00e9 de No\u00ebl s\u2019inscrit dans le centre historique m\u00e9di\u00e9val, entre places en pierre, palais anciens et panoramas. L\u2019exp\u00e9rience est \u00e9troitement li\u00e9e au paysage : fl\u00e2ner parmi les stands revient \u00e0 parcourir un bourg qui conserve pleinement son identit\u00e9, surtout en hiver.<\/p>\n\n\n\n<p><strong><a href=\"https:\/\/www.visit-assisi.it\/eventi\/evento\/mercatini-di-natale\/\" target=\"_blank\" rel=\"noreferrer noopener\">Assise<\/a><\/strong> propose un No\u00ebl plus sobre et contemplatif. Les march\u00e9s et \u00e9v\u00e9nements se d\u00e9veloppent de mani\u00e8re discr\u00e8te, dans le respect du caract\u00e8re spirituel de la ville. La basilique Saint-Fran\u00e7ois et le centre historique deviennent le c\u0153ur d\u2019une exp\u00e9rience m\u00ealant culture, silence et tradition. Aux alentours, les collines ombriennes offrent des itin\u00e9raires naturels et panoramiques, id\u00e9aux pour alterner march\u00e9s, promenades et haltes en pleine nature.<\/p>\n\n\n\n<p>L\u2019Ombrie offre des march\u00e9s de No\u00ebl authentiques, parfaits pour les camping-caristes en qu\u00eate de tradition, de spiritualit\u00e9 et de paysages vallonn\u00e9s.<\/p>\n\n\n\n<h2 class=\"wp-block-heading\"><strong>March\u00e9s de No\u00ebl du sud de l\u2019Italie<\/strong><\/h2>\n\n\n\n<h3 class=\"wp-block-heading\"><strong>Traditions anciennes et climat doux<\/strong><\/h3>\n\n\n\n<p>Dans le sud de l\u2019Italie, les march\u00e9s de No\u00ebl sont moins connus mais tr\u00e8s authentiques. Ici, No\u00ebl est avant tout li\u00e9 aux cr\u00e8ches et aux traditions populaires.<\/p>\n\n\n\n<h3 class=\"wp-block-heading\"><strong>Campanie : march\u00e9s du ch\u00e2teau de Limatola et de B\u00e9n\u00e9vent<\/strong><\/h3>\n\n\n\n<p>La Campanie offre une exp\u00e9rience de No\u00ebl diff\u00e9rente des grands centres urbains, id\u00e9ale si vous recherchez des march\u00e9s situ\u00e9s dans des contextes historiques \u00e9vocateurs et facilement int\u00e9grables dans un voyage en camping-car, fourgon am\u00e9nag\u00e9 ou caravane. Le territoire du Sannio permet de vivre No\u00ebl de mani\u00e8re plus intime, entre collines, bourgs et villes \u00e0 taille humaine.<\/p>\n\n\n\n<p>Les march\u00e9s de No\u00ebl du <strong><a href=\"https:\/\/cadeauxalcastello.it\/\" target=\"_blank\" rel=\"noreferrer noopener\">ch\u00e2teau de Limatola<\/a><\/strong> se d\u00e9roulent \u00e0 l\u2019int\u00e9rieur et autour d\u2019une forteresse m\u00e9di\u00e9vale parfaitement conserv\u00e9e. Le d\u00e9cor est tr\u00e8s sc\u00e9nographique : murs en pierre, tours et cours illumin\u00e9es cr\u00e9ent une atmosph\u00e8re immersive qui donne l\u2019impression d\u2019un v\u00e9ritable voyage dans le temps. Le parcours est concentr\u00e9 et bien d\u00e9fini, id\u00e9al pour une visite lente et agr\u00e9able, tr\u00e8s appr\u00e9ci\u00e9e des camping-caristes.<\/p>\n\n\n\n<p>\u00c0 quelques kilom\u00e8tres, <strong>B\u00e9n\u00e9vent<\/strong> propose des march\u00e9s de No\u00ebl int\u00e9gr\u00e9s \u00e0 son centre historique, entre architectures romaines et m\u00e9di\u00e9vales. Les stands et \u00e9v\u00e9nements se d\u00e9veloppent \u00e0 proximit\u00e9 de lieux embl\u00e9matiques comme l\u2019arc de Trajan et le th\u00e9\u00e2tre romain, offrant un cadre culturel fort et facile \u00e0 d\u00e9couvrir \u00e0 pied. La ville conserve une atmosph\u00e8re paisible m\u00eame pendant les f\u00eates, permettant de combiner march\u00e9s, promenades urbaines et moments de d\u00e9tente.<\/p>\n\n\n\n<p>Le Sannio campanien associe des march\u00e9s spectaculaires comme Limatola \u00e0 des contextes historiques tels que B\u00e9n\u00e9vent, offrant un No\u00ebl authentique et parfait \u00e0 vivre en camping-car.<\/p>\n\n\n\n<h3 class=\"wp-block-heading\"><strong>Basilicate : Matera<\/strong><\/h3>\n\n\n\n<p><strong>Matera<\/strong> offre une exp\u00e9rience de No\u00ebl unique en Italie, id\u00e9ale \u00e0 int\u00e9grer dans un voyage en camping-car ou en caravane, surtout en hiver, lorsque l\u2019atmosph\u00e8re devient plus silencieuse et \u00e9vocatrice.<\/p>\n\n\n\n<p>Pendant la p\u00e9riode de No\u00ebl, Matera se transforme en une immense cr\u00e8che \u00e0 ciel ouvert. Les Sassi, class\u00e9s au patrimoine mondial de l\u2019UNESCO, accueillent des march\u00e9s et installations diss\u00e9min\u00e9s qui suivent la configuration naturelle de la ville, faite de grottes, d\u2019escaliers et de belv\u00e9d\u00e8res. Le parcours n\u2019est pas concentr\u00e9 sur une seule place, mais se d\u00e9ploie \u00e0 travers les quartiers historiques, offrant une visite lente et immersive, id\u00e9ale pour ceux qui aiment marcher et observer.<\/p>\n\n\n\n<p>L\u2019exp\u00e9rience de No\u00ebl \u00e0 Matera est \u00e9troitement li\u00e9e au paysage. Depuis les belv\u00e9d\u00e8res de la Murgia, on profite d\u2019une vue compl\u00e8te sur les Sassi illumin\u00e9s, l\u2019un des panoramas hivernaux les plus photographi\u00e9s d\u2019Italie. \u00c0 proximit\u00e9, les sentiers du parc de la Murgia Materana permettent d\u2019alterner march\u00e9s, promenades dans la nature et haltes paisibles, tr\u00e8s appr\u00e9ci\u00e9es des voyageurs en camping-car.<\/p>\n\n\n\n<p>Matera propose un No\u00ebl unique, entre march\u00e9s diffus, cr\u00e8ches \u00e0 ciel ouvert et paysages rupestres, id\u00e9al pour un voyage en camping-car lent et conscient.<\/p>\n\n\n\n<h2 class=\"wp-block-heading\"><strong>March\u00e9s de No\u00ebl dans les \u00eeles<\/strong><\/h2>\n\n\n\n<h3 class=\"wp-block-heading\"><strong>Traditions m\u00e9diterran\u00e9ennes et villages historiques<\/strong><\/h3>\n\n\n\n<p>Les \u00eeles italiennes offrent elles aussi des march\u00e9s de No\u00ebl int\u00e9ressants, souvent li\u00e9s \u00e0 des rites locaux et \u00e0 des ambiances intimistes.<\/p>\n\n\n\n<h3 class=\"wp-block-heading\"><strong>Sicile : Palerme et les bourgs de l\u2019int\u00e9rieur<\/strong><\/h3>\n\n\n\n<p>Ici, les march\u00e9s de No\u00ebl s\u2019inscrivent dans un contexte m\u00e9diterran\u00e9en, avec un rythme plus lent, des temp\u00e9ratures douces et un fort lien avec les traditions populaires.<\/p>\n\n\n\n<p>\u00c0 <strong>Palerme<\/strong>, la p\u00e9riode de No\u00ebl anime le centre historique avec des march\u00e9s et des \u00e9v\u00e9nements r\u00e9partis entre places monumentales, \u00e9glises baroques et palais historiques. La visite devient un parcours urbain \u00e0 travers des quartiers riches en histoire, o\u00f9 No\u00ebl se m\u00eale naturellement \u00e0 la vie quotidienne de la ville. Les march\u00e9s ne sont pas concentr\u00e9s en un seul lieu, mais dispers\u00e9s, favorisant les promenades tranquilles et le contact direct avec le tissu urbain.<\/p>\n\n\n\n<p>Les bourgs de l\u2019int\u00e9rieur de la Sicile offrent une exp\u00e9rience encore plus intime et authentique. Parmi eux, <strong>Erice<\/strong> est l\u2019une des destinations les plus suggestives pendant la p\u00e9riode de No\u00ebl. Perch\u00e9 sur une montagne et entour\u00e9 de remparts m\u00e9di\u00e9vaux, Erice accueille des march\u00e9s et initiatives de No\u00ebl dans ses ruelles en pierre, ses places panoramiques et ses points de vue sur la mer.<\/p>\n\n\n\n<p>La Sicile associe march\u00e9s urbains et villages de l\u2019int\u00e9rieur, offrant un No\u00ebl m\u00e9diterran\u00e9en authentique, id\u00e9al pour les voyages en camping-car en hiver.<\/p>\n\n\n\n<h2 class=\"wp-block-heading\"><strong>Conclusion<\/strong><\/h2>\n\n\n\n<p>Les march\u00e9s de No\u00ebl italiens sont parfaits pour ceux qui aiment voyager en camping-car, partir \u00e0 la d\u00e9couverte de l\u2019Italie et explorer les territoires \u00e0 un rythme plus lent. Chaque r\u00e9gion offre une atmosph\u00e8re diff\u00e9rente, entre montagnes, collines, villages et \u00eeles.<\/p>\n\n\n\n<p>Avec un camping-car ou un fourgon am\u00e9nag\u00e9, vous pouvez cr\u00e9er un itin\u00e9raire sur mesure en alternant march\u00e9s de No\u00ebl, nature et haltes paisibles. Agricamper vous accompagne dans ce voyage en proposant un r\u00e9seau de haltes authentiques et respectueuses du territoire.<\/p>\n\n\n\n<p>  <strong><a href=\"https:\/\/www.agricamper.com\/fr\/faq\/ou-telecharger-lapplication-agricamper\/\" title=\"\">T\u00e9l\u00e9chargez l\u2019application<\/a> Agricamper et testez la version D\u00e9mo gratuite<\/strong> pour d\u00e9couvrir la carte des haltes.<br>  <strong><a href=\"https:\/\/www.agricamper.com\/fr\/produit\/agricamper-italia-guide-detapes-en-camping-car-en-italie\/\" title=\"\">Souscrivez \u00e0 l\u2019adh\u00e9sion<\/a> Agricamper<\/strong> et commencez \u00e0 voyager en Italie de mani\u00e8re libre, simple et durable.<\/p>\n","protected":false},"excerpt":{"rendered":"<p>Les march\u00e9s de No\u00ebl italiens allient ambiance, traditions locales et paysages uniques. En hiver, villages, places historiques et vall\u00e9es alpines se parent de lumi\u00e8res, de cr\u00e8ches, d\u2019artisanat et des parfums de la cuisine traditionnelle. En voyage en camping-car, caravane ou fourgon am\u00e9nag\u00e9, vous pouvez relier plusieurs march\u00e9s et alterner d\u00e9couvertes culturelles, nature et haltes paisibles [&hellip;]<\/p>\n","protected":false},"author":1,"featured_media":4732,"comment_status":"closed","ping_status":"closed","sticky":false,"template":"","format":"standard","meta":{"_acf_changed":false,"_breakdance_hide_in_design_set":false,"_breakdance_tags":"","footnotes":""},"categories":[347],"tags":[348,350,531,542,374,362],"class_list":["post-4738","post","type-post","status-publish","format-standard","has-post-thumbnail","hentry","category-voyage-en-camping-car-et-caravane-en-italie","tag-activites-dans-la-nature","tag-les-activites-culturelles","tag-se-detendre","tag-villes-dart","tag-voyager-en-camping-car-et-en-caravane","tag-voyager-en-famille"],"acf":[],"_links":{"self":[{"href":"https:\/\/www.agricamper.com\/fr\/wp-json\/wp\/v2\/posts\/4738","targetHints":{"allow":["GET"]}}],"collection":[{"href":"https:\/\/www.agricamper.com\/fr\/wp-json\/wp\/v2\/posts"}],"about":[{"href":"https:\/\/www.agricamper.com\/fr\/wp-json\/wp\/v2\/types\/post"}],"author":[{"embeddable":true,"href":"https:\/\/www.agricamper.com\/fr\/wp-json\/wp\/v2\/users\/1"}],"replies":[{"embeddable":true,"href":"https:\/\/www.agricamper.com\/fr\/wp-json\/wp\/v2\/comments?post=4738"}],"version-history":[{"count":1,"href":"https:\/\/www.agricamper.com\/fr\/wp-json\/wp\/v2\/posts\/4738\/revisions"}],"predecessor-version":[{"id":4739,"href":"https:\/\/www.agricamper.com\/fr\/wp-json\/wp\/v2\/posts\/4738\/revisions\/4739"}],"wp:featuredmedia":[{"embeddable":true,"href":"https:\/\/www.agricamper.com\/fr\/wp-json\/wp\/v2\/media\/4732"}],"wp:attachment":[{"href":"https:\/\/www.agricamper.com\/fr\/wp-json\/wp\/v2\/media?parent=4738"}],"wp:term":[{"taxonomy":"category","embeddable":true,"href":"https:\/\/www.agricamper.com\/fr\/wp-json\/wp\/v2\/categories?post=4738"},{"taxonomy":"post_tag","embeddable":true,"href":"https:\/\/www.agricamper.com\/fr\/wp-json\/wp\/v2\/tags?post=4738"}],"curies":[{"name":"wp","href":"https:\/\/api.w.org\/{rel}","templated":true}]}}