{"id":4727,"date":"2025-12-15T07:00:00","date_gmt":"2025-12-15T07:00:00","guid":{"rendered":"https:\/\/www.agricamper.com\/voyage-en-camping-car-a-la-decouverte-des-creches-les-plus-emblematiques-ditalie-traditions-villages-et-merveilles\/"},"modified":"2026-04-09T14:08:12","modified_gmt":"2026-04-09T14:08:12","slug":"voyage-en-camping-car-a-la-decouverte-des-creches-les-plus-emblematiques-ditalie-traditions-villages-et-merveilles","status":"publish","type":"post","link":"https:\/\/www.agricamper.com\/fr\/get-inspired\/voyage-en-camping-car-a-la-decouverte-des-creches-les-plus-emblematiques-ditalie-traditions-villages-et-merveilles\/","title":{"rendered":"Voyage en camping-car \u00e0 la d\u00e9couverte des cr\u00e8ches les plus embl\u00e9matiques d&rsquo;Italie : traditions, villages et merveilles"},"content":{"rendered":"\n<p>Si vous voyagez en camping-car, caravane ou fourgon am\u00e9nag\u00e9, la p\u00e9riode de No\u00ebl est id\u00e9ale pour traverser l\u2019Italie \u00e0 la d\u00e9couverte de ses plus belles cr\u00e8ches.\u00a0<\/p>\n\n\n\n<p>Du nord au sud, le pays s\u2019illumine de traditions vari\u00e9es : collines d\u00e9cor\u00e9es de cr\u00e8ches lumineuses, villages m\u00e9di\u00e9vaux anim\u00e9s par des cr\u00e8ches vivantes, mus\u00e9es abritant des chefs-d\u2019\u0153uvre anciens, et m\u00eame des installations sous-marines transformant les lacs en d\u00e9cors f\u00e9eriques.&nbsp;<\/p>\n\n\n\n<p>Avant de partir, <a href=\"https:\/\/www.agricamper.com\/fr\/faq\/ou-telecharger-lapplication-agricamper\/\" title=\"\">t\u00e9l\u00e9chargez l\u2019application Agricamper<\/a> et essayez la version D\u00e9mo gratuite pour consulter la carte des \u00e9tapes et organiser sereinement votre itin\u00e9raire.<\/p>\n\n\n\n<!--more Continuer la lecture de-->\n\n\n\n<h2 class=\"wp-block-heading\">Voyager entre cr\u00e8ches, paysages et traditions<\/h2>\n\n\n\n<p>D\u00e9couvrir l\u2019Italie \u00e0 travers ses cr\u00e8ches est une mani\u00e8re originale et profond\u00e9ment authentique de vivre la magie de No\u00ebl.<\/p>\n\n\n\n<p>Les cr\u00e8ches italiennes sont toutes diff\u00e9rentes : certaines illuminent des collines enti\u00e8res, d\u2019autres transforment des villages en v\u00e9ritables sc\u00e8nes vivantes, certaines se cachent sous l\u2019eau ou dans les ateliers d\u2019artisans perp\u00e9tuant un savoir-faire ancestral. No\u00ebl devient un voyage lent, inspirant, et charg\u00e9 d\u2019\u00e9motion lorsqu\u2019on le vit \u00e0 travers les cr\u00e8ches.<\/p>\n\n\n\n<h2 class=\"wp-block-heading\">Les cr\u00e8ches les plus embl\u00e9matiques d\u2019Italie \u00e0 d\u00e9couvrir en camping-car<\/h2>\n\n\n\n<h3 class=\"wp-block-heading\">Cr\u00e8che sous-marine de Laveno Mombello (Lombardie) : lumi\u00e8res dans le lac<\/h3>\n\n\n\n<p>Au bord du lac Majeur, \u00e0 <strong><a href=\"https:\/\/visitlaveno.it\/\">Laveno Mombello<\/a><\/strong>, une cr\u00e8che unique vous attend : des statues illumin\u00e9es pos\u00e9es au fond du lac, visibles depuis une passerelle longeant la rive. Le soir, le lac devient un miroir sombre, et les figures semblent flotter dans un silence presque magique.<\/p>\n\n\n\n<p><strong>Exp\u00e9riences recommand\u00e9es<\/strong><\/p>\n\n\n\n<ul class=\"wp-block-list\">\n<li>se promener sur la rive<\/li>\n\n\n\n<li>monter au <strong><a href=\"https:\/\/www.varesedoyoulake.it\/it\/sasso-del-ferro\" target=\"_blank\" rel=\"noreferrer noopener\">Sasso del Ferro<\/a><\/strong> pour une vue panoramique<\/li>\n\n\n\n<li>explorer les villages autour du lac<\/li>\n<\/ul>\n\n\n\n<p>La r\u00e9gion offre des paysages doux et vallonn\u00e9s, parfaits pour une escapade en camping-car.<\/p>\n\n\n\n<h3 class=\"wp-block-heading\"><strong>Cr\u00e8che g\u00e9ante de Marchetto (Pi\u00e9mont) : un village m\u00e9tamorphos\u00e9<\/strong><\/h3>\n\n\n\n<p>\u00c0 <strong>Mosso<\/strong>, dans la vall\u00e9e du Cervo, tout un village devient une cr\u00e8che \u00e0 ciel ouvert. Plus de 200 personnages grandeur nature occupent les rues, les places, les porches et les panoramas. En vous promenant, vous avez l\u2019impression de faire partie de la sc\u00e8ne de la Nativit\u00e9.<\/p>\n\n\n\n<p><strong>\u00c0 faire dans les environs<\/strong><\/p>\n\n\n\n<ul class=\"wp-block-list\">\n<li>suivre le parcours complet de la cr\u00e8che<\/li>\n\n\n\n<li>visiter le <a href=\"https:\/\/www.santuariosangiovanni.it\/\" target=\"_blank\" rel=\"noreferrer noopener\"><strong>Sanctuaire San Giovanni d\u2019Andorno<\/strong><\/a><\/li>\n\n\n\n<li>faire de courtes randonn\u00e9es dans les bois alentour<\/li>\n<\/ul>\n\n\n\n<p>La nature environnante est riche en ch\u00e2taigniers, ruisseaux et sentiers, id\u00e9ale pour une pause immersive en montagne.<\/p>\n\n\n\n<h3 class=\"wp-block-heading\"><strong>Cr\u00e8che lumineuse de Manarola (Ligurie) : une colline qui s\u2019illumine<\/strong><\/h3>\n\n\n\n<p>Les Cinque Terre ne peuvent manquer \u00e0 l\u2019appel : \u00e0 <strong><a href=\"https:\/\/www.parconazionale5terre.it\/pun_dettaglio.php?id_pun=1809\" target=\"_blank\" rel=\"noreferrer noopener\">Manarola<\/a><\/strong>, chaque ann\u00e9e, toute la colline s\u2019illumine avec des milliers de lumi\u00e8res formant des personnages. Depuis le village ou la mer, au coucher du soleil, l\u2019ambiance devient f\u00e9erique, comme suspendue entre ciel et terre.<\/p>\n\n\n\n<p><strong>Suggestions aux alentours<\/strong><\/p>\n\n\n\n<ul class=\"wp-block-list\">\n<li>monter jusqu\u2019\u00e0 <strong>Punta Bonfiglio<\/strong> pour admirer la vue<\/li>\n\n\n\n<li>parcourir un tron\u00e7on du <strong>Sentiero Azzurro<\/strong> (si ouvert)<\/li>\n\n\n\n<li>se perdre dans les ruelles et le port du village<\/li>\n<\/ul>\n\n\n\n<p>Ce paysage unique m\u00eale mer, vignobles en terrasses et couleurs changeantes selon la lumi\u00e8re.<\/p>\n\n\n\n<h3 class=\"wp-block-heading\"><strong>Cr\u00e8che historique de Greccio (Latium) : l\u00e0 o\u00f9 tout a commenc\u00e9<\/strong><\/h3>\n\n\n\n<p>Si vous aimez les lieux empreints de sens, <a href=\"http:\/\/www.visitgreccio.com\/#\" target=\"_blank\" rel=\"noreferrer noopener\"><strong>Greccio<\/strong><\/a> est une \u00e9tape incontournable. C\u2019est ici que saint Fran\u00e7ois cr\u00e9a la premi\u00e8re cr\u00e8che vivante en 1223. Le village a gard\u00e9 son calme, nich\u00e9 dans les bois de la Vall\u00e9e Sainte de Rieti, ce qui rend l\u2019exp\u00e9rience encore plus \u00e9mouvante.<\/p>\n\n\n\n<p><strong>Activit\u00e9s conseill\u00e9es<\/strong><\/p>\n\n\n\n<ul class=\"wp-block-list\">\n<li>visiter le <a href=\"https:\/\/comune.greccio.ri.it\/luoghi\/2715570\/santuario-francescano-presepio\" target=\"_blank\" rel=\"noreferrer noopener\"><strong>Sanctuaire de Greccio<\/strong><\/a>, entre rochers et v\u00e9g\u00e9tation<\/li>\n\n\n\n<li>fl\u00e2ner dans les ruelles du village m\u00e9di\u00e9val<\/li>\n\n\n\n<li>parcourir un tron\u00e7on de la <strong>Via di Francesco<\/strong><\/li>\n<\/ul>\n\n\n\n<p>Les montagnes alentours offrent un d\u00e9cor apaisant, id\u00e9al pour une halte en pleine nature apr\u00e8s une visite \u00e0 la source de la tradition franciscaine.<\/p>\n\n\n\n<h3 class=\"wp-block-heading\"><strong>Cr\u00e8ches napolitaines : l\u2019\u00e2me de San Gregorio Armeno (Campanie)<\/strong><\/h3>\n\n\n\n<p>\u00c0 Naples, la cr\u00e8che est bien plus qu\u2019une tradition : c\u2019est un v\u00e9ritable art de vivre. <strong><a href=\"https:\/\/fondoambiente.it\/luoghi\/via-san-gregorio-armeno\" target=\"_blank\" rel=\"noreferrer noopener\">San Gregorio Armeno<\/a><\/strong> vous accueille avec ses ateliers d\u2019artisans qui travaillent la terre cuite depuis des g\u00e9n\u00e9rations. Les sc\u00e8nes ne repr\u00e9sentent pas seulement la Nativit\u00e9, mais aussi des figures contemporaines, des symboles locaux et la vie quotidienne.<\/p>\n\n\n\n<p><strong>\u00c0 ne pas manquer<\/strong><\/p>\n\n\n\n<ul class=\"wp-block-list\">\n<li>se promener dans la rue des cr\u00e8ches<\/li>\n\n\n\n<li>visiter le <strong><a href=\"https:\/\/cultura.gov.it\/luogo\/certosa-e-museo-di-san-martino\" target=\"_blank\" rel=\"noreferrer noopener\">Mus\u00e9e de San Martino<\/a><\/strong> avec ses cr\u00e8ches historiques<\/li>\n\n\n\n<li>explorer les Decumani et leur architecture mill\u00e9naire<\/li>\n<\/ul>\n\n\n\n<p>Et depuis la colline du Vomero, vous aurez l\u2019une des plus belles vues sur le golfe de Naples.&nbsp;<\/p>\n\n\n\n<h3 class=\"wp-block-heading\"><strong>Cr\u00e8che vivante de Matera (Basilicate) : un d\u00e9cor naturel au c\u0153ur des Sassi<\/strong><\/h3>\n\n\n\n<p><strong><a href=\"https:\/\/www.materawelcome.it\/it\/\" target=\"_blank\" rel=\"noreferrer noopener\">Matera<\/a><\/strong> est sans doute l\u2019un des endroits les plus magiques pour vivre une cr\u00e8che vivante. Les figurants investissent les ruelles, grottes et places des Sassi, transformant le paysage en un v\u00e9ritable th\u00e9\u00e2tre \u00e0 ciel ouvert. Avec ses lumi\u00e8res douces et sa pierre claire, la ville offre une ambiance inoubliable.<\/p>\n\n\n\n<p><strong>\u00c0 faire absolument<\/strong><\/p>\n\n\n\n<ul class=\"wp-block-list\">\n<li>visiter les <strong>Sassi<\/strong> et leurs \u00e9glises rupestres<\/li>\n\n\n\n<li>admirer la ville depuis le plateau de <strong>Murgia Timone<\/strong><\/li>\n\n\n\n<li>marcher dans les sentiers du <strong><a href=\"https:\/\/www.parcomurgia.it\/\" target=\"_blank\" rel=\"noreferrer noopener\">Parc de la Murgia<\/a><\/strong><\/li>\n<\/ul>\n\n\n\n<p>Ce d\u00e9cor sauvage et accueillant, fait de canyons et de grottes, vous offrira une exp\u00e9rience hors du commun digne d\u2019un film.<\/p>\n\n\n\n<h3 class=\"wp-block-heading\"><strong>Cr\u00e8ches artistiques de Trapani (Sicile) : tradition et mati\u00e8res pr\u00e9cieuses<\/strong><\/h3>\n\n\n\n<p>\u00c0 <strong><a href=\"https:\/\/www.visitsicily.info\/localita\/trapani\/\" target=\"_blank\" rel=\"noreferrer noopener\">Trapani<\/a><\/strong>, la cr\u00e8che devient une \u0153uvre d\u2019art. De nombreuses statues sont r\u00e9alis\u00e9es en corail, alb\u00e2tre ou mat\u00e9riaux pr\u00e9cieux, t\u00e9moins du savoir-faire sicilien. Le <strong><a href=\"https:\/\/www.visitsicily.info\/localita\/trapani\/\">Mus\u00e9e r\u00e9gional Pepoli<\/a><\/strong> abrite certaines des pi\u00e8ces les plus \u00e9l\u00e9gantes et cr\u00e9atives de cette tradition.<\/p>\n\n\n\n<p><strong>Que faire dans les environs<\/strong><\/p>\n\n\n\n<ul class=\"wp-block-list\">\n<li>visiter le mus\u00e9e et le centre historique<\/li>\n\n\n\n<li>se promener sur les anciens remparts<\/li>\n\n\n\n<li>monter \u00e0 <strong><a href=\"https:\/\/www.visitsicily.info\/erice\/\" target=\"_blank\" rel=\"noreferrer noopener\">Erice<\/a><\/strong> en t\u00e9l\u00e9ph\u00e9rique, un des plus beaux villages de Sicile<\/li>\n<\/ul>\n\n\n\n<p>Salines, collines, et vues sur la mer qui changent au gr\u00e9 du vent : le paysage autour de Trapani est d\u2019une beaut\u00e9 saisissante.<\/p>\n\n\n\n<h2 class=\"wp-block-heading\"><strong>Conclusion<\/strong><\/h2>\n\n\n\n<p>Un voyage \u00e0 la d\u00e9couverte des plus belles cr\u00e8ches d\u2019Italie, c\u2019est l\u2019occasion de visiter des villages, des paysages et des traditions souvent m\u00e9connus. En camping-car ou caravane, vous profitez d\u2019une libert\u00e9 totale : vous arr\u00eatez o\u00f9 bon vous semble, revenez sur un lieu coup de c\u0153ur, ou poursuivez vers la prochaine \u00e9tape.<\/p>\n\n\n\n<p>Avec Agricamper, vous b\u00e9n\u00e9ficiez d\u2019un confort suppl\u00e9mentaire : un r\u00e9seau d\u2019\u00e9tapes gratuites chez des producteurs italiens, pour voyager en lien direct avec le monde rural et les traditions locales.<\/p>\n\n\n\n<p>  <strong><a href=\"https:\/\/www.agricamper.com\/fr\/faq\/ou-telecharger-lapplication-agricamper\/\" title=\"\">T\u00e9l\u00e9chargez l\u2019appli<\/a><\/strong> et testez la <strong>version D\u00e9mo gratuite<\/strong> pour consulter imm\u00e9diatement la carte des \u00e9tapes.<\/p>\n\n\n\n<p>  <strong><a href=\"https:\/\/www.agricamper.com\/fr\/produit\/agricamper-italia-guide-detapes-en-camping-car-en-italie\/\" title=\"\">Devenez membre Agricamper<\/a><\/strong> et voyagez en toute libert\u00e9 toute l\u2019ann\u00e9e.<\/p>\n\n\n\n<p>Un itin\u00e9raire de No\u00ebl parfait pour celles et ceux qui aiment voyager lentement et avec authenticit\u00e9 vous attend !<\/p>\n","protected":false},"excerpt":{"rendered":"<p>Si vous voyagez en camping-car, caravane ou fourgon am\u00e9nag\u00e9, la p\u00e9riode de No\u00ebl est id\u00e9ale pour traverser l\u2019Italie \u00e0 la d\u00e9couverte de ses plus belles cr\u00e8ches.\u00a0 Du nord au sud, le pays s\u2019illumine de traditions vari\u00e9es : collines d\u00e9cor\u00e9es de cr\u00e8ches lumineuses, villages m\u00e9di\u00e9vaux anim\u00e9s par des cr\u00e8ches vivantes, mus\u00e9es abritant des chefs-d\u2019\u0153uvre anciens, et [&hellip;]<\/p>\n","protected":false},"author":1,"featured_media":4721,"comment_status":"closed","ping_status":"closed","sticky":false,"template":"","format":"standard","meta":{"_acf_changed":false,"_breakdance_hide_in_design_set":false,"_breakdance_tags":"","footnotes":""},"categories":[347],"tags":[350,374,362],"class_list":["post-4727","post","type-post","status-publish","format-standard","has-post-thumbnail","hentry","category-voyage-en-camping-car-et-caravane-en-italie","tag-les-activites-culturelles","tag-voyager-en-camping-car-et-en-caravane","tag-voyager-en-famille"],"acf":[],"_links":{"self":[{"href":"https:\/\/www.agricamper.com\/fr\/wp-json\/wp\/v2\/posts\/4727","targetHints":{"allow":["GET"]}}],"collection":[{"href":"https:\/\/www.agricamper.com\/fr\/wp-json\/wp\/v2\/posts"}],"about":[{"href":"https:\/\/www.agricamper.com\/fr\/wp-json\/wp\/v2\/types\/post"}],"author":[{"embeddable":true,"href":"https:\/\/www.agricamper.com\/fr\/wp-json\/wp\/v2\/users\/1"}],"replies":[{"embeddable":true,"href":"https:\/\/www.agricamper.com\/fr\/wp-json\/wp\/v2\/comments?post=4727"}],"version-history":[{"count":1,"href":"https:\/\/www.agricamper.com\/fr\/wp-json\/wp\/v2\/posts\/4727\/revisions"}],"predecessor-version":[{"id":4728,"href":"https:\/\/www.agricamper.com\/fr\/wp-json\/wp\/v2\/posts\/4727\/revisions\/4728"}],"wp:featuredmedia":[{"embeddable":true,"href":"https:\/\/www.agricamper.com\/fr\/wp-json\/wp\/v2\/media\/4721"}],"wp:attachment":[{"href":"https:\/\/www.agricamper.com\/fr\/wp-json\/wp\/v2\/media?parent=4727"}],"wp:term":[{"taxonomy":"category","embeddable":true,"href":"https:\/\/www.agricamper.com\/fr\/wp-json\/wp\/v2\/categories?post=4727"},{"taxonomy":"post_tag","embeddable":true,"href":"https:\/\/www.agricamper.com\/fr\/wp-json\/wp\/v2\/tags?post=4727"}],"curies":[{"name":"wp","href":"https:\/\/api.w.org\/{rel}","templated":true}]}}