{"id":4716,"date":"2025-12-08T07:00:00","date_gmt":"2025-12-08T07:00:00","guid":{"rendered":"https:\/\/www.agricamper.com\/voyagez-a-travers-les-montagnes-italiennes-en-camping-car-ou-en-caravane\/"},"modified":"2026-04-09T14:08:10","modified_gmt":"2026-04-09T14:08:10","slug":"voyagez-a-travers-les-montagnes-italiennes-en-camping-car-ou-en-caravane","status":"publish","type":"post","link":"https:\/\/www.agricamper.com\/fr\/get-inspired\/voyagez-a-travers-les-montagnes-italiennes-en-camping-car-ou-en-caravane\/","title":{"rendered":"Voyagez \u00e0 travers les montagnes italiennes en camping-car ou en caravane"},"content":{"rendered":"\n<p>En camping-car ou en caravane, les montagnes italiennes sont l\u2019endroit id\u00e9al pour profiter de voyages lents, authentiques et au plus pr\u00e8s de la nature \u2014 surtout \u00e0 l\u2019occasion du 11 d\u00e9cembre, la Journ\u00e9e internationale de la montagne, qui c\u00e9l\u00e8bre ces \u00e9cosyst\u00e8mes uniques. Avec Agricamper, vous pouvez rendre votre voyage encore plus immersif en profitant de haltes gratuites de 24 heures au sein d\u2019exploitations agricoles situ\u00e9es le long de vos itin\u00e9raires alpins et apennins. <a href=\"https:\/\/www.agricamper.com\/fr\/faq\/ou-telecharger-lapplication-agricamper\/\" title=\"\"><strong>T\u00e9l\u00e9chargez l\u2019application<\/strong><\/a> et testez la version D\u00e9mo pour d\u00e9couvrir toutes ses fonctionnalit\u00e9s\u00a0!<\/p>\n\n\n\n<!--more Continuer la lecture de-->\n\n\n\n<h2 class=\"wp-block-heading\">Pourquoi choisir les Alpes et les Apennins<\/h2>\n\n\n\n<p>Le 11 d\u00e9cembre, la <strong>Journ\u00e9e internationale de la montagne<\/strong>, instaur\u00e9e par les Nations Unies en 2003, met en lumi\u00e8re l\u2019importance de ces environnements pour l\u2019eau, le climat, la biodiversit\u00e9 et les cultures locales. Voyager dans les montagnes italiennes en camping-car ou en caravane, c\u2019est une mani\u00e8re concr\u00e8te d\u2019explorer ces \u00e9cosyst\u00e8mes en douceur, en choisissant des haltes en pleine nature et des itin\u00e9raires responsables.<\/p>\n\n\n\n<p>Les montagnes couvrent une grande partie de l\u2019Italie&nbsp;: des Alpes du Nord aux Apennins qui traversent toute la p\u00e9ninsule. Elles abritent vall\u00e9es, cols, parcs nationaux et villages perch\u00e9s \u2014 parfaits pour des road trips de plusieurs jours. Avec un camping-car, un fourgon ou une caravane, vous pouvez passer d\u2019une r\u00e9gion \u00e0 l\u2019autre, alterner les \u00e9tapes en altitude et les arr\u00eats en fond de vall\u00e9e, et d\u00e9couvrir chaque jour de nouveaux sentiers, lacs ou villages.<\/p>\n\n\n\n<p>La Journ\u00e9e internationale de la montagne est donc l\u2019occasion id\u00e9ale pour organiser un voyage en camping-car entre Alpes et Apennins, \u00e0 la d\u00e9couverte des paysages et des cultures qui fa\u00e7onnent l\u2019Italie.<\/p>\n\n\n\n<h2 class=\"wp-block-heading\">Des Dolomites au Gran Paradiso, du Gran Sasso \u00e0 la Sila<\/h2>\n\n\n\n<p>Les Dolomites comptent parmi les montagnes les plus embl\u00e9matiques au monde, avec des vall\u00e9es comme la <a href=\"https:\/\/www.fassa.com\/it\" target=\"_blank\" rel=\"noreferrer noopener\"><strong>Val di Fassa<\/strong><\/a> et des sommets c\u00e9l\u00e8bres comme les Tre Cime di Lavaredo, parfaits pour les randonn\u00e9es estivales ou les sorties en raquettes en hiver lors de vos voyages en camping-car. Dans ces r\u00e9gions, vous trouverez des cols panoramiques, des routes sinueuses et de nombreux sentiers accessibles depuis les vall\u00e9es \u2014 pratiques \u00e9galement pour les caravanes.<\/p>\n\n\n\n<p>Plus \u00e0 l\u2019ouest, le <a href=\"https:\/\/www.lovevda.it\/it\/scoprire\/grandi-montagne\/gran-paradiso\" target=\"_blank\" rel=\"noreferrer noopener\"><strong>Gran Paradiso<\/strong><\/a>, entre Vall\u00e9e d\u2019Aoste et Pi\u00e9mont, offre l\u2019un des plus beaux parcs nationaux d\u2019Italie. Des vall\u00e9es comme <a href=\"https:\/\/www.lovevda.it\/it\/banca-dati\/3\/localita\/valle-d-aosta\/valsavarenche\/429\" target=\"_blank\" rel=\"noreferrer noopener\"><strong>Valsavarenche<\/strong><\/a> et Val di Cogne allient paysages sauvages et villages en pierre \u2014 parfaits pour des itin\u00e9raires de plusieurs jours. Les routes sont parfaitement adapt\u00e9es aux camping-cars et permettent d\u2019alterner haltes nature, lacs alpins et points de vue spectaculaires.<\/p>\n\n\n\n<p>Les Apennins, du <a href=\"https:\/\/www.parcodelmontecucco.it\/it\/\" target=\"_blank\" rel=\"noreferrer noopener\"><strong>Monte Cucco<\/strong><\/a> entre l\u2019Ombrie et les Marches jusqu\u2019\u00e0 l\u2019Apennin tosco-\u00e9milien, offrent des reliefs plus doux et des horizons immenses, id\u00e9aux pour des voyages loin des foules. Ici, vous pouvez facilement visiter de petits villages historiques en vous d\u00e9pla\u00e7ant sereinement, m\u00eame avec une caravane.<\/p>\n\n\n\n<p>Au c\u0153ur de l\u2019Apennin central se trouve le Gran Sasso d\u2019Italia, le plus haut massif de toute la cha\u00eene, inclus dans le <a href=\"https:\/\/www.gransassolagapark.it\/\" target=\"_blank\" rel=\"noreferrer noopener\"><strong>Parc national du Gran Sasso et Monts de la Laga<\/strong><\/a>, qui s\u2019\u00e9tend entre Abruzzes, Latium et Marches. Du Corno Grande aux vastes plateaux comme Campo Imperatore, en passant par des lacs comme Campotosto, vous d\u00e9couvrirez des paysages spectaculaires \u00e0 atteindre en camping-car et \u00e0 explorer \u00e0 pied ou \u00e0 v\u00e9lo.<\/p>\n\n\n\n<p>En descendant vers le sud, le plateau de la Sila en Calabre r\u00e9v\u00e8le un tout autre visage de la montagne&nbsp;: immenses for\u00eats, lacs, hautes plaines proches des 2&nbsp;000&nbsp;m, prot\u00e9g\u00e9s par le <a href=\"https:\/\/parcosila.it\/\" target=\"_blank\" rel=\"noreferrer noopener\"><strong>Parc national de la Sila<\/strong><\/a> et reconnus comme r\u00e9serve de biosph\u00e8re UNESCO. C\u2019est une destination id\u00e9ale pour des haltes en pleine nature, des randonn\u00e9es pour tous les niveaux et des activit\u00e9s en plein air loin des itin\u00e9raires les plus fr\u00e9quent\u00e9s.<\/p>\n\n\n\n<p>Dolomites, Gran Paradiso, Gran Sasso et Sila offrent ainsi des itin\u00e9raires vari\u00e9s et compl\u00e9mentaires, parfaits pour les voyageurs souhaitant alterner sommets vertigineux, plateaux bois\u00e9s, parcs nationaux et reliefs plus doux.<\/p>\n\n\n\n<h2 class=\"wp-block-heading\">Randonn\u00e9e, nature et culture<\/h2>\n\n\n\n<p>Les montagnes italiennes, ce n\u2019est pas que le ski&nbsp;! En toute saison, vous pouvez profiter de <strong>randonn\u00e9es de diff\u00e9rents niveaux, balades \u00e0 v\u00e9lo, promenades en for\u00eat et visites culturelles<\/strong>. Dans les parcs comme le Gran Paradiso ou les vall\u00e9es des Dolomites, de nombreux sentiers balis\u00e9s, parcours th\u00e9matiques et itin\u00e9raires en boucle vous attendent.<\/p>\n\n\n\n<p>Beaucoup de zones de montagne abritent aussi des mus\u00e9es d\u00e9di\u00e9s aux traditions locales, \u00e0 la g\u00e9ologie ou \u00e0 la faune alpine, souvent situ\u00e9s dans des b\u00e2timents historiques ou de petits centres d\u2019interpr\u00e9tation \u2014 parfaits les jours de pluie. Les villages de montagne, avec leurs \u00e9glises anciennes, leurs places en pierre et leurs panoramas, sont \u00e9galement des \u00e9tapes id\u00e9ales pour alterner nature et culture lors de votre voyage en camping-car.<\/p>\n\n\n\n<p>Pour une pause d\u00e9tente, les lacs alpins ou les retenues d\u2019altitude des Apennins offrent des balades faciles, des zones ombrag\u00e9es et de beaux points d\u2019observation de la faune \u2014 id\u00e9als si vous voyagez avec des enfants. En hiver, vous pourrez profiter de sorties en raquettes, march\u00e9s de No\u00ebl et panoramas enneig\u00e9s, avant de retrouver la chaleur de votre camping-car.<\/p>\n\n\n\n<p>Randonn\u00e9es, villages, mus\u00e9es et lacs font des montagnes italiennes une destination parfaite pour les voyages en camping-car et caravane, toute l\u2019ann\u00e9e.<\/p>\n\n\n\n<h2 class=\"wp-block-heading\">Itin\u00e9raires entre montagnes et villages<\/h2>\n\n\n\n<p>Nous vous proposons quatre itin\u00e9raires \u00e0 travers les montagnes italiennes, pens\u00e9s pour les voyages en camping-car, fourgon am\u00e9nag\u00e9 ou caravane. Vous pouvez les combiner pour cr\u00e9er un road trip plus long, alternant nature, villages et paysages \u00e0 couper le souffle.<\/p>\n\n\n\n<h3 class=\"wp-block-heading\">1. Itin\u00e9raire classique des Dolomites (3\u20135 jours)<\/h3>\n\n\n\n<p>Parfait pour une premi\u00e8re d\u00e9couverte des montagnes les plus c\u00e9l\u00e8bres d\u2019Italie, avec des \u00e9tapes courtes et vari\u00e9es.<\/p>\n\n\n\n<p>\u00c9tapes recommand\u00e9es&nbsp;:<\/p>\n\n\n\n<ul class=\"wp-block-list\">\n<li><strong>Val di Funes<\/strong>\u00a0: paysages iconiques sur les Odle et ambiance dolomitique pure \u2014 une superbe premi\u00e8re halte.<\/li>\n\n\n\n<li><strong><a href=\"https:\/\/www.val-gardena.com\/it\/le-dolomiti\/passo-gardena\/\" target=\"_blank\" rel=\"noreferrer noopener\">Passo Gardena<\/a><\/strong>\u00a0: route panoramique avec virages serr\u00e9s et vues spectaculaires, id\u00e9ale pour une pause photo.<\/li>\n\n\n\n<li><strong>Lac de Misurina<\/strong>\u00a0: lac embl\u00e9matique, parfait pour une balade tranquille.<\/li>\n\n\n\n<li><strong><a href=\"https:\/\/auronzomisurina.it\/tre-cime\/\" target=\"_blank\" rel=\"noreferrer noopener\">Tre Cime di Lavaredo<\/a><\/strong>\u00a0: accessible en camping-car avec parking d\u00e9di\u00e9, point de d\u00e9part de belles randonn\u00e9es.<\/li>\n\n\n\n<li><strong><a href=\"https:\/\/visitcadoredolomiti.com\/\" target=\"_blank\" rel=\"noreferrer noopener\">Cadore<\/a><\/strong> et <strong><a href=\"https:\/\/www.dolomitivalcomelico.it\/\" target=\"_blank\" rel=\"noreferrer noopener\">Comelico<\/a><\/strong>\u00a0: vall\u00e9es plus paisibles, id\u00e9ales pour ralentir et profiter d\u2019une Italie moins touristique.<\/li>\n<\/ul>\n\n\n\n<p>En 3\u20135 jours, vous pourrez vivre un v\u00e9ritable tour des Dolomites entre Val di Funes, Tre Cime et Cadore, avec des haltes en pleine nature parfaites pour les camping-cars et caravanes.<\/p>\n\n\n\n<h3 class=\"wp-block-heading\">2. Itin\u00e9raire panoramique en Vall\u00e9e d\u2019Aoste (2\u20133 jours)<\/h3>\n\n\n\n<p>Compacte mais pleine de possibilit\u00e9s, la Vall\u00e9e d\u2019Aoste se pr\u00eate tr\u00e8s bien aux voyages en camping-car&nbsp;: routes faciles, vall\u00e9es lat\u00e9rales spectaculaires et nombreuses activit\u00e9s. Id\u00e9al pour un long week-end ou int\u00e9gr\u00e9 \u00e0 un road trip plus vaste.<\/p>\n\n\n\n<p>\u00c9tapes recommand\u00e9es&nbsp;:<\/p>\n\n\n\n<ul class=\"wp-block-list\">\n<li><strong><a href=\"https:\/\/www.courmayeurmontblanc.it\/\" target=\"_blank\" rel=\"noreferrer noopener\">Courmayeur<\/a><\/strong>\u00a0: au pied du Mont Blanc, point de d\u00e9part parfait pour les journ\u00e9es en plein air.<\/li>\n\n\n\n<li><strong>Val Ferret<\/strong>\u00a0: vall\u00e9e verdoyante et panoramique, avec promenades adapt\u00e9es aux familles.<\/li>\n\n\n\n<li><strong><a href=\"https:\/\/valledaostaheritage.com\/chateau-de-fenis\/\" target=\"_blank\" rel=\"noreferrer noopener\">Ch\u00e2teau de F\u00e9nis<\/a><\/strong>\u00a0: l\u2019un des plus c\u00e9l\u00e8bres de la r\u00e9gion, symbole de l\u2019histoire vald\u00f4taine.<\/li>\n\n\n\n<li><strong>Lac d\u2019Arpy<\/strong>\u00a0: un lac alpin superbe, accessible via une marche facile.<\/li>\n<\/ul>\n\n\n\n<p>En 2\u20133 jours, la vall\u00e9e vous offre des vues sur le Mont Blanc, des ch\u00e2teaux m\u00e9di\u00e9vaux et des promenades paisibles \u2014 parfait pour un itin\u00e9raire en camping-car ou fourgon am\u00e9nag\u00e9.<\/p>\n\n\n\n<h3 class=\"wp-block-heading\">3. Itin\u00e9raire Gran Sasso et Apennin des Abruzzes (3\u20134 jours)<\/h3>\n\n\n\n<p>Id\u00e9al pour combiner haute montagne et villages historiques. Les distances sont courtes, mais les paysages changent sans cesse entre plateaux, cr\u00eates et bourgs de pierre.<\/p>\n\n\n\n<p>\u00c9tapes recommand\u00e9es&nbsp;:<\/p>\n\n\n\n<ul class=\"wp-block-list\">\n<li><strong>Assergi<\/strong>\u00a0: porte d\u2019entr\u00e9e du massif du Gran Sasso et base parfaite pour rejoindre Campo Imperatore.<\/li>\n\n\n\n<li><strong><a href=\"https:\/\/www.gransassolagapark.it\/pagina.php?id=42\" target=\"_blank\" rel=\"noreferrer noopener\">Campo Imperatore<\/a><\/strong>\u00a0: vaste plateau d\u2019altitude, id\u00e9al pour les arr\u00eats photos, les balades et l\u2019observation des paysages.<\/li>\n\n\n\n<li><strong><a href=\"https:\/\/www.gransassolagapark.it\/paesi_dettaglio.php?id=67012\" target=\"_blank\" rel=\"noreferrer noopener\">Castelli<\/a><\/strong>\u00a0: village c\u00e9l\u00e8bre pour ses traditions artisanales et ses vues uniques.<\/li>\n\n\n\n<li><strong><a href=\"https:\/\/www.gransassolagapark.it\/paesi_dettaglio.php?id=66014\" target=\"_blank\" rel=\"noreferrer noopener\">Calascio<\/a><\/strong> et <strong>Rocca Calascio<\/strong>\u00a0: forteresse panoramique accessible \u00e0 pied, l\u2019un des lieux les plus photographi\u00e9s des Apennins.<\/li>\n<\/ul>\n\n\n\n<p>En 3\u20134 jours, vous explorez le Gran Sasso entre Assergi, Campo Imperatore et Rocca Calascio, en alternant randonn\u00e9es, villages et panoramas spectaculaires.<\/p>\n\n\n\n<h3 class=\"wp-block-heading\">4. Itin\u00e9raire montagneux du Sud&nbsp;: Pollino, Sila et Aspromonte (4\u20136 jours)<\/h3>\n\n\n\n<p>Les montagnes du Sud de l\u2019Italie surprennent souvent les voyageurs&nbsp;: grands espaces, authenticit\u00e9, tranquillit\u00e9 et paysages encore pr\u00e9serv\u00e9s. C\u2019est l\u2019occasion de d\u00e9couvrir trois superbes parcs nationaux&nbsp;: Pollino, Sila et Aspromonte.<\/p>\n\n\n\n<p>\u00c9tapes recommand\u00e9es&nbsp;:<\/p>\n\n\n\n<ul class=\"wp-block-list\">\n<li><strong><a href=\"https:\/\/parconazionalepollino.it\/\" target=\"_blank\" rel=\"noreferrer noopener\">Parc national du Pollino<\/a><\/strong> (Basilicate\/Calabre)\u00a0: vastes plateaux, cr\u00eates silencieuses et panoramas ouverts.<\/li>\n\n\n\n<li><strong>Plateau de la Sila<\/strong> (Calabre)\u00a0: for\u00eats de pins laricio et grandes \u00e9tendues bois\u00e9es.<\/li>\n\n\n\n<li><a href=\"https:\/\/www.parconazionaleaspromonte.it\/\" target=\"_blank\" rel=\"noreferrer noopener\"><strong>Aspromonte<\/strong><\/a> (Calabre m\u00e9ridionale)\u00a0: cr\u00eates surplombant la mer Ionienne et le d\u00e9troit de Messine.<\/li>\n<\/ul>\n\n\n\n<p>En 4\u20136 jours, vous traversez Pollino, Sila et Aspromonte pour vivre un grand voyage en camping-car dans le Sud de l\u2019Italie, entre nature sauvage, villages anciens et haltes paisibles.<\/p>\n\n\n\n<h2 class=\"wp-block-heading\">Saveurs et sp\u00e9cialit\u00e9s de montagne<\/h2>\n\n\n\n<p>Les montagnes italiennes, c\u2019est aussi une cuisine g\u00e9n\u00e9reuse, vari\u00e9e d\u2019une vall\u00e9e \u00e0 l\u2019autre, et que vous pouvez d\u00e9couvrir tout au long de votre voyage.<\/p>\n\n\n\n<p>Dans les Alpes orientales, vous trouverez par exemple des <strong>canederli<\/strong> (quenelles de pain au speck ou au fromage), des <strong>soupes d\u2019orge<\/strong> bien chaudes, des <strong>sp\u00e4tzle<\/strong> aux \u00e9pinards, des <strong>casunziei<\/strong> \u00e0 la betterave et le classique <strong>strudel aux pommes<\/strong>.<\/p>\n\n\n\n<p>Dans les Alpes occidentales, comme en Vall\u00e9e d\u2019Aoste ou autour du Gran Paradiso, la cuisine met \u00e0 l\u2019honneur <strong>les soupes au chou<\/strong>, la <strong>polenta<\/strong> aux fromages d\u2019alpage, la <strong>viande de gibier mijot\u00e9e<\/strong> et les tartes sal\u00e9es \u00e0 base de pommes de terre et <strong>de fontina<\/strong>.<\/p>\n\n\n\n<p>Dans les Apennins, du Gran Sasso \u00e0 la Sila, les incontournables sont les <strong>arrosticini<\/strong> (brochettes de mouton grill\u00e9es), les mijot\u00e9s de mouton, les <strong>p\u00e2tes fra\u00eeches<\/strong> aux sauces de viande ou champignons, les <strong>charcuteries de montagne<\/strong>, les <strong>fromages de brebis et de ch\u00e8vre<\/strong>, ainsi que des desserts simples comme les tartes aux m\u00fbres ou myrtilles cueillies dans les bois.<\/p>\n\n\n\n<p>Les haltes en agritourisme ou dans les exploitations agricoles vous permettent d\u2019allier paysages et cuisine authentique \u2014 id\u00e9ale pour les voyageurs.<\/p>\n\n\n\n<h2 class=\"wp-block-heading\">Conclusion<\/h2>\n\n\n\n<p>\u00c0 l\u2019approche de la Journ\u00e9e mondiale de la montagne, c\u2019est le moment parfait pour planifier votre prochain voyage dans les montagnes italiennes, en utilisant Agricamper comme fil conducteur de vos haltes rurales.<\/p>\n\n\n\n<p><a href=\"https:\/\/www.agricamper.com\/fr\/faq\/ou-telecharger-lapplication-agricamper\/\" title=\"\"><strong>T\u00e9l\u00e9chargez l\u2019application<\/strong><\/a> pour essayer gratuitement la version d\u00e9mo, et <strong><a href=\"https:\/\/www.agricamper.com\/fr\/produit\/agricamper-italia-guide-detapes-en-camping-car-en-italie\/\" title=\"\">achetez votre adh\u00e9sion<\/a><\/strong> pour acc\u00e9der aux haltes rurales gratuites de 24\u00a0heures et commencer \u00e0 planifier votre prochaine aventure \u00e0 travers l\u2019Italie\u00a0!<\/p>\n","protected":false},"excerpt":{"rendered":"<p>En camping-car ou en caravane, les montagnes italiennes sont l\u2019endroit id\u00e9al pour profiter de voyages lents, authentiques et au plus pr\u00e8s de la nature \u2014 surtout \u00e0 l\u2019occasion du 11 d\u00e9cembre, la Journ\u00e9e internationale de la montagne, qui c\u00e9l\u00e8bre ces \u00e9cosyst\u00e8mes uniques. Avec Agricamper, vous pouvez rendre votre voyage encore plus immersif en profitant de [&hellip;]<\/p>\n","protected":false},"author":1,"featured_media":4710,"comment_status":"closed","ping_status":"closed","sticky":false,"template":"","format":"standard","meta":{"_acf_changed":false,"_breakdance_hide_in_design_set":false,"_breakdance_tags":"","footnotes":""},"categories":[347],"tags":[348,350,352,374,362],"class_list":["post-4716","post","type-post","status-publish","format-standard","has-post-thumbnail","hentry","category-voyage-en-camping-car-et-caravane-en-italie","tag-activites-dans-la-nature","tag-les-activites-culturelles","tag-plats-typiques","tag-voyager-en-camping-car-et-en-caravane","tag-voyager-en-famille"],"acf":[],"_links":{"self":[{"href":"https:\/\/www.agricamper.com\/fr\/wp-json\/wp\/v2\/posts\/4716","targetHints":{"allow":["GET"]}}],"collection":[{"href":"https:\/\/www.agricamper.com\/fr\/wp-json\/wp\/v2\/posts"}],"about":[{"href":"https:\/\/www.agricamper.com\/fr\/wp-json\/wp\/v2\/types\/post"}],"author":[{"embeddable":true,"href":"https:\/\/www.agricamper.com\/fr\/wp-json\/wp\/v2\/users\/1"}],"replies":[{"embeddable":true,"href":"https:\/\/www.agricamper.com\/fr\/wp-json\/wp\/v2\/comments?post=4716"}],"version-history":[{"count":1,"href":"https:\/\/www.agricamper.com\/fr\/wp-json\/wp\/v2\/posts\/4716\/revisions"}],"predecessor-version":[{"id":4717,"href":"https:\/\/www.agricamper.com\/fr\/wp-json\/wp\/v2\/posts\/4716\/revisions\/4717"}],"wp:featuredmedia":[{"embeddable":true,"href":"https:\/\/www.agricamper.com\/fr\/wp-json\/wp\/v2\/media\/4710"}],"wp:attachment":[{"href":"https:\/\/www.agricamper.com\/fr\/wp-json\/wp\/v2\/media?parent=4716"}],"wp:term":[{"taxonomy":"category","embeddable":true,"href":"https:\/\/www.agricamper.com\/fr\/wp-json\/wp\/v2\/categories?post=4716"},{"taxonomy":"post_tag","embeddable":true,"href":"https:\/\/www.agricamper.com\/fr\/wp-json\/wp\/v2\/tags?post=4716"}],"curies":[{"name":"wp","href":"https:\/\/api.w.org\/{rel}","templated":true}]}}