{"id":4584,"date":"2025-09-15T06:00:00","date_gmt":"2025-09-15T06:00:00","guid":{"rendered":"https:\/\/www.agricamper.com\/camping-cars-et-festivals-un-voyage-automnal-a-travers-les-saveurs-les-traditions-et-les-paysages-italiens\/"},"modified":"2026-04-09T14:05:16","modified_gmt":"2026-04-09T14:05:16","slug":"camping-cars-et-festivals-un-voyage-automnal-a-travers-les-saveurs-les-traditions-et-les-paysages-italiens","status":"publish","type":"post","link":"https:\/\/www.agricamper.com\/fr\/get-inspired\/camping-cars-et-festivals-un-voyage-automnal-a-travers-les-saveurs-les-traditions-et-les-paysages-italiens\/","title":{"rendered":"Camping-cars et festivals : un voyage automnal \u00e0 travers les saveurs, les traditions et les paysages italiens"},"content":{"rendered":"\n<p>L\u2019automne arrive, apportant avec lui des journ\u00e9es plus fra\u00eeches, des ciels limpides et des paysages qui se transforment en une mosa\u00efque de couleurs chaudes. C\u2019est le moment id\u00e9al pour pr\u00e9parer votre camping-car ou caravane et partir \u00e0 la d\u00e9couverte de l\u2019Italie, \u00e0 une saison qui offre des \u00e9motions authentiques.<\/p>\n\n\n\n<p>\u00c0 mesure que les foules estivales disparaissent, les villages retrouvent leur tranquillit\u00e9 et les routes deviennent moins fr\u00e9quent\u00e9es, rendant les voyages en camping-car encore plus agr\u00e9ables. \u00c0 cette p\u00e9riode, l\u2019Italie s\u2019emplit de parfums et de saveurs gr\u00e2ce aux f\u00eates d\u00e9di\u00e9es aux produits locaux : ch\u00e2taignes fra\u00eechement grill\u00e9es, champignons cueillis dans les bois, vin nouveau au parfum de vendange et truffes au go\u00fbt inimitable.<\/p>\n\n\n\n<p>Avec Agricamper, vous pouvez allier la libert\u00e9 du voyage et la d\u00e9couverte des traditions locales, en trouvant facilement un emplacement en pleine nature partout en Italie. <a href=\"https:\/\/www.agricamper.com\/fr\/faq\/ou-telecharger-lapplication-agricamper\/\" title=\"\">T\u00e9l\u00e9chargez l\u2019application<\/a> et testez la version d\u00e9mo gratuite pour d\u00e9couvrir l\u2019emplacement de toutes nos haltes. L\u2019automne est l\u00e0 : c\u2019est le moment de prendre la route et de vivre la magie de cette saison.<\/p>\n\n\n\n<!--more Continuer la lecture de-->\n\n\n\n<h2 class=\"wp-block-heading\">Les plus belles f\u00eates d\u2019automne en Italie<\/h2>\n\n\n\n<p>Chaque r\u00e9gion a ses propres festivit\u00e9s populaires, et voyager \u00e0 cette p\u00e9riode, c\u2019est s\u2019immerger dans les traditions les plus authentiques. Voici quelques f\u00eates incontournables, parfaites pour un itin\u00e9raire en camping-car ou en caravane.<\/p>\n\n\n\n<h3 class=\"wp-block-heading\">1. Pi\u00e9mont : truffes et vins entre collines et villages historiques<\/h3>\n\n\n\n<p>\u00c0 l\u2019approche de l\u2019automne, le Pi\u00e9mont se transforme en une v\u00e9ritable palette de couleurs et de senteurs. Les collines des Langhe et du Roero se parent de nuances chaudes, les vignobles se pr\u00e9parent \u00e0 la vendange et l\u2019air se remplit d\u2019ar\u00f4mes qui \u00e9voquent la tradition.<\/p>\n\n\n\n<p>La star incontest\u00e9e de la saison est Alba, c\u00e9l\u00e8bre dans le monde entier pour la <a href=\"https:\/\/www.fieradeltartufo.org\/\" target=\"_blank\" rel=\"noreferrer noopener\"><strong>Foire Internationale de la Truffe Blanche d\u2019Alba<\/strong><\/a>, qui a lieu chaque ann\u00e9e entre octobre et novembre. Vous y d\u00e9couvrirez une ambiance unique : stands consacr\u00e9s \u00e0 la truffe, spectacles, \u00e9v\u00e9nements culturels et d\u00e9gustations de plats typiques comme les tajarin \u00e0 la truffe, la viande crue \u00e0 la pi\u00e9montaise et les fromages locaux.<\/p>\n\n\n\n<p>Apr\u00e8s avoir explor\u00e9 la foire, promenez-vous dans le centre historique : admirez la cath\u00e9drale San Lorenzo, perdez-vous dans les ruelles bord\u00e9es de tours m\u00e9di\u00e9vales et grimpez jusqu\u2019aux points de vue pour profiter de panoramas spectaculaires. Les amoureux de la nature peuvent parcourir les sentiers reliant les vignobles de Barolo, Barbaresco et La Morra, parfaits pour une balade automnale au milieu des vignes et des feuilles tomb\u00e9es.<\/p>\n\n\n\n<h3 class=\"wp-block-heading\">2. Lombardie : saveurs authentiques entre lacs et montagnes<\/h3>\n\n\n\n<p>Avec l\u2019arriv\u00e9e de l\u2019automne, la Lombardie se couvre de couleurs chaudes et enveloppantes. Les sommets alpins se parent de leurs premiers flocons, tandis que les vall\u00e9es et les rives des lacs se transforment en un tableau de jaunes, d\u2019oranges et de rouges.<\/p>\n\n\n\n<p>Un des rendez-vous les plus attendus est la <a href=\"https:\/\/mostradelbitto.com\/\" target=\"_blank\" rel=\"noreferrer noopener\"><strong>Mostra del Bitto<\/strong><\/a>, qui se tient chaque ann\u00e9e \u00e0 la mi-octobre \u00e0 Morbegno, au c\u0153ur de la Valteline. Cet \u00e9v\u00e9nement c\u00e9l\u00e8bre l\u2019un des fromages les plus embl\u00e9matiques de la r\u00e9gion, le Bitto, un produit d\u2019alpage au pass\u00e9 mill\u00e9naire. Vous pourrez assister \u00e0 des d\u00e9monstrations de fabrication, d\u00e9guster diff\u00e9rentes maturations et d\u00e9couvrir d\u2019autres sp\u00e9cialit\u00e9s locales comme la bresaola, les pizzoccheri et les vins de la Valteline.<br>Morbegno offre \u00e9galement un centre historique charmant, avec de beaux palais, des ruelles pittoresques et la splendide coll\u00e9giale San Giovanni Battista. Une halte parfaite pour une promenade entre histoire et traditions.<\/p>\n\n\n\n<p>Apr\u00e8s la visite, les amateurs de nature pourront emprunter le <a href=\"https:\/\/sentiero.valtellina.it\/\" target=\"_blank\" rel=\"noreferrer noopener\">Sentiero Valtellina<\/a>, un sentier qui longe la rivi\u00e8re Adda, id\u00e9al pour des balades ou des randonn\u00e9es \u00e0 v\u00e9lo au c\u0153ur du paysage automnal. Aux alentours, des villages comme Tirano et <a href=\"https:\/\/www.valtellina.it\/it\/chiavenna-e-dintorni\" target=\"_blank\" rel=\"noreferrer noopener\">Chiavenna<\/a> offrent des vues magnifiques et une immersion totale dans la culture locale.<\/p>\n\n\n\n<h3 class=\"wp-block-heading\">3. \u00c9milie-Romagne : tortellini entre villages et collines<\/h3>\n\n\n\n<p>\u00c0 cette saison, la campagne \u00e9milienne propose non seulement des paysages inoubliables, mais aussi une grande vari\u00e9t\u00e9 de f\u00eates consacr\u00e9es aux produits typiques de l\u2019automne.<\/p>\n\n\n\n<p>Parmi les \u00e9v\u00e9nements les plus attendus, on trouve la <a href=\"https:\/\/emiliaromagnaturismo.it\/it\/eventi\/castelfranco-emilia-sagra-del-tortellino\" target=\"_blank\" rel=\"noreferrer noopener\"><strong>F\u00eate du Tortellini de Castelfranco Emilia<\/strong><\/a>, qui a lieu chaque ann\u00e9e entre fin septembre et d\u00e9but octobre. Cet \u00e9v\u00e9nement rend hommage \u00e0 l\u2019un des plats embl\u00e9matiques de la tradition \u00e9milienne : le tortellini. Vous pourrez le d\u00e9guster dans sa version classique en bouillon, mais aussi dans des recettes cr\u00e9atives pr\u00e9par\u00e9es par les ma\u00eetres p\u00e2tiers locaux. Apr\u00e8s la f\u00eate, direction <a href=\"https:\/\/www.visitmodena.it\/it\" target=\"_blank\" rel=\"noreferrer noopener\">Mod\u00e8ne<\/a> pour admirer la Piazza Grande, la cath\u00e9drale et la tour Ghirlandina, class\u00e9es au patrimoine mondial de l\u2019UNESCO.<\/p>\n\n\n\n<p>Pour les amoureux de la nature, ne manquez pas une excursion dans le <a href=\"https:\/\/www.parcodeltapo.it\/it\/\" target=\"_blank\" rel=\"noreferrer noopener\">Parc r\u00e9gional du Delta du P\u00f4<\/a>, un paradis pour l\u2019observation des oiseaux, la photographie et les longues promenades entre canaux, lagunes et for\u00eats. En automne, ce territoire devient un refuge pour de nombreuses esp\u00e8ces migratrices et offre des paysages changeants chaque jour.<\/p>\n\n\n\n<h3 class=\"wp-block-heading\">4. Toscane : vin, ch\u00e2taignes et villages pittoresques<\/h3>\n\n\n\n<p>L\u2019automne en Toscane est un v\u00e9ritable spectacle pour les sens. Cette r\u00e9gion, d\u00e9j\u00e0 r\u00e9put\u00e9e pour sa beaut\u00e9, devient encore plus fascinante lorsque les vignobles se parent de rouge et d\u2019or, que les for\u00eats embaument la ch\u00e2taigne et que l\u2019air frais invite \u00e0 explorer des villages et des paysages uniques.<\/p>\n\n\n\n<p>Parmi les \u00e9v\u00e9nements les plus c\u00e9l\u00e8bres, on trouve la <a href=\"https:\/\/www.visittuscany.com\/it\/eventi\/mostra-mercato-del-marron-buono-di-marradi\/\" target=\"_blank\" rel=\"noreferrer noopener\"><strong>F\u00eate de la Ch\u00e2taigne de Marradi<\/strong><\/a>, dans les Apennins toscano-romagnols. Chaque octobre, les rues de ce village s\u2019animent de stands o\u00f9 vous pourrez go\u00fbter les marrons du Mugello sous toutes leurs formes : grill\u00e9s, dans des desserts traditionnels comme le castagnaccio, en confiture et m\u00eame en p\u00e2tes fra\u00eeches \u00e0 la farine de ch\u00e2taigne. La f\u00eate est accompagn\u00e9e de musique, de spectacles et d\u2019une ambiance conviviale qui vous fera sentir comme un habitant du village.<\/p>\n\n\n\n<p>Apr\u00e8s avoir savour\u00e9 ces sp\u00e9cialit\u00e9s, nous vous conseillons de vous promener dans le centre historique de Marradi, caract\u00e9ris\u00e9 par ses ruelles et ses petites places pittoresques. Pour les amateurs de nature, le <a href=\"https:\/\/www.parcoforestecasentinesi.it\/it\/vivi-il-parco\/sentieri-ed-escursioni\/il-sentiero-delle-sacre-foreste.\" target=\"_blank\" rel=\"noreferrer noopener\">Sentier des For\u00eats Sacr\u00e9es<\/a> est une randonn\u00e9e incontournable \u00e0 travers des h\u00eatraies et ch\u00e2taigneraies qui se parent, en automne, d\u2019une palette de couleurs chaudes et enveloppantes.<\/p>\n\n\n\n<h3 class=\"wp-block-heading\">5. Ombrie : entre for\u00eats, villages et saveurs d\u2019automne<\/h3>\n\n\n\n<p>En automne, l\u2019Ombrie r\u00e9v\u00e8le son c\u00f4t\u00e9 le plus authentique et enchanteur. Surnomm\u00e9e le c\u0153ur vert de l\u2019Italie, cette r\u00e9gion se pare de tons chauds et lumineux : les for\u00eats deviennent un kal\u00e9idoscope de rouges, d\u2019oranges et de jaunes, tandis que les villages m\u00e9di\u00e9vaux s\u2019animent de f\u00eates et de traditions saisonni\u00e8res.<\/p>\n\n\n\n<p>Parmi les \u00e9v\u00e9nements les plus embl\u00e9matiques se distingue la <strong>F\u00eate de la For\u00eat<\/strong> de <a href=\"https:\/\/www.umbriatourism.it\/it\/montone\" target=\"_blank\" rel=\"noreferrer noopener\">Montone<\/a>, qui se tient g\u00e9n\u00e9ralement entre fin octobre et d\u00e9but novembre. Ce magnifique village m\u00e9di\u00e9val se transforme en un v\u00e9ritable d\u00e9cor automnal.<\/p>\n\n\n\n<p>En d\u00e9ambulant dans ses ruelles pav\u00e9es, vous trouverez des stands proposant des produits de la for\u00eat comme des champignons, des ch\u00e2taignes, des truffes et du miel, ainsi que des plats typiques : soupes chaudes, strangozzi, fromages et charcuterie ombrienne. L\u2019ambiance est encore plus magique gr\u00e2ce aux spectacles folkloriques, expositions artisanales et reconstitutions historiques.<\/p>\n\n\n\n<h3 class=\"wp-block-heading\">6. Marches : collines, villages et traditions culinaires<\/h3>\n\n\n\n<p>\u00c0 cette saison, la r\u00e9gion se remplit de couleurs et de saveurs, id\u00e9ale pour d\u00e9couvrir des traditions culinaires authentiques et des f\u00eates locales.<\/p>\n\n\n\n<p>Parmi les \u00e9v\u00e9nements les plus typiques figure <strong>Leguminaria<\/strong>, qui se tient chaque ann\u00e9e \u00e0 la mi-octobre \u00e0 <a href=\"https:\/\/letsmarche.it\/-\/appignano-2\" target=\"_blank\" rel=\"noreferrer noopener\">Appignano<\/a>, dans la province de Macerata. Cette f\u00eate est d\u00e9di\u00e9e aux l\u00e9gumineuses locales telles que pois chiches, lentilles et haricots, ingr\u00e9dients phares de plats rustiques qui racontent l\u2019histoire rurale de la r\u00e9gion. Pendant la f\u00eate, les ruelles du village s\u2019animent de stands gastronomiques, de spectacles folkloriques, d\u2019expositions d\u2019art et de march\u00e9s de produits locaux.<\/p>\n\n\n\n<p>Une particularit\u00e9 de Leguminaria : les plats sont servis dans des bols en c\u00e9ramique artisanale, fabriqu\u00e9s par les artisans locaux, que les visiteurs peuvent emporter comme souvenir \u2014 une parfaite alliance entre go\u00fbt et culture.<\/p>\n\n\n\n<h3 class=\"wp-block-heading\">7. Calabre : senteurs de la for\u00eat et traditions dans les monts de la Sila<\/h3>\n\n\n\n<p>En cette p\u00e9riode, les for\u00eats de la Sila deviennent les v\u00e9ritables protagonistes, offrant un cadre id\u00e9al pour la randonn\u00e9e, le v\u00e9lo et de longues promenades en pleine nature.<\/p>\n\n\n\n<p>Le c\u0153ur de l\u2019automne calabrais bat \u00e0 <a href=\"https:\/\/calabriastraordinaria.it\/destinazioni\/camigliatello-silano\" target=\"_blank\" rel=\"noreferrer noopener\">Camigliatello Silano<\/a>, o\u00f9 se tient chaque ann\u00e9e, entre octobre et novembre, la <strong>F\u00eate du Champignon<\/strong>. Cet \u00e9v\u00e9nement met \u00e0 l\u2019honneur l\u2019un des produits les plus appr\u00e9ci\u00e9s de la cuisine locale : les c\u00e8pes. Les rues du village se remplissent de stands gastronomiques proposant des recettes traditionnelles comme le risotto aux champignons, la polenta aux champignons et saucisses, des soupes rustiques et d\u2019autres plats typiques. Musique, artisanat et spectacles folkloriques compl\u00e8tent la f\u00eate.<\/p>\n\n\n\n<p>Apr\u00e8s avoir savour\u00e9 ces sp\u00e9cialit\u00e9s, explorez le <a href=\"https:\/\/parcosila.it\/\" target=\"_blank\" rel=\"noreferrer noopener\">Parc National de la Sila<\/a>, l\u2019un des plus anciens d\u2019Italie, avec ses sentiers traversant des for\u00eats de pins et de h\u00eatres, des lacs pittoresques comme le lac Cecita et des paysages d\u2019automne spectaculaires.<\/p>\n\n\n\n<h3 class=\"wp-block-heading\">8. Sicile : saveurs d\u2019automne entre mer et montagne<\/h3>\n\n\n\n<p>La Sicile, terre de contrastes et de beaut\u00e9s intemporelles, offre en automne une exp\u00e9rience de voyage unique.<\/p>\n\n\n\n<p>Parmi les \u00e9v\u00e9nements les plus attendus de la saison se trouve la <strong>F\u00eate de la Pistache de Bronte<\/strong>, qui se d\u00e9roule chaque ann\u00e9e entre fin septembre et d\u00e9but octobre, au pied de l\u2019Etna. Bronte est la patrie de la c\u00e9l\u00e8bre pistache AOP, surnomm\u00e9e \u00ab l\u2019or vert \u00bb de Sicile pour sa qualit\u00e9 exceptionnelle. Pendant la f\u00eate, les rues se remplissent de stands proposant la pistache sous toutes ses formes : douceurs traditionnelles comme les cannoli et la cassata, mais aussi des plats sal\u00e9s comme les arancini, les p\u00e2tes fra\u00eeches, les pizzas et les fromages.<\/p>\n\n\n\n<p>Apr\u00e8s la f\u00eate, profitez de la proximit\u00e9 pour explorer le <a href=\"https:\/\/parcoetna.it\/\" target=\"_blank\" rel=\"noreferrer noopener\">Parc de l\u2019Etna<\/a>, o\u00f9 les sentiers traversent for\u00eats de ch\u00e2taigniers et anciennes coul\u00e9es de lave. Pour les amateurs de culture urbaine, un arr\u00eat \u00e0 <a href=\"https:\/\/www.visitsicily.info\/localita\/catania\/\" target=\"_blank\" rel=\"noreferrer noopener\">Catane<\/a> s\u2019impose : fl\u00e2nez le long de la Via Etnea, admirez la Piazza del Duomo avec sa Fontaine de l\u2019\u00c9l\u00e9phant et d\u00e9couvrez la vie anim\u00e9e de la ville entre march\u00e9s, \u00e9glises baroques et palais historiques.<\/p>\n\n\n\n<h2 class=\"wp-block-heading\">Conclusion<\/h2>\n\n\n\n<p>Voyager en automne, c\u2019est d\u00e9couvrir une autre Italie, pleine de parfums, de couleurs et de saveurs uniques. Que vous soyez amateur de truffes, de ch\u00e2taignes ou de pistaches, chaque r\u00e9gion offre des exp\u00e9riences inoubliables \u00e0 vivre en toute libert\u00e9 avec un camping-car, une caravane ou un fourgon am\u00e9nag\u00e9.<\/p>\n\n\n\n<p>Avec Agricamper, transformez chaque week-end ou vacances en aventure authentique, en profitant d\u2019une nuit gratuite dans des fermes soigneusement s\u00e9lectionn\u00e9es partout en Italie. <a href=\"https:\/\/www.agricamper.com\/fr\/faq\/ou-telecharger-lapplication-agricamper\/\" title=\"\">T\u00e9l\u00e9chargez notre application<\/a>, explorez la carte et commencez \u00e0 planifier votre prochain voyage entre f\u00eates, villages et paysages d\u2019automne.<\/p>\n\n\n\n<p>Pr\u00eat \u00e0 partir ? <a href=\"https:\/\/www.agricamper.com\/fr\/produit\/agricamper-italia-guide-detapes-en-camping-car-en-italie\/\" title=\"\">Souscrivez votre adh\u00e9sion Agricamper<\/a> et d\u00e9couvrez plus de 500 fermes \u00e0 travers l\u2019Italie, o\u00f9 vous pourrez s\u00e9journer gratuitement pendant 24 heures, sans limite, toute l\u2019ann\u00e9e, pour seulement 39,90 \u20ac !<\/p>\n","protected":false},"excerpt":{"rendered":"<p>L\u2019automne arrive, apportant avec lui des journ\u00e9es plus fra\u00eeches, des ciels limpides et des paysages qui se transforment en une mosa\u00efque de couleurs chaudes. C\u2019est le moment id\u00e9al pour pr\u00e9parer votre camping-car ou caravane et partir \u00e0 la d\u00e9couverte de l\u2019Italie, \u00e0 une saison qui offre des \u00e9motions authentiques. \u00c0 mesure que les foules estivales [&hellip;]<\/p>\n","protected":false},"author":1,"featured_media":4578,"comment_status":"closed","ping_status":"closed","sticky":false,"template":"","format":"standard","meta":{"_acf_changed":false,"_breakdance_hide_in_design_set":false,"_breakdance_tags":"","footnotes":""},"categories":[347],"tags":[348,350,373,352,531,542,374,362],"class_list":["post-4584","post","type-post","status-publish","format-standard","has-post-thumbnail","hentry","category-voyage-en-camping-car-et-caravane-en-italie","tag-activites-dans-la-nature","tag-les-activites-culturelles","tag-monuments-historiques","tag-plats-typiques","tag-se-detendre","tag-villes-dart","tag-voyager-en-camping-car-et-en-caravane","tag-voyager-en-famille"],"acf":[],"_links":{"self":[{"href":"https:\/\/www.agricamper.com\/fr\/wp-json\/wp\/v2\/posts\/4584","targetHints":{"allow":["GET"]}}],"collection":[{"href":"https:\/\/www.agricamper.com\/fr\/wp-json\/wp\/v2\/posts"}],"about":[{"href":"https:\/\/www.agricamper.com\/fr\/wp-json\/wp\/v2\/types\/post"}],"author":[{"embeddable":true,"href":"https:\/\/www.agricamper.com\/fr\/wp-json\/wp\/v2\/users\/1"}],"replies":[{"embeddable":true,"href":"https:\/\/www.agricamper.com\/fr\/wp-json\/wp\/v2\/comments?post=4584"}],"version-history":[{"count":1,"href":"https:\/\/www.agricamper.com\/fr\/wp-json\/wp\/v2\/posts\/4584\/revisions"}],"predecessor-version":[{"id":4585,"href":"https:\/\/www.agricamper.com\/fr\/wp-json\/wp\/v2\/posts\/4584\/revisions\/4585"}],"wp:featuredmedia":[{"embeddable":true,"href":"https:\/\/www.agricamper.com\/fr\/wp-json\/wp\/v2\/media\/4578"}],"wp:attachment":[{"href":"https:\/\/www.agricamper.com\/fr\/wp-json\/wp\/v2\/media?parent=4584"}],"wp:term":[{"taxonomy":"category","embeddable":true,"href":"https:\/\/www.agricamper.com\/fr\/wp-json\/wp\/v2\/categories?post=4584"},{"taxonomy":"post_tag","embeddable":true,"href":"https:\/\/www.agricamper.com\/fr\/wp-json\/wp\/v2\/tags?post=4584"}],"curies":[{"name":"wp","href":"https:\/\/api.w.org\/{rel}","templated":true}]}}