{"id":4573,"date":"2025-09-08T06:00:00","date_gmt":"2025-09-08T06:00:00","guid":{"rendered":"https:\/\/www.agricamper.com\/du-camping-car-aux-chaussures-de-randonnee-a-la-decouverte-des-plus-beaux-sentiers-ditalie\/"},"modified":"2026-04-09T14:05:08","modified_gmt":"2026-04-09T14:05:08","slug":"du-camping-car-aux-chaussures-de-randonnee-a-la-decouverte-des-plus-beaux-sentiers-ditalie","status":"publish","type":"post","link":"https:\/\/www.agricamper.com\/fr\/get-inspired\/du-camping-car-aux-chaussures-de-randonnee-a-la-decouverte-des-plus-beaux-sentiers-ditalie\/","title":{"rendered":"Du camping-car aux chaussures de randonn\u00e9e : \u00e0 la d\u00e9couverte des plus beaux sentiers d&rsquo;Italie"},"content":{"rendered":"\n<p>Lorsque la libert\u00e9 offerte par un camping-car ou une caravane se combine avec de longues randonn\u00e9es \u00e0 travers les for\u00eats, les montagnes et les villages historiques, le voyage devient une exp\u00e9rience compl\u00e8te. Que vous voyagiez \u00e0 bord d\u2019un van agile ou d\u2019un grand camping-car, la combinaison \u201ccamping-car + randonn\u00e9e\u201d vous promet des journ\u00e9es actives, des panoramas spectaculaires et la possibilit\u00e9 de d\u00e9couvrir le territoire pas \u00e0 pas.&nbsp;<\/p>\n\n\n\n<p>Avec Agricamper, vous profitez d\u2019\u00e9tapes gratuites et illimit\u00e9es de 24 heures dans toute l\u2019Italie, en pleine nature et loin du tourisme de masse. <a href=\"https:\/\/www.agricamper.com\/fr\/faq\/ou-telecharger-lapplication-agricamper\/\" title=\"\">T\u00e9l\u00e9chargez l\u2019application<\/a> et testez la version D\u00e9mo gratuite pour d\u00e9couvrir toutes les fonctionnalit\u00e9s !<\/p>\n\n\n\n<p>Dans cet article, nous vous emmenons \u00e0 la d\u00e9couverte des plus belles randonn\u00e9es en Italie, avec des conseils sur les sentiers \u00e0 ne pas manquer et des id\u00e9es pour combiner vos balades avec des visites culturelles et des d\u00e9gustations de sp\u00e9cialit\u00e9s locales.<\/p>\n\n\n\n<!--more Continuer la lecture de-->\n\n\n\n<h2 class=\"wp-block-heading\">Nord de l\u2019Italie \u2013 Sommets, lacs et villages anciens<\/h2>\n\n\n\n<h3 class=\"wp-block-heading\">Trentin-Haut-Adige : paysages dolomitiques de carte postale<\/h3>\n\n\n\n<p>Si vous aimez la montagne, les Dolomites sont un r\u00eave \u00e9veill\u00e9 : class\u00e9es au patrimoine mondial de l\u2019UNESCO, elles repr\u00e9sentent un v\u00e9ritable temple naturel pour les amateurs de randonn\u00e9e. Ici, les sommets s\u2019\u00e9l\u00e8vent tels des sculptures de pierre, les vall\u00e9es s\u2019ouvrent sur de vastes prairies verdoyantes et l\u2019air, pur et vivifiant, est parfait pour partir du bon pied.<\/p>\n\n\n\n<p>Un itin\u00e9raire embl\u00e9matique commence au <strong>Lac de Braies<\/strong>, un miroir d\u2019eau turquoise entour\u00e9 de sapins et de pics rocheux. Vous pouvez en faire le tour sur un sentier facile et pittoresque ou continuer vers la <strong><a href=\"https:\/\/www.altapusteria.com\/sport\/estate-attiva\/escursioni\/malga-val-foresta\/\" target=\"_blank\" rel=\"noreferrer noopener\">Malga Foresta<\/a><\/strong>, \u00e0 travers des bois ombrag\u00e9s et des prairies alpines o\u00f9, avec un peu de chance, vous croiserez des cerfs ou des marmottes.<\/p>\n\n\n\n<p>Pour les amateurs de sensations fortes, le <strong>Tour des <a href=\"https:\/\/auronzomisurina.it\/tre-cime\/\" target=\"_blank\" rel=\"noreferrer noopener\">Trois Cimes de Lavaredo<\/a><\/strong> est incontournable : une boucle offrant des points de vue spectaculaires sur les parois les plus c\u00e9l\u00e8bres des Dolomites, avec des paysages qui changent \u00e0 chaque tournant.<\/p>\n\n\n\n<p>Ne manquez pas non plus les <strong><a href=\"https:\/\/www.sanmartino.com\/it\/paledismartino\/\" target=\"_blank\" rel=\"noreferrer noopener\">Pale di San Martino<\/a><\/strong> : un massif montagneux aux paysages presque lunaires. Depuis San Martino di Castrozza, vous pouvez monter jusqu\u2019au <strong>Refuge Rosetta<\/strong>, perch\u00e9 sur un haut plateau rocheux d\u2019une beaut\u00e9 rare, ou emprunter l\u2019\u00e9vocateur <strong>Sentier du Christ Pensant<\/strong>, une randonn\u00e9e m\u00e9ditative avec des vues impressionnantes sur la vall\u00e9e.<\/p>\n\n\n\n<p>Apr\u00e8s une journ\u00e9e intense de marche, rien de plus agr\u00e9able que de savourer une assiette fumante de canederli ou une part de strudel aux pommes, en respirant encore l\u2019air pur de la montagne.<\/p>\n\n\n\n<h3 class=\"wp-block-heading\">Lombardie : entre lacs, montagnes et villages historiques<\/h3>\n\n\n\n<p>La Lombardie est une r\u00e9gion surprenante pour ceux qui voyagent en camping-car ou en caravane et qui aiment alterner entre exploration urbaine et randonn\u00e9es en pleine nature. Montagnes, lacs et vall\u00e9es offrent des itin\u00e9raires adapt\u00e9s \u00e0 tous les niveaux.<\/p>\n\n\n\n<p>Le long du <strong>Lac de C\u00f4me<\/strong>, le <strong><a href=\"https:\/\/www.ilsentierodelviandante.eu\/\" target=\"_blank\" rel=\"noreferrer noopener\">Sentier du Viandant<\/a><\/strong> relie Abbadia Lariana \u00e0 Colico sur la rive orientale, alternant passages en for\u00eat et superbes panoramas sur le lac. Tout aussi fascinant, le <strong>Sentier du Tracciolino<\/strong> relie la Val Codera et la Val dei Ratti : un parcours taill\u00e9 dans la roche, avec passerelles et tunnels offrant des vues spectaculaires sur le Lac de Mezzola et l\u2019extr\u00e9mit\u00e9 nord du Lac de C\u00f4me.<\/p>\n\n\n\n<p>Pour les amateurs de sommets, le <strong>Monte Legnone<\/strong> offre une ascension exigeante mais gratifiante, avec un panorama qui s\u2019\u00e9tend des Alpes jusqu\u2019\u00e0 la plaine du P\u00f4. Plus douce mais tout aussi belle, l\u2019ascension du <strong>Monte San Primo<\/strong>, le plus haut sommet du Triangle Larien, offre une vue sur les deux bras du lac.<\/p>\n\n\n\n<p>Pour des paysages alpins authentiques, partez en <strong>Valtellina<\/strong> et <strong>Valchiavenna<\/strong>, entre refuges et p\u00e2turages accessibles \u00e0 pied, ou explorez les vall\u00e9es du <strong><a href=\"https:\/\/www.stelviopark.it\/\" target=\"_blank\" rel=\"noreferrer noopener\">Parc National du Stelvio<\/a><\/strong>, o\u00f9 chamois et marmottes accompagnent vos pas.<\/p>\n\n\n\n<p>Apr\u00e8s la randonn\u00e9e, impossible de r\u00e9sister \u00e0 un plat de polenta taragna accompagn\u00e9 de fromages locaux \u2013 une sp\u00e9cialit\u00e9 lombarde parfaite pour reprendre des forces.<\/p>\n\n\n\n<h3 class=\"wp-block-heading\">Pi\u00e9mont : entre sommets alpins et collines de carte postale<\/h3>\n\n\n\n<p>Le Pi\u00e9mont alterne montagnes majestueuses, lacs romantiques et collines couvertes de vignes, offrant des randonn\u00e9es pour tous les niveaux.<\/p>\n\n\n\n<p>Pour les amoureux de la haute montagne, le <strong><a href=\"https:\/\/www.pngp.it\/\" target=\"_blank\" rel=\"noreferrer noopener\">Parc National du Grand Paradis<\/a><\/strong> est une destination incontournable : le sentier menant au <strong>Lac de Dres<\/strong> ou au <strong>Refuge Chabod<\/strong> offre des panoramas \u00e9poustouflants et des rencontres avec bouquetins et chamois.<\/p>\n\n\n\n<p>Pour des balades panoramiques, le <strong><a href=\"https:\/\/www.sacrimonti.org\/sacro-monte-di-orta\" target=\"_blank\" rel=\"noreferrer noopener\">Sacro Monte di Orta<\/a><\/strong> propose une boucle avec vue sur le Lac d\u2019Orta et l\u2019\u00cele de San Giulio. Le <strong>Mottarone<\/strong> est un classique, permettant d\u2019admirer simultan\u00e9ment le Lac Majeur et le Lac d\u2019Orta par temps clair.<\/p>\n\n\n\n<p>Pour les amateurs de collines, les <strong>Langhe et le Roero<\/strong> offrent de doux itin\u00e9raires entre villages m\u00e9di\u00e9vaux et rang\u00e9es de vignes, comme le <strong>Sentier du Barolo<\/strong> ou la marche entre La Morra et Grinzane Cavour.&nbsp;<\/p>\n\n\n\n<p>Pour une touche d\u2019aventure, la <a href=\"https:\/\/www.visitpiemonte.com\/valsesia-la-valle-piu-verde-ditalia\" target=\"_blank\" rel=\"noreferrer noopener\"><strong>Valsesia<\/strong><\/a> propose des sentiers sauvages comme celui menant \u00e0 l\u2019<strong>Alpe Campo<\/strong>, avec des vues spectaculaires sur le Mont Rose.<\/p>\n\n\n\n<p>Apr\u00e8s la marche, r\u00e9galez-vous avec une assiette de tajarin au beurre et \u00e0 la sauge ou d\u2019agnolotti del plin \u2013 v\u00e9ritables ambassadeurs de la cuisine pi\u00e9montaise.<\/p>\n\n\n\n<h2 class=\"wp-block-heading\">Centre de l\u2019Italie \u2013 Collines, villages m\u00e9di\u00e9vaux et paysages de cin\u00e9ma<\/h2>\n\n\n\n<h3 class=\"wp-block-heading\">Abruzzes : entre parcs nationaux et villages de montagne<\/h3>\n\n\n\n<p>Les Abruzzes sont l\u2019une des r\u00e9gions les plus vertes d\u2019Europe, avec trois parcs nationaux et un r\u00e9seau de sentiers allant de la mer Adriatique aux sommets des Apennins. Voyager ici en camping-car ou en caravane, c\u2019est pouvoir stationner au pied de montagnes majestueuses et partir chaque jour pour une nouvelle aventure.<\/p>\n\n\n\n<p>Dans le <strong><a href=\"https:\/\/www.gransassolagapark.it\/\" target=\"_blank\" rel=\"noreferrer noopener\">Parc National du Gran Sasso et Monti della Laga<\/a><\/strong>, partez de <strong>Campo Imperatore<\/strong> jusqu\u2019au <strong>Corno Grande<\/strong>, le plus haut sommet des Apennins, avec des vues qui, par temps clair, s\u2019\u00e9tendent jusqu\u2019\u00e0 la mer. Autre exp\u00e9rience m\u00e9morable : la randonn\u00e9e vers la <strong><a href=\"https:\/\/www.gransassolagapark.it\/paesi_dettaglio.php?id=66014\" target=\"_blank\" rel=\"noreferrer noopener\">Rocca Calascio<\/a><\/strong>, l\u2019une des forteresses les plus hautes d\u2019Italie, dans un d\u00e9cor digne d\u2019un film.<\/p>\n\n\n\n<p>Dans le <strong><a href=\"https:\/\/www.parcomajella.it\/\" target=\"_blank\" rel=\"noreferrer noopener\">Parc National de la Majella<\/a><\/strong>, la \u201cmontagne m\u00e8re\u201d des Abruzzes, les sentiers traversent ermitages taill\u00e9s dans la roche, gorges profondes et prairies d\u2019altitude. Ne manquez pas le <strong><a href=\"https:\/\/www.parcomajella.it\/Il-Sentiero-dello-Spirito.htm\" target=\"_blank\" rel=\"noreferrer noopener\">Sentier de l\u2019Esprit<\/a><\/strong>, reliant les sites les plus fascinants et spirituels de la r\u00e9gion.<\/p>\n\n\n\n<p>Apr\u00e8s une journ\u00e9e de marche, laissez-vous tenter par des saveurs locales : arrosticini d\u2019agneau grill\u00e9s, pecorino affin\u00e9 et un verre de Montepulciano d\u2019Abruzzo.<\/p>\n\n\n\n<h3 class=\"wp-block-heading\">Ombrie et Parc National des Monts Sibyllins<\/h3>\n\n\n\n<p>Au c\u0153ur vert de l\u2019Italie, le <strong><a href=\"https:\/\/www.sibillini.net\/\" target=\"_blank\" rel=\"noreferrer noopener\">Parc National des Monts Sibyllins<\/a><\/strong> est un concentr\u00e9 de nature sauvage, de paysages ouverts et de l\u00e9gendes anciennes. Les <strong><a href=\"https:\/\/www.umbriatourism.it\/it\/-\/i-piani-di-castelluccio-di-norcia\" target=\"_blank\" rel=\"noreferrer noopener\">Plaines de Castelluccio di Norcia<\/a><\/strong> offrent l\u2019un des spectacles les plus incroyables du pays : de fin mai \u00e0 juillet, la floraison transforme le plateau en une mosa\u00efque color\u00e9e de coquelicots, bleuets, marguerites et champs de lentilles.<\/p>\n\n\n\n<p>Les amateurs de randonn\u00e9e peuvent gravir le <strong>Monte Vettore<\/strong>, le plus haut sommet de la cha\u00eene, avec des vues jusqu\u2019\u00e0 la mer Adriatique. Pour une marche plus douce, optez pour le <strong>Tour des Lame Rosse<\/strong>, un sentier unique traversant des formations rocheuses fa\u00e7onn\u00e9es par le vent et l\u2019eau, semblables \u00e0 de petits canyons am\u00e9ricains.<\/p>\n\n\n\n<p>De retour \u00e0 votre camping-car ou caravane, savourez un plat de <strong>lentilles de Castelluccio<\/strong>, petites et savoureuses, cuisin\u00e9es selon la tradition locale \u2013 une mani\u00e8re d\u00e9licieuse de graver dans votre m\u00e9moire les couleurs et saveurs de cette terre.<\/p>\n\n\n\n<h2 class=\"wp-block-heading\">Sud de l\u2019Italie \u2013 Mer, montagnes et nature sauvage<\/h2>\n\n\n\n<h3 class=\"wp-block-heading\">Campanie et C\u00f4te Amalfitaine<\/h3>\n\n\n\n<p>La Campanie m\u00eale mer, montagnes et histoire mill\u00e9naire, chaque sentier offrant une exp\u00e9rience unique. Pour ceux qui aiment marcher avec l\u2019horizon en ligne de mire, le c\u00e9l\u00e8bre <strong><a href=\"https:\/\/www.parcoregionaledeimontilattari.it\/index.php?action=index&amp;p=336\" target=\"_blank\" rel=\"noreferrer noopener\">Sentier des Dieux<\/a><\/strong> est inoubliable : de Agerola \u00e0 Positano, vous traverserez des terrasses de citronniers, des maquis m\u00e9diterran\u00e9ens parfum\u00e9s et des points de vue suspendus entre ciel et mer.<\/p>\n\n\n\n<p>Pour une nature plus sauvage, le <strong><a href=\"https:\/\/www.cilentoediano.it\/\" target=\"_blank\" rel=\"noreferrer noopener\">Parc National du Cilento, Vallo di Diano et Alburni<\/a><\/strong> vous surprendra. La randonn\u00e9e vers le <strong>Monte Gelbison<\/strong> vous m\u00e8ne \u00e0 travers des for\u00eats de h\u00eatres et de ch\u00e2taigniers jusqu\u2019au sanctuaire dominant la vall\u00e9e, avec des vues allant des montagnes \u00e0 la mer.<\/p>\n\n\n\n<p>Apr\u00e8s une journ\u00e9e de randonn\u00e9e, rien de mieux que de savourer une <strong>mozzarella di bufala campana AOP<\/strong>, fra\u00eeche et cr\u00e9meuse, accompagn\u00e9e de tomates du piennolo et de pain croustillant \u2013 une v\u00e9ritable bouch\u00e9e de Campanie authentique.<\/p>\n\n\n\n<h3 class=\"wp-block-heading\">Calabre et Aspromonte<\/h3>\n\n\n\n<p>L\u2019<a href=\"https:\/\/www.parconazionaleaspromonte.it\/\" target=\"_blank\" rel=\"noreferrer noopener\">Aspromonte<\/a> est une terre sauvage et authentique, o\u00f9 la nature r\u00e8gne et o\u00f9 les paysages changent \u00e0 chaque virage. Ici, les montagnes plongent vers la mer, offrant des panoramas qui embrassent \u00e0 la fois les c\u00f4tes ionienne et tyrrh\u00e9nienne.<\/p>\n\n\n\n<p>Un itin\u00e9raire appr\u00e9ci\u00e9 est le <strong>Sentier des Cascades de Maesano<\/strong>, pr\u00e8s de Gambarie : une randonn\u00e9e d\u2019une demi-journ\u00e9e \u00e0 travers des for\u00eats de h\u00eatres, des ruisseaux clairs et des clairi\u00e8res paisibles. Le sentier m\u00e8ne \u00e0 trois cascades magnifiques, id\u00e9ales pour une pause rafra\u00eechissante, m\u00eame en plein \u00e9t\u00e9.<\/p>\n\n\n\n<p>Mais l\u2019Aspromonte offre bien plus encore : des vues depuis le <strong>Montalto<\/strong>, le sommet le plus \u00e9lev\u00e9 de la r\u00e9gion, aux gorges profondes et sauvages de la rivi\u00e8re Amendolea, riches en histoire et en l\u00e9gendes. Marcher ici, c\u2019est d\u00e9couvrir une Calabre m\u00e9connue, loin des plages bond\u00e9es.<\/p>\n\n\n\n<p>Apr\u00e8s votre randonn\u00e9e, laissez-vous tenter par une tranche de pain chaud recouverte de \u2019nduja \u00e9pic\u00e9e, accompagn\u00e9e de fromages affin\u00e9s et d\u2019un verre de vin rouge calabrais.<\/p>\n\n\n\n<h2 class=\"wp-block-heading\">\u00celes et panoramas grandioses<\/h2>\n\n\n\n<h3 class=\"wp-block-heading\">Sicile et l\u2019Etna<\/h3>\n\n\n\n<p>Randonner sur un volcan actif ? En Sicile, c\u2019est une exp\u00e9rience inoubliable. L\u2019<strong><a href=\"https:\/\/parcoetna.it\/\" target=\"_blank\" rel=\"noreferrer noopener\">Etna<\/a><\/strong>, le volcan le plus haut d\u2019Europe, change de visage \u00e0 chaque \u00e9ruption, cr\u00e9ant un paysage de lave noire, de d\u00e9serts de cendres et de for\u00eats anciennes. Les sentiers menant aux <strong>crat\u00e8res sommitaux<\/strong> partent de diff\u00e9rents c\u00f4t\u00e9s, comme Nicolosi ou Piano Provenzana, avec des vues jusqu\u2019\u00e0 la mer Ionienne et les \u00eeles \u00c9oliennes.<\/p>\n\n\n\n<p>Pour une marche plus facile, explorez les sentiers autour des <strong>crat\u00e8res Silvestri<\/strong> ou randonnez jusqu\u2019\u00e0 la <strong>Grotta del Gelo<\/strong>, o\u00f9 persiste un petit glacier souterrain. En chemin, la nature alterne entre coul\u00e9es de lave r\u00e9centes, fleurs sauvages et parfums d\u2019herbes m\u00e9diterran\u00e9ennes.<\/p>\n\n\n\n<p>Apr\u00e8s votre randonn\u00e9e, rien de mieux que de savourer une <strong>granita avec brioche<\/strong> \u2013 pistache, citron ou amande \u2013 pour go\u00fbter aux saveurs authentiques de la Sicile.<\/p>\n\n\n\n<h3 class=\"wp-block-heading\">Sardaigne : entre mer et montagne<\/h3>\n\n\n\n<p>La Sardaigne est une \u00eele aux multiples facettes : non seulement des plages de sable blanc et des eaux turquoise, mais aussi des montagnes sauvages, des gorges vertigineuses et des sentiers charg\u00e9s d\u2019histoire. Au c\u0153ur de l\u2019\u00eele, le <strong><a href=\"https:\/\/www.sardegnaturismo.it\/it\/esplora\/supramonte\" target=\"_blank\" rel=\"noreferrer noopener\">Supramonte d\u2019Orgosolo<\/a><\/strong> offre des paysages rudes et pr\u00e9serv\u00e9s, o\u00f9 le silence n\u2019est troubl\u00e9 que par le vent et le cri des rapaces. Le sentier menant \u00e0 la <strong>Gorge de Gorropu<\/strong> vous conduit entre des parois calcaires atteignant pr\u00e8s de 500 m\u00e8tres, l\u2019un des canyons les plus profonds d\u2019Europe.<\/p>\n\n\n\n<p>Pour ceux qui r\u00eavent de combiner randonn\u00e9e et mer, le <strong><a href=\"https:\/\/www.camminominerariodisantabarbara.org\/itinerari-il-cammino\/\" target=\"_blank\" rel=\"noreferrer noopener\">Chemin de Santa Barbara<\/a><\/strong>, au sud-ouest, est un itin\u00e9raire de plus de 500 kilom\u00e8tres \u00e0 travers d\u2019anciennes mines, villages fant\u00f4mes, plateaux parfum\u00e9s au myrte et au gen\u00e9vrier, pour finir par descendre vers des criques secr\u00e8tes et des falaises sculpt\u00e9es par le vent.<\/p>\n\n\n\n<p>Apr\u00e8s une journ\u00e9e bien remplie, savourez un plat de <strong>culurgiones<\/strong> \u2013 p\u00e2tes farcies de pommes de terre, menthe et pecorino \u2013 suivi de <strong>seadas<\/strong> dor\u00e9es, napp\u00e9es de miel chaud : une v\u00e9ritable immersion dans la Sardaigne authentique.<\/p>\n\n\n\n<h2 class=\"wp-block-heading\">Conclusion<\/h2>\n\n\n\n<p>L\u2019Italie offre une incroyable diversit\u00e9 de randonn\u00e9es : des Dolomites aux plages de Sardaigne, en passant par les villages m\u00e9di\u00e9vaux et les volcans. Voyager en camping-car, caravane ou van am\u00e9nag\u00e9 vous permet de combiner l\u2019aventure sur la route avec la libert\u00e9 de vous arr\u00eater o\u00f9 la nature vous appelle. Avec Agricamper, l\u2019\u00e9tape chez un agriculteur devient une partie int\u00e9grante de votre voyage, gr\u00e2ce \u00e0 plus de 500 sites pr\u00eats \u00e0 vous accueillir gratuitement pour une nuit.<\/p>\n\n\n\n<p><strong><a href=\"https:\/\/www.agricamper.com\/fr\/faq\/ou-telecharger-lapplication-agricamper\/\" title=\"\">T\u00e9l\u00e9chargez l\u2019application<\/a><\/strong> et <strong><a href=\"https:\/\/www.agricamper.com\/fr\/produit\/agricamper-italia-guide-detapes-en-camping-car-en-italie\/\" title=\"\">devenez membre<\/a><\/strong> pour planifier vos prochains itin\u00e9raires entre nature, culture et libert\u00e9 !<\/p>\n","protected":false},"excerpt":{"rendered":"<p>Lorsque la libert\u00e9 offerte par un camping-car ou une caravane se combine avec de longues randonn\u00e9es \u00e0 travers les for\u00eats, les montagnes et les villages historiques, le voyage devient une exp\u00e9rience compl\u00e8te. Que vous voyagiez \u00e0 bord d\u2019un van agile ou d\u2019un grand camping-car, la combinaison \u201ccamping-car + randonn\u00e9e\u201d vous promet des journ\u00e9es actives, des [&hellip;]<\/p>\n","protected":false},"author":1,"featured_media":4534,"comment_status":"closed","ping_status":"closed","sticky":false,"template":"","format":"standard","meta":{"_acf_changed":false,"_breakdance_hide_in_design_set":false,"_breakdance_tags":"","footnotes":""},"categories":[347],"tags":[348,369,349,381,352,531,374,362],"class_list":["post-4573","post","type-post","status-publish","format-standard","has-post-thumbnail","hentry","category-voyage-en-camping-car-et-caravane-en-italie","tag-activites-dans-la-nature","tag-italie-centrale","tag-italie-du-nord","tag-italie-du-sud","tag-plats-typiques","tag-se-detendre","tag-voyager-en-camping-car-et-en-caravane","tag-voyager-en-famille"],"acf":[],"_links":{"self":[{"href":"https:\/\/www.agricamper.com\/fr\/wp-json\/wp\/v2\/posts\/4573","targetHints":{"allow":["GET"]}}],"collection":[{"href":"https:\/\/www.agricamper.com\/fr\/wp-json\/wp\/v2\/posts"}],"about":[{"href":"https:\/\/www.agricamper.com\/fr\/wp-json\/wp\/v2\/types\/post"}],"author":[{"embeddable":true,"href":"https:\/\/www.agricamper.com\/fr\/wp-json\/wp\/v2\/users\/1"}],"replies":[{"embeddable":true,"href":"https:\/\/www.agricamper.com\/fr\/wp-json\/wp\/v2\/comments?post=4573"}],"version-history":[{"count":1,"href":"https:\/\/www.agricamper.com\/fr\/wp-json\/wp\/v2\/posts\/4573\/revisions"}],"predecessor-version":[{"id":4574,"href":"https:\/\/www.agricamper.com\/fr\/wp-json\/wp\/v2\/posts\/4573\/revisions\/4574"}],"wp:featuredmedia":[{"embeddable":true,"href":"https:\/\/www.agricamper.com\/fr\/wp-json\/wp\/v2\/media\/4534"}],"wp:attachment":[{"href":"https:\/\/www.agricamper.com\/fr\/wp-json\/wp\/v2\/media?parent=4573"}],"wp:term":[{"taxonomy":"category","embeddable":true,"href":"https:\/\/www.agricamper.com\/fr\/wp-json\/wp\/v2\/categories?post=4573"},{"taxonomy":"post_tag","embeddable":true,"href":"https:\/\/www.agricamper.com\/fr\/wp-json\/wp\/v2\/tags?post=4573"}],"curies":[{"name":"wp","href":"https:\/\/api.w.org\/{rel}","templated":true}]}}