{"id":4446,"date":"2025-06-23T06:00:00","date_gmt":"2025-06-23T06:00:00","guid":{"rendered":"https:\/\/www.agricamper.com\/via-dei-passi-alpini-les-merveilles-de-la-suisse-en-camping-car\/"},"modified":"2026-04-09T14:04:24","modified_gmt":"2026-04-09T14:04:24","slug":"via-dei-passi-alpini-les-merveilles-de-la-suisse-en-camping-car","status":"publish","type":"post","link":"https:\/\/www.agricamper.com\/fr\/get-inspired\/via-dei-passi-alpini-les-merveilles-de-la-suisse-en-camping-car\/","title":{"rendered":"Via dei Passi Alpini : les merveilles de la Suisse en camping-car"},"content":{"rendered":"\n<p>Vous r\u00eavez de panoramas spectaculaires, de routes sinueuses \u00e0 travers les montagnes, de lacs cristallins et de haltes en pleine nature ? Pr\u00e9parez votre camping-car, votre caravane ou votre furgon am\u00e9nag\u00e9 : la Suisse vous attend avec ses merveilles alpines.<\/p>\n\n\n\n<p>Petit par sa taille mais grandiose par ses paysages, ce pays est un paradis pour les voyageurs nomades. Gr\u00e2ce \u00e0 <a href=\"https:\/\/www.agricamper.com\/fr\/produit\/landvergnugen-germania-e-austria-in-camper-caravan-guida-digitale-delle-aree-di-sosta\/\" title=\"\">Landvergn\u00fcgen<\/a>, membre comme Agricamper du r\u00e9seau <a href=\"https:\/\/www.agricamper.com\/fr\/reseaux-etrangers\/\" title=\"\">FEFI<\/a>, vous pouvez explorer la Suisse en camping-car en profitant d\u2019\u00e9tapes gratuites de 24h chez des exploitations agricoles s\u00e9lectionn\u00e9es. Une occasion unique de vivre la nature, rencontrer ceux qui la pr\u00e9servent et d\u00e9couvrir un tourisme plus lent, plus authentique.<\/p>\n\n\n\n<p>Dans cet article, nous vous emmenons sur la l\u00e9gendaire Route des Cols Alpins, un itin\u00e9raire id\u00e9al pour celles et ceux qui souhaitent traverser les plus belles routes panoramiques de Suisse en camping-car ou caravane.<\/p>\n\n\n\n<!--more Continuer la lecture de-->\n\n\n\n<h2 class=\"wp-block-heading\">D\u2019est en ouest : un d\u00e9fil\u00e9 de paysages \u00e0 couper le souffle<\/h2>\n\n\n\n<p>La Route des Cols Alpins est parfaite pour explorer la Suisse au volant de votre v\u00e9hicule. Elle relie les grands cols alpins tels que le Stelvio, le San Bernardino, le Furka, le Grimsel et le Saint-Gothard. En chemin, vous d\u00e9couvrirez une nature brute et une vari\u00e9t\u00e9 incroyable d\u2019exp\u00e9riences.<\/p>\n\n\n\n<h2 class=\"wp-block-heading\">Col du Stelvio : vues de carte postale et randonn\u00e9es inoubliables<\/h2>\n\n\n\n<p>Nous commen\u00e7ons \u00e0 l\u2019est de la Suisse, pr\u00e8s de la fronti\u00e8re italienne, par l\u2019un des cols les plus spectaculaires : le col du Stelvio. V\u00e9ritable mythe pour tout camping-cariste, il impressionne avec ses 48 virages en \u00e9pingle qui serpentent \u00e0 travers des paysages lunaires et des parois rocheuses. Les vues sur les glaciers et les sommets enneig\u00e9s sont tout simplement \u00e9poustouflantes.&nbsp;<\/p>\n\n\n\n<p>Garez votre camping-car sur l\u2019un des nombreux points de vue, et partez \u00e0 pied explorer les sentiers menant \u00e0 la magnifique <a href=\"https:\/\/www.myswitzerland.com\/it-it\/destinazioni\/biosfera-val-muestair\/\" target=\"_blank\" rel=\"noreferrer noopener\">vall\u00e9e de M\u00fcstair<\/a>, class\u00e9e \u00e0 l\u2019UNESCO, ou jusqu\u2019au sommet du Piz Umbrail \u00e0 plus de 3 000 m\u00e8tres, pour une vue panoramique \u00e0 360\u00b0 sur les Alpes. Une exp\u00e9rience inoubliable pour les amoureux de montagne et de nature.<\/p>\n\n\n\n<h2 class=\"wp-block-heading\">San Bernardino : d\u00e9tente entre lacs alpins et air pur<\/h2>\n\n\n\n<p>En poursuivant vers l\u2019ouest, vous traversez le <a href=\"https:\/\/www.ticino.ch\/it\/commons\/details\/Passo-San-Bernardino\/121764.html\" target=\"_blank\" rel=\"noreferrer noopener\">San Bernardino<\/a>, l\u2019un des cols les plus pittoresques de Suisse. For\u00eats de conif\u00e8res vert \u00e9meraude en \u00e9t\u00e9 et dor\u00e9es \u00e0 l\u2019automne, petits lacs alpins aux reflets turquoise et sentiers accessibles \u00e0 tous \u2013 y compris aux familles \u2013 composent ce d\u00e9cor enchanteur.<\/p>\n\n\n\n<p>Les camping-caristes appr\u00e9cient tout particuli\u00e8rement la tranquillit\u00e9 des lieux et la possibilit\u00e9 de faire une halte en pleine nature, loin de la foule. Par nuit claire, le ciel devient un plan\u00e9tarium naturel : un cadre parfait pour un d\u00eener sous les \u00e9toiles \u00e0 bord de votre camping-car ou caravane.<\/p>\n\n\n\n<h2 class=\"wp-block-heading\">Col du Furka : glaciers et trains historiques<\/h2>\n\n\n\n<p>Le <a href=\"https:\/\/www.myswitzerland.com\/it-it\/scoprire-la-svizzera\/passo-della-furka\/\" target=\"_blank\" rel=\"noreferrer noopener\">col du Furka<\/a> est un chef-d&rsquo;\u0153uvre de l\u2019ing\u00e9nierie alpine nich\u00e9 au c\u0153ur de montagnes majestueuses. Il offre une vue imprenable sur le glacier du Rh\u00f4ne, accessible \u00e0 pied et c\u00e9l\u00e8bre pour sa grotte de glace creus\u00e9e dans la glace bleut\u00e9e : une exp\u00e9rience f\u00e9erique \u00e0 ne pas manquer.<\/p>\n\n\n\n<p>Les passionn\u00e9s de trains et d\u2019histoire adoreront la <a href=\"https:\/\/www.myswitzerland.com\/it-it\/scoprire-la-svizzera\/treno-a-vapore-della-furka\/\" target=\"_blank\" rel=\"noreferrer noopener\">ligne de train \u00e0 vapeur du Furka<\/a>, qui ajoute une touche r\u00e9tro au voyage. Locomotive fumante, wagons en bois et paysages \u00e0 couper le souffle d\u00e9filent le long d\u2019un parcours parall\u00e8le \u00e0 la route, pour une autre perspective sur les Alpes.<\/p>\n\n\n\n<h2 class=\"wp-block-heading\">Grimsel et Susten : le royaume de l\u2019eau<\/h2>\n\n\n\n<p>Entre les <a href=\"https:\/\/www.myswitzerland.com\/it-it\/scoprire-la-svizzera\/passo-di-grimsel\/\" target=\"_blank\" rel=\"noreferrer noopener\">cols du Grimsel<\/a> et du <a href=\"https:\/\/www.myswitzerland.com\/it-it\/destinazioni\/passo-di-susten\/\" target=\"_blank\" rel=\"noreferrer noopener\">Susten<\/a>, le paysage a \u00e9t\u00e9 fa\u00e7onn\u00e9 par l\u2019eau et les glaciers au fil des si\u00e8cles. Lacs artificiels qui refl\u00e8tent les sommets enneig\u00e9s, cascades rugissantes, sentiers serpentant entre mousses \u00e9paisses et buissons alpins : chaque virage r\u00e9serve une surprise sauvage et spectaculaire.<\/p>\n\n\n\n<h2 class=\"wp-block-heading\">Col du Saint-Gothard : histoire et panoramas embl\u00e9matiques<\/h2>\n\n\n\n<p>Le <a href=\"https:\/\/www.ticino.ch\/it\/commons\/details\/Passo-del-San-Gottardo\/133935.html\" target=\"_blank\" rel=\"noreferrer noopener\">col du Saint-Gothard<\/a> est bien plus qu\u2019un simple passage : c\u2019est un symbole de l\u2019histoire alpine europ\u00e9enne, reliant le nord au sud depuis des si\u00e8cles. En empruntant l\u2019ancienne route pav\u00e9e de la Tremola, avec ses virages spectaculaires, on a l\u2019impression de voyager dans le temps.<\/p>\n\n\n\n<p>Accessible avec prudence m\u00eame en camping-car ou caravane, cette route offre \u00e0 chaque virage un d\u00e9cor de carte postale. Profitez-en pour visiter mus\u00e9es et expositions qui racontent l\u2019histoire du col et de ses travers\u00e9es l\u00e9gendaires. Chaque \u00e9tape est une plong\u00e9e dans une ambiance unique, pleine de m\u00e9moire et de beaut\u00e9.<\/p>\n\n\n\n<h2 class=\"wp-block-heading\">Activit\u00e9s incontournables en Suisse<\/h2>\n\n\n\n<p>Parmi les activit\u00e9s \u00e0 ne pas manquer lors d\u2019un voyage en Suisse en camping-car ou caravane, commencez par une balade paisible le long des rives du <a href=\"https:\/\/www.myswitzerland.com\/it-it\/destinazioni\/lake-at-lungern\/\" target=\"_blank\" rel=\"noreferrer noopener\">lac de Lungern<\/a> ou du <a href=\"https:\/\/www.myswitzerland.com\/it-it\/destinazioni\/lago-di-oeschinen\/\" target=\"_blank\" rel=\"noreferrer noopener\">lac d\u2019Oeschinen<\/a>, deux joyaux alpins aux panoramas inoubliables.<\/p>\n\n\n\n<p>Les amoureux de la nature peuvent s\u2019aventurer dans le <a href=\"https:\/\/nationalpark.ch\/it\/\" target=\"_blank\" rel=\"noreferrer noopener\">Parc national suisse<\/a>, le plus ancien des Alpes, avec ses sentiers traversant for\u00eats s\u00e9culaires, prairies d\u2019altitude et faune sauvage. Le <a href=\"https:\/\/ballenberg.ch\/it\/\" target=\"_blank\" rel=\"noreferrer noopener\">mus\u00e9e en plein air de Ballenberg<\/a> vous transporte dans le pass\u00e9 \u00e0 travers maisons anciennes et m\u00e9tiers d\u2019autrefois. En chemin, faites une pause chez des producteurs locaux, respirez l\u2019odeur du foin, savourez le silence.<\/p>\n\n\n\n<p>Ne manquez pas les villages de conte de f\u00e9es comme <a href=\"https:\/\/www.myswitzerland.com\/it-it\/destinazioni\/grimentz\/\" target=\"_blank\" rel=\"noreferrer noopener\">Grimentz<\/a>, <a href=\"https:\/\/www.myswitzerland.com\/it-it\/destinazioni\/guarda\/\" target=\"_blank\" rel=\"noreferrer noopener\">Guarda<\/a> ou <a href=\"https:\/\/www.visitmorcote.ch\/\" target=\"_blank\" rel=\"noreferrer noopener\">Morcote<\/a>, avec leurs maisons en bois et leurs ruelles pav\u00e9es.<\/p>\n\n\n\n<p>Pour les camping-caristes gourmets, offrez-vous une d\u00e9gustation de fromages locaux comme le gruy\u00e8re ou l\u2019appenzeller, symboles du savoir-faire helv\u00e9tique. Mais allez plus loin : fondues et raclettes r\u00e9chauffent les c\u0153urs. C\u00f4t\u00e9 sal\u00e9, testez les r\u00f6sti croustillants ou la soupe d\u2019orge des Grisons, parfaite en soir\u00e9e fra\u00eeche. En Suisse romande, d\u00e9couvrez la papet vaudois \u2013 un rago\u00fbt de poireaux et pommes de terre avec saucisse fum\u00e9e. C\u00f4t\u00e9 sucr\u00e9, r\u00e9galez-vous d\u2019une tarte aux noix de l\u2019Engadine ou d\u2019un birnbrot, ce pain sucr\u00e9 aux poires typique.<\/p>\n\n\n\n<p>Chaque \u00e9tape devient une aventure gustative, un voyage pour les papilles autant que pour les yeux !<\/p>\n\n\n\n<h2 class=\"wp-block-heading\">Conclusion<\/h2>\n\n\n\n<p>Explorer la Suisse en camping-car, caravane ou furgon am\u00e9nag\u00e9, c\u2019est profiter de la libert\u00e9, de la nature et de l\u2019authenticit\u00e9. Les haltes gratuites propos\u00e9es par Landvergn\u00fcgen sont la cl\u00e9 pour une exp\u00e9rience diff\u00e9rente, plus proche des gens et des territoires.<\/p>\n\n\n\n<p>N\u2019attendez plus :<\/p>\n\n\n\n<ol class=\"wp-block-list\">\n<li>Visitez la boutique Agricamper et <a href=\"https:\/\/www.agricamper.com\/fr\/produit\/landvergnugen-germania-e-austria-in-camper-caravan-guida-digitale-delle-aree-di-sosta\/\" title=\"\">achetez le <strong>guide 2025 de Landvergn\u00fcgen pour la Suisse<\/strong><\/a> \u2013 votre alli\u00e9 pour organiser des \u00e9tapes nature en toute s\u00e9r\u00e9nit\u00e9.<\/li>\n\n\n\n<li>D\u00e9couvrez aussi les <strong><a href=\"https:\/\/www.agricamper.com\/fr\/categorie-produit\/guide-cartacee-turistiche-camper-roulotte-fr\/\" title=\"\">autres guides FEFI<\/a><\/strong> disponibles sur le site : des voyages en camping-car en France, Espagne, Allemagne et bien d\u2019autres pays vous attendent !<\/li>\n<\/ol>\n\n\n\n<p>Bon voyage !<\/p>\n","protected":false},"excerpt":{"rendered":"<p>Vous r\u00eavez de panoramas spectaculaires, de routes sinueuses \u00e0 travers les montagnes, de lacs cristallins et de haltes en pleine nature ? Pr\u00e9parez votre camping-car, votre caravane ou votre furgon am\u00e9nag\u00e9 : la Suisse vous attend avec ses merveilles alpines. Petit par sa taille mais grandiose par ses paysages, ce pays est un paradis pour [&hellip;]<\/p>\n","protected":false},"author":1,"featured_media":4440,"comment_status":"closed","ping_status":"closed","sticky":false,"template":"","format":"standard","meta":{"_acf_changed":false,"_breakdance_hide_in_design_set":false,"_breakdance_tags":"","footnotes":""},"categories":[429],"tags":[348,660,350,352,501,374,362],"class_list":["post-4446","post","type-post","status-publish","format-standard","has-post-thumbnail","hentry","category-voyages-camping-car-caravane-europe","tag-activites-dans-la-nature","tag-fefi","tag-les-activites-culturelles","tag-plats-typiques","tag-suisse","tag-voyager-en-camping-car-et-en-caravane","tag-voyager-en-famille"],"acf":[],"_links":{"self":[{"href":"https:\/\/www.agricamper.com\/fr\/wp-json\/wp\/v2\/posts\/4446","targetHints":{"allow":["GET"]}}],"collection":[{"href":"https:\/\/www.agricamper.com\/fr\/wp-json\/wp\/v2\/posts"}],"about":[{"href":"https:\/\/www.agricamper.com\/fr\/wp-json\/wp\/v2\/types\/post"}],"author":[{"embeddable":true,"href":"https:\/\/www.agricamper.com\/fr\/wp-json\/wp\/v2\/users\/1"}],"replies":[{"embeddable":true,"href":"https:\/\/www.agricamper.com\/fr\/wp-json\/wp\/v2\/comments?post=4446"}],"version-history":[{"count":1,"href":"https:\/\/www.agricamper.com\/fr\/wp-json\/wp\/v2\/posts\/4446\/revisions"}],"predecessor-version":[{"id":4447,"href":"https:\/\/www.agricamper.com\/fr\/wp-json\/wp\/v2\/posts\/4446\/revisions\/4447"}],"wp:featuredmedia":[{"embeddable":true,"href":"https:\/\/www.agricamper.com\/fr\/wp-json\/wp\/v2\/media\/4440"}],"wp:attachment":[{"href":"https:\/\/www.agricamper.com\/fr\/wp-json\/wp\/v2\/media?parent=4446"}],"wp:term":[{"taxonomy":"category","embeddable":true,"href":"https:\/\/www.agricamper.com\/fr\/wp-json\/wp\/v2\/categories?post=4446"},{"taxonomy":"post_tag","embeddable":true,"href":"https:\/\/www.agricamper.com\/fr\/wp-json\/wp\/v2\/tags?post=4446"}],"curies":[{"name":"wp","href":"https:\/\/api.w.org\/{rel}","templated":true}]}}