{"id":4402,"date":"2025-05-26T06:00:00","date_gmt":"2025-05-26T06:00:00","guid":{"rendered":"https:\/\/www.agricamper.com\/voyage-en-camping-car-entre-vienne-salzbourg-et-les-alpes-autrichiennes\/"},"modified":"2026-04-09T14:04:09","modified_gmt":"2026-04-09T14:04:09","slug":"voyage-en-camping-car-entre-vienne-salzbourg-et-les-alpes-autrichiennes","status":"publish","type":"post","link":"https:\/\/www.agricamper.com\/fr\/get-inspired\/voyage-en-camping-car-entre-vienne-salzbourg-et-les-alpes-autrichiennes\/","title":{"rendered":"Voyage en camping-car entre Vienne, Salzbourg et les Alpes autrichiennes"},"content":{"rendered":"\n<p>Vous r\u00eavez d&rsquo;explorer l\u2019Autriche en camping-car, caravane ou furgon am\u00e9nag\u00e9 ? Ce pays surprenant, au c\u0153ur de l\u2019Europe, allie beaut\u00e9 naturelle, richesse culturelle et hospitalit\u00e9 chaleureuse. Gr\u00e2ce au guide <a href=\"https:\/\/www.agricamper.com\/fr\/produit\/landvergnugen-germania-e-austria-in-camper-caravan-guida-digitale-delle-aree-di-sosta\/\" title=\"\">Landvergn\u00fcgen<\/a>, membre du r\u00e9seau <a href=\"https:\/\/www.agricamper.com\/fr\/reseaux-etrangers\/\" title=\"\">FEFI<\/a> tout comme Agricamper, vous pouvez profiter d\u2019une nuit gratuite chez de nombreux agriculteurs autrichiens. Oui, vous avez bien lu : des haltes authentiques en pleine nature.<\/p>\n\n\n\n<p>Voyager en camping-car, c\u2019est la libert\u00e9, et l\u2019Autriche est une destination id\u00e9ale pour les voyageurs itin\u00e9rants. Des palais imp\u00e9riaux de Vienne aux sentiers des Alpes, en passant par des lacs cristallins et des villages de carte postale, chaque \u00e9tape vous \u00e9merveillera. Et soyons honn\u00eates : quoi de mieux que de garer votre v\u00e9hicule pr\u00e8s d\u2019un verger, de se r\u00e9veiller avec l\u2019odeur de l\u2019herbe fra\u00eechement coup\u00e9e et de prendre son petit-d\u00e9jeuner face aux montagnes ?<\/p>\n\n\n\n<!--more Continuer la lecture de-->\n\n\n\n<h3 class=\"wp-block-heading\">Vienne : un d\u00e9part royal pour votre aventure en camping-car<\/h3>\n\n\n\n<p>Vienne est le point d\u2019entr\u00e9e id\u00e9al pour un road trip en Autriche. \u00c9l\u00e9gante, raffin\u00e9e et \u00e9tonnamment dynamique, la capitale autrichienne marie pass\u00e9 et pr\u00e9sent avec naturel.<\/p>\n\n\n\n<p>Ne manquez pas le <a href=\"https:\/\/www.schoenbrunn.at\/it\/\" target=\"_blank\" rel=\"noreferrer noopener\">ch\u00e2teau de Sch\u00f6nbrunn<\/a>, ancienne r\u00e9sidence imp\u00e9riale entour\u00e9e de jardins majestueux et de son c\u00e9l\u00e8bre labyrinthe vert o\u00f9 il fait bon se perdre quelques instants. La <a href=\"https:\/\/www.wien.info\/it\/attrazioni-attivita\/attrazioni-a-z\/duomo-di-santo-stefano-359658#11\/48.2075\/16.3747\" target=\"_blank\" rel=\"noreferrer noopener\">cath\u00e9drale Saint-\u00c9tienne<\/a>, chef-d&rsquo;\u0153uvre gothique en plein centre-ville, est le c\u0153ur spirituel de Vienne et un passage incontournable. Amateurs d\u2019art ? Le <a href=\"https:\/\/www.albertina.at\/en\/lang\/it\/\" target=\"_blank\" rel=\"noreferrer noopener\">mus\u00e9e Albertina<\/a> et le <a href=\"https:\/\/www.wien.info\/it\/arte-cultura\/musei-mostre\/hit-musei\/belvedere-castello-e-museo-341006#11\/48.2075\/16.3747\" target=\"_blank\" rel=\"noreferrer noopener\">Belv\u00e9d\u00e8re<\/a> vous attendent avec des chefs-d&rsquo;\u0153uvre de Klimt, Schiele et bien d&rsquo;autres figures majeures de l\u2019art europ\u00e9en.<\/p>\n\n\n\n<p>Pour les passionn\u00e9s de musique, Vienne est un paradis. Ne manquez pas la <a href=\"https:\/\/www.wien.info\/it\/arte-cultura\/musica-palcoscenico\/la-casa-di-mozart-352496#11\/48.2075\/16.3747\" target=\"_blank\" rel=\"noreferrer noopener\">maison de Mozart<\/a>, situ\u00e9e dans le centre historique, o\u00f9 le compositeur a v\u00e9cu et cr\u00e9\u00e9 ses \u0153uvres immortelles. Fl\u00e2ner dans les rues baroques de la ville, entre palais et caf\u00e9s traditionnels, c\u2019est comme se promener au c\u0153ur d\u2019une symphonie visuelle.<\/p>\n\n\n\n<h3 class=\"wp-block-heading\">Salzbourg : entre musique, forteresses et paysages f\u00e9eriques<\/h3>\n\n\n\n<p>Poursuivez ensuite vers Salzbourg, ville natale de Mozart et v\u00e9ritable joyau de l\u2019Autriche.<\/p>\n\n\n\n<p>Parmi les sites \u00e0 ne pas manquer, la <a href=\"https:\/\/www.festung-hohensalzburg.at\/it\/\" target=\"_blank\" rel=\"noreferrer noopener\">forteresse Hohensalzburg<\/a>, l\u2019une des plus grandes d\u2019Europe, offre une vue spectaculaire sur la ville et les Alpes environnantes. En vous baladant dans la vieille ville, laissez-vous charmer par la <a href=\"https:\/\/www.salzburg.info\/it\/attrazioni\/top10\/getreidegasse\" target=\"_blank\" rel=\"noreferrer noopener\">Getreidegasse<\/a>, rue mythique bord\u00e9e d\u2019enseignes en fer forg\u00e9, de cours int\u00e9rieures secr\u00e8tes et de b\u00e2timents charg\u00e9s d\u2019histoire. Au num\u00e9ro 9, vous trouverez la maison natale de Mozart, aujourd\u2019hui transform\u00e9e en mus\u00e9e d\u00e9di\u00e9 \u00e0 sa vie et son \u0153uvre.<\/p>\n\n\n\n<p>Class\u00e9es au patrimoine mondial de l\u2019UNESCO, les rues baroques de Salzbourg d\u00e9gagent une atmosph\u00e8re unique. Les sommets en toile de fond, la musique des caf\u00e9s et les senteurs de p\u00e2tisseries \u00e0 la cannelle composent un d\u00e9cor inoubliable.<\/p>\n\n\n\n<h2 class=\"wp-block-heading\">Les Alpes autrichiennes : nature, randonn\u00e9es et vues \u00e0 couper le souffle<\/h2>\n\n\n\n<p>Apr\u00e8s la culture, place \u00e0 l\u2019aventure ! Les Alpes autrichiennes sont un v\u00e9ritable paradis pour les voyageurs en camping-car, avec des centaines de sentiers au c\u0153ur d\u2019une nature pr\u00e9serv\u00e9e. \u00c0 chaque virage, un nouveau panorama de carte postale : vall\u00e9es verdoyantes, sommets enneig\u00e9s, sentiers parfaits pour marcher, p\u00e9daler ou simplement se d\u00e9tendre.<\/p>\n\n\n\n<p>Commencez par le majestueux parc national des Hohe Tauern, avec les impressionnantes <a href=\"https:\/\/www.austria.info\/it\/luoghi\/cascate-krimml\/\" target=\"_blank\" rel=\"noreferrer noopener\">chutes de Krimml<\/a>, parmi les plus hautes d\u2019Europe, et le Gro\u00dfglockner, plus haut sommet du pays. Il n\u2019est pas rare d\u2019y croiser marmottes et bouquetins \u2013 une exp\u00e9rience magique pour toute la famille.<\/p>\n\n\n\n<p>Dans le Tyrol, entre L\u00e4ngenfeld et S\u00f6lden, les paysages alpins sont \u00e9poustouflants, parfaits pour les amateurs de randonn\u00e9e, mais aussi pour ceux qui recherchent la d\u00e9tente, gr\u00e2ce \u00e0 la pr\u00e9sence de spas modernes nich\u00e9s dans la nature. Enfin, le <a href=\"https:\/\/www.austria.info\/it\/luoghi\/lago-achensee\/\" target=\"_blank\" rel=\"noreferrer noopener\">lac Achensee<\/a>, avec ses eaux turquoise entour\u00e9es de montagnes, est id\u00e9al pour une balade \u00e0 v\u00e9lo ou une sieste au calme au bord de l\u2019eau.<\/p>\n\n\n\n<h3 class=\"wp-block-heading\">Saveurs typiques \u00e0 savourer tout au long du voyage<\/h3>\n\n\n\n<p>Chaque \u00e9tape en Autriche est aussi une \u00e9tape gourmande. M\u00eame si votre camping-car est bien \u00e9quip\u00e9, il sera difficile de r\u00e9sister aux parfums et aux sp\u00e9cialit\u00e9s locales.<\/p>\n\n\n\n<p>Parmi les plats incontournables, le <em>tafelspitz<\/em> : du b\u0153uf bouilli servi avec des l\u00e9gumes, des pommes de terre et des sauces au go\u00fbt relev\u00e9. Impossible aussi de passer \u00e0 c\u00f4t\u00e9 du <em>wiener schnitzel<\/em>, l\u2019escalope viennoise dor\u00e9e et croustillante, servie avec une salade de pommes de terre ou des airelles. C\u00f4t\u00e9 desserts, le <em>kaiserschmarrn<\/em> est un vrai d\u00e9lice : une cr\u00eape \u00e9paisse et moelleuse d\u00e9chir\u00e9e en morceaux, saupoudr\u00e9e de sucre glace, accompagn\u00e9e de compote de prunes ou de pommes. Et n\u2019oublions pas les <em>kn\u00f6del<\/em>, de savoureuses boulettes de pain ou de pommes de terre, farcies ou en accompagnement.<\/p>\n\n\n\n<h3 class=\"wp-block-heading\">Conclusion<\/h3>\n\n\n\n<p>Si vous aimez voyager en camping-car, caravane ou furgon am\u00e9nag\u00e9, vous savez combien il est pr\u00e9cieux de trouver des haltes s\u00fbres, calmes et en pleine nature. Le guide Landvergn\u00fcgen 2025 pour l\u2019Autriche est l\u2019outil id\u00e9al pour organiser un voyage authentique, serein et loin du tourisme de masse.<\/p>\n\n\n\n<p>Pr\u00e9parez votre v\u00e9hicule, faites le plein de provisions et prenez la route. Avec vos chaussures de marche, votre appareil photo, une bonne playlist et l\u2019envie de d\u00e9couvrir, l\u2019Autriche saura vous \u00e9merveiller \u00e0 chaque d\u00e9tour.<\/p>\n\n\n\n<p>\u00c0 vous de jouer : <a href=\"https:\/\/www.agricamper.com\/fr\/produit\/landvergnugen-germania-e-austria-in-camper-caravan-guida-digitale-delle-aree-di-sosta\/\" title=\"\">achetez votre adh\u00e9sion \u00e0 Landvergn\u00fcgen<\/a> dans notre boutique et d\u00e9couvrez toutes les \u00e9tapes gratuites d\u2019une nuit en Allemagne, Autriche et Suisse. Et si vous r\u00eavez d\u2019autres aventures en camping-car \u00e0 travers l\u2019Europe, explorez aussi les <a href=\"https:\/\/www.agricamper.com\/fr\/categorie-produit\/guide-cartacee-turistiche-camper-roulotte-fr\/\" title=\"\">autres guides FEFI<\/a> disponibles sur le site Agricamper et commencez \u00e0 planifier votre prochaine escapade !<\/p>\n","protected":false},"excerpt":{"rendered":"<p>Vous r\u00eavez d&rsquo;explorer l\u2019Autriche en camping-car, caravane ou furgon am\u00e9nag\u00e9 ? Ce pays surprenant, au c\u0153ur de l\u2019Europe, allie beaut\u00e9 naturelle, richesse culturelle et hospitalit\u00e9 chaleureuse. Gr\u00e2ce au guide Landvergn\u00fcgen, membre du r\u00e9seau FEFI tout comme Agricamper, vous pouvez profiter d\u2019une nuit gratuite chez de nombreux agriculteurs autrichiens. Oui, vous avez bien lu : des [&hellip;]<\/p>\n","protected":false},"author":1,"featured_media":4396,"comment_status":"closed","ping_status":"closed","sticky":false,"template":"","format":"standard","meta":{"_acf_changed":false,"_breakdance_hide_in_design_set":false,"_breakdance_tags":"","footnotes":""},"categories":[429],"tags":[348,453,660,350,373,352,542,374,362],"class_list":["post-4402","post","type-post","status-publish","format-standard","has-post-thumbnail","hentry","category-voyages-camping-car-caravane-europe","tag-activites-dans-la-nature","tag-autriche","tag-fefi","tag-les-activites-culturelles","tag-monuments-historiques","tag-plats-typiques","tag-villes-dart","tag-voyager-en-camping-car-et-en-caravane","tag-voyager-en-famille"],"acf":[],"_links":{"self":[{"href":"https:\/\/www.agricamper.com\/fr\/wp-json\/wp\/v2\/posts\/4402","targetHints":{"allow":["GET"]}}],"collection":[{"href":"https:\/\/www.agricamper.com\/fr\/wp-json\/wp\/v2\/posts"}],"about":[{"href":"https:\/\/www.agricamper.com\/fr\/wp-json\/wp\/v2\/types\/post"}],"author":[{"embeddable":true,"href":"https:\/\/www.agricamper.com\/fr\/wp-json\/wp\/v2\/users\/1"}],"replies":[{"embeddable":true,"href":"https:\/\/www.agricamper.com\/fr\/wp-json\/wp\/v2\/comments?post=4402"}],"version-history":[{"count":1,"href":"https:\/\/www.agricamper.com\/fr\/wp-json\/wp\/v2\/posts\/4402\/revisions"}],"predecessor-version":[{"id":4403,"href":"https:\/\/www.agricamper.com\/fr\/wp-json\/wp\/v2\/posts\/4402\/revisions\/4403"}],"wp:featuredmedia":[{"embeddable":true,"href":"https:\/\/www.agricamper.com\/fr\/wp-json\/wp\/v2\/media\/4396"}],"wp:attachment":[{"href":"https:\/\/www.agricamper.com\/fr\/wp-json\/wp\/v2\/media?parent=4402"}],"wp:term":[{"taxonomy":"category","embeddable":true,"href":"https:\/\/www.agricamper.com\/fr\/wp-json\/wp\/v2\/categories?post=4402"},{"taxonomy":"post_tag","embeddable":true,"href":"https:\/\/www.agricamper.com\/fr\/wp-json\/wp\/v2\/tags?post=4402"}],"curies":[{"name":"wp","href":"https:\/\/api.w.org\/{rel}","templated":true}]}}