{"id":4257,"date":"2025-02-24T07:00:00","date_gmt":"2025-02-24T07:00:00","guid":{"rendered":"https:\/\/www.agricamper.com\/decouvrir-gorizia-en-camping-car-un-voyage-culturel-et-gastronomique\/"},"modified":"2026-04-09T14:03:16","modified_gmt":"2026-04-09T14:03:16","slug":"decouvrir-gorizia-en-camping-car-un-voyage-culturel-et-gastronomique","status":"publish","type":"post","link":"https:\/\/www.agricamper.com\/fr\/get-inspired\/decouvrir-gorizia-en-camping-car-un-voyage-culturel-et-gastronomique\/","title":{"rendered":"D\u00e9couvrir Gorizia en camping-car : un voyage culturel et gastronomique"},"content":{"rendered":"\n<p>Chers passionn\u00e9s de voyages en quatre roues, avez-vous d\u00e9j\u00e0 imagin\u00e9 d\u00e9couvrir Gorizia, d\u00e9sign\u00e9e Capitale Europ\u00e9enne de la Culture pour 2025 ? Cette ann\u00e9e, votre passion pour les voyages en camping-car ou en caravane pourrait se transformer en l&rsquo;aventure parfaite \u00e0 la d\u00e9couverte d&rsquo;une ville tiss\u00e9e d&rsquo;histoire, de nature et de saveurs uniques. Quoi de plus excitant que d&rsquo;explorer librement, guid\u00e9s par le rythme lent et relaxant de votre propre v\u00e9hicule ? Rejoignez-nous pour d\u00e9couvrir Gorizia, un joyau culturel qui n&rsquo;attend que d&rsquo;\u00eatre explor\u00e9 dans le confort de votre v\u00e9hicule. <a href=\"https:\/\/www.agricamper.com\/fr\/faq\/ou-telecharger-lapplication-agricamper\/\" title=\"\">T\u00e9l\u00e9chargez notre application<\/a> et utilisez la version D\u00e9mo gratuite pour explorer les fonctionnalit\u00e9s et d\u00e9couvrir nos arr\u00eats gratuits autour de Gorizia.<\/p>\n\n\n\n<!--more Continuer la lecture de-->\n\n\n\n<h2 class=\"wp-block-heading\">Gorizia : un mosa\u00efque de cultures<\/h2>\n\n\n\n<p>Situ\u00e9e \u00e0 la crois\u00e9e de l&rsquo;Italie, de la Slov\u00e9nie et de l&rsquo;Autriche, <a href=\"https:\/\/www.turismofvg.it\/it\/gorizia\" target=\"_blank\" rel=\"noreferrer noopener\">Gorizia<\/a> poss\u00e8de une histoire riche et complexe qui a fa\u00e7onn\u00e9 son patrimoine culturel et architectural. \u00c0 l&rsquo;origine un village m\u00e9di\u00e9val sous le r\u00e8gne des Comtes de Gorizia, elle s&rsquo;est transform\u00e9e en un centre commercial et politique florissant. Au fil des si\u00e8cles, la ville a \u00e9t\u00e9 sous le contr\u00f4le de diverses puissances, y compris les Habsbourg, qui l&rsquo;ont surnomm\u00e9e la \u00ab\u00a0Nice autrichienne\u00a0\u00bb pour son climat agr\u00e9able et ses vues enchanteuses.<\/p>\n\n\n\n<p>Durement touch\u00e9e pendant la Premi\u00e8re Guerre mondiale, elle s&rsquo;est retrouv\u00e9e divis\u00e9e dans l&rsquo;apr\u00e8s-guerre entre l&rsquo;Italie et la Slov\u00e9nie, un \u00e9v\u00e9nement qui a laiss\u00e9 des traces profondes. Dans l&rsquo;apr\u00e8s-guerre, Gorizia a travaill\u00e9 \u00e0 la restauration de son patrimoine et \u00e0 la construction d&rsquo;une identit\u00e9 centr\u00e9e sur la coh\u00e9sion de ses diverses cultures.<\/p>\n\n\n\n<h2 class=\"wp-block-heading\">La capitale europ\u00e9enne de la culture<\/h2>\n\n\n\n<p>Gorizia n&rsquo;est pas seulement une ville frontali\u00e8re ; c&rsquo;est un carrefour de cultures et un exemple vivant de l&rsquo;histoire europ\u00e9enne. Cette ann\u00e9e, avec sa reconnaissance comme <a href=\"https:\/\/www.go2025.eu\/it\" target=\"_blank\" rel=\"noreferrer noopener\">Capitale Europ\u00e9enne de la Culture 2025<\/a>, elle se transforme en une sc\u00e8ne o\u00f9 se produisent traditions, art et histoires aux multiples facettes.<\/p>\n\n\n\n<p>Ce titre prestigieux, \u00e9tabli en 1985, est attribu\u00e9 \u00e0 des villes qui non seulement montrent un riche h\u00e9ritage culturel, mais qui sont \u00e9galement capables de l&rsquo;utiliser comme un outil de renouvellement social et urbain.<\/p>\n\n\n\n<p>En explorant cette ville en dialogue continu entre le pass\u00e9 et l&rsquo;avenir, vous vous trouverez immerg\u00e9s dans une histoire qui est \u00e0 la fois profond\u00e9ment locale et universellement europ\u00e9enne, refl\u00e9tant l&rsquo;essence m\u00eame de ce que signifie \u00eatre une Capitale de la Culture au c\u0153ur du continent.<\/p>\n\n\n\n<h2 class=\"wp-block-heading\">Que faire et voir \u00e0 Gorizia<\/h2>\n\n\n\n<p>Plongez-vous dans la magnifique Gorizia, une ville qui raconte des si\u00e8cles d&rsquo;histoire \u00e0 travers ses coins pittoresques et ses monuments imposants.<\/p>\n\n\n\n<p>Commencez votre visite par l&rsquo;un des symboles les plus embl\u00e9matiques de la ville, le <a href=\"https:\/\/www.turismofvg.it\/castelli\/castello-di-gorizia\" target=\"_blank\" rel=\"noreferrer noopener\">Ch\u00e2teau de Gorizia<\/a>. Cette forteresse majestueuse offre non seulement des vues spectaculaires sur le paysage environnant, mais est \u00e9galement le site de nombreux \u00e9v\u00e9nements culturels qui \u00e9voquent les traditions m\u00e9di\u00e9vales, transformant chaque visite en une aventure unique et captivante.<\/p>\n\n\n\n<p>Pour les amateurs d&rsquo;histoire, le <a href=\"https:\/\/www.turismofvg.it\/museo-della-grande-guerra-di-gorizia\" target=\"_blank\" rel=\"noreferrer noopener\">Mus\u00e9e de la Grande Guerre<\/a> est une \u00e9tape incontournable. Situ\u00e9 dans une zone qui a \u00e9t\u00e9 le th\u00e9\u00e2tre de conflits cruciaux, le mus\u00e9e approfondit les conflits qui ont marqu\u00e9 le XXe si\u00e8cle dans cette r\u00e9gion frontali\u00e8re. Ses collections et expositions temporaires offrent une vue d\u00e9taill\u00e9e des impacts historiques et personnels des guerres.<\/p>\n\n\n\n<p>\u00c0 une courte distance du c\u0153ur de la ville, vous trouverez le <a href=\"https:\/\/www.turismofvg.it\/parco-della-pace-del-monte-sabotino\" target=\"_blank\" rel=\"noreferrer noopener\">Parc de la Paix<\/a>, une oasis verte qui incarne l&rsquo;esprit de r\u00e9conciliation d&rsquo;apr\u00e8s-guerre. Ce parc vous invite non seulement \u00e0 vous d\u00e9tendre apr\u00e8s une journ\u00e9e de d\u00e9couvertes, mais est \u00e9galement un lieu de rencontre entre nature et histoire, parfait pour des promenades m\u00e9ditatives ou des moments de tranquillit\u00e9 \u00e0 l&rsquo;ombre de ses arbres s\u00e9culaires.<\/p>\n\n\n\n<p>Une autre \u00e9tape incontournable lors de votre visite est l&rsquo;<a href=\"https:\/\/www.turismofvg.it\/monumenti-religiosi\/chiesa-di-sant-ignazio\" target=\"_blank\" rel=\"noreferrer noopener\">\u00c9glise Saint-Ignace<\/a>. Situ\u00e9e au c\u0153ur de la ville, cette \u00e9glise baroque est connue pour sa fa\u00e7ade imposante et ses int\u00e9rieurs richement d\u00e9cor\u00e9s. \u00c0 l&rsquo;int\u00e9rieur, vous pourrez admirer des fresques exquis\u00e9ment d\u00e9taill\u00e9es et des \u0153uvres d&rsquo;art remontant au XVIIe si\u00e8cle, t\u00e9moignages de la ferveur religieuse et artistique qui a caract\u00e9ris\u00e9 Gorizia au fil des si\u00e8cles.<\/p>\n\n\n\n<p>Enfin, n&rsquo;oubliez pas de visiter <a href=\"https:\/\/www.turismofvg.it\/musei\/fondazione-palazzo-coronini-cronberg-onlus\" target=\"_blank\" rel=\"noreferrer noopener\">Palazzo Coronini Cronberg<\/a>, une magnifique villa qui abrite de pr\u00e9cieux tr\u00e9sors d&rsquo;art et d&rsquo;histoire. Nich\u00e9 dans un vaste parc, le palais pr\u00e9sente une collection exceptionnelle de meubles anciens, d&rsquo;\u0153uvres d&rsquo;art et de reliques racontant la vie de l&rsquo;aristocratie locale. Chaque salle du palais offre un aper\u00e7u unique de la vie raffin\u00e9e des temps pass\u00e9s, faisant du Palazzo Coronini une \u00e9tape obligatoire pour quiconque visite Gorizia.<\/p>\n\n\n\n<p>En traversant Gorizia, vous vivrez une exp\u00e9rience qui m\u00e9lange harmonieusement culture, histoire et d\u00e9tente naturelle, faisant de cette ville une destination inoubliable pour chaque voyageur.<\/p>\n\n\n\n<h2 class=\"wp-block-heading\">Les plats typiques, une fusion de saveurs<\/h2>\n\n\n\n<p>La cuisine de Gorizia est un d\u00e9licieux creuset d&rsquo;influences italiennes et slov\u00e8nes, un reflet de sa position g\u00e9ographique \u00e0 la fronti\u00e8re. Ici, les saveurs traditionnelles se rencontrent et se fondent pour cr\u00e9er des plats uniques qui racontent l&rsquo;histoire de cette terre.<\/p>\n\n\n\n<p>Commencez votre parcours gastronomique avec le Jota, une soupe copieuse qui combine haricots, choucroute, pommes de terre et viande fum\u00e9e. Vous ne pouvez pas quitter Gorizia sans avoir essay\u00e9 les blecs, des gnocchis irr\u00e9guliers faits \u00e0 la main, souvent assaisonn\u00e9s avec un rago\u00fbt de gibier ou des herbes aromatiques locales.<\/p>\n\n\n\n<p>Concluez votre voyage gastronomique avec un dessert typique de la r\u00e9gion : le Presnitz. Ce dessert, un rouleau de p\u00e2te feuillet\u00e9e rempli de fruits secs, de chocolat, d&rsquo;\u00e9pices et de rhum, offre une d\u00e9licieuse conclusion \u00e0 chaque repas.<\/p>\n\n\n\n<p>Et pour accompagner ces plats, n&rsquo;oubliez pas de d\u00e9guster le Picolit, un vin doux local tr\u00e8s appr\u00e9ci\u00e9. Avec son ar\u00f4me d\u00e9licat et ses notes de fruits m\u00fbrs, le Picolit est souvent servi comme vin de dessert, parfait pour trinquer \u00e0 une exp\u00e9rience culinaire d\u00e9licieuse \u00e0 Gorizia.<\/p>\n\n\n\n<h2 class=\"wp-block-heading\">Conclusion<\/h2>\n\n\n\n<p>Maintenant que vous avez d\u00e9couvert les merveilles que Gorizia a \u00e0 offrir, pourquoi ne pas planifier votre prochaine aventure en camping-car ou en caravane ?<\/p>\n\n\n\n<p><a href=\"https:\/\/www.agricamper.com\/fr\/faq\/ou-telecharger-lapplication-agricamper\/\" title=\"\">T\u00e9l\u00e9chargez notre application<\/a>, <a href=\"https:\/\/www.agricamper.com\/fr\/produit\/agricamper-italia-guide-detapes-en-camping-car-en-italie\/\" title=\"\">achetez l\u2019adh\u00e9sion Agricamper<\/a> et vivez une exp\u00e9rience unique, immerg\u00e9s dans la nature et la culture locale.<\/p>\n\n\n\n<p>Soyez les protagonistes de votre voyage : partez \u00e0 la d\u00e9couverte de Gorizia, une ville qui vous attend \u00e0 bras ouverts !<\/p>\n","protected":false},"excerpt":{"rendered":"<p>Chers passionn\u00e9s de voyages en quatre roues, avez-vous d\u00e9j\u00e0 imagin\u00e9 d\u00e9couvrir Gorizia, d\u00e9sign\u00e9e Capitale Europ\u00e9enne de la Culture pour 2025 ? Cette ann\u00e9e, votre passion pour les voyages en camping-car ou en caravane pourrait se transformer en l&rsquo;aventure parfaite \u00e0 la d\u00e9couverte d&rsquo;une ville tiss\u00e9e d&rsquo;histoire, de nature et de saveurs uniques. Quoi de plus [&hellip;]<\/p>\n","protected":false},"author":1,"featured_media":4251,"comment_status":"closed","ping_status":"closed","sticky":false,"template":"","format":"standard","meta":{"_acf_changed":false,"_breakdance_hide_in_design_set":false,"_breakdance_tags":"","footnotes":""},"categories":[347],"tags":[348,349,350,373,352,542,374,362],"class_list":["post-4257","post","type-post","status-publish","format-standard","has-post-thumbnail","hentry","category-voyage-en-camping-car-et-caravane-en-italie","tag-activites-dans-la-nature","tag-italie-du-nord","tag-les-activites-culturelles","tag-monuments-historiques","tag-plats-typiques","tag-villes-dart","tag-voyager-en-camping-car-et-en-caravane","tag-voyager-en-famille"],"acf":[],"_links":{"self":[{"href":"https:\/\/www.agricamper.com\/fr\/wp-json\/wp\/v2\/posts\/4257","targetHints":{"allow":["GET"]}}],"collection":[{"href":"https:\/\/www.agricamper.com\/fr\/wp-json\/wp\/v2\/posts"}],"about":[{"href":"https:\/\/www.agricamper.com\/fr\/wp-json\/wp\/v2\/types\/post"}],"author":[{"embeddable":true,"href":"https:\/\/www.agricamper.com\/fr\/wp-json\/wp\/v2\/users\/1"}],"replies":[{"embeddable":true,"href":"https:\/\/www.agricamper.com\/fr\/wp-json\/wp\/v2\/comments?post=4257"}],"version-history":[{"count":1,"href":"https:\/\/www.agricamper.com\/fr\/wp-json\/wp\/v2\/posts\/4257\/revisions"}],"predecessor-version":[{"id":4258,"href":"https:\/\/www.agricamper.com\/fr\/wp-json\/wp\/v2\/posts\/4257\/revisions\/4258"}],"wp:featuredmedia":[{"embeddable":true,"href":"https:\/\/www.agricamper.com\/fr\/wp-json\/wp\/v2\/media\/4251"}],"wp:attachment":[{"href":"https:\/\/www.agricamper.com\/fr\/wp-json\/wp\/v2\/media?parent=4257"}],"wp:term":[{"taxonomy":"category","embeddable":true,"href":"https:\/\/www.agricamper.com\/fr\/wp-json\/wp\/v2\/categories?post=4257"},{"taxonomy":"post_tag","embeddable":true,"href":"https:\/\/www.agricamper.com\/fr\/wp-json\/wp\/v2\/tags?post=4257"}],"curies":[{"name":"wp","href":"https:\/\/api.w.org\/{rel}","templated":true}]}}