{"id":4224,"date":"2025-02-03T07:00:00","date_gmt":"2025-02-03T07:00:00","guid":{"rendered":"https:\/\/www.agricamper.com\/decouvrez-la-magie-du-carnaval-italien-a-bord-de-votre-camping-car-ou-de-votre-caravane\/"},"modified":"2026-04-09T14:02:45","modified_gmt":"2026-04-09T14:02:45","slug":"decouvrez-la-magie-du-carnaval-italien-a-bord-de-votre-camping-car-ou-de-votre-caravane","status":"publish","type":"post","link":"https:\/\/www.agricamper.com\/fr\/get-inspired\/decouvrez-la-magie-du-carnaval-italien-a-bord-de-votre-camping-car-ou-de-votre-caravane\/","title":{"rendered":"D\u00e9couvrez la magie du carnaval italien \u00e0 bord de votre camping-car ou de votre caravane"},"content":{"rendered":"\n<p>Amateurs de voyage et d\u2019aventure, le Carnaval approche et il n\u2019y a pas de meilleure fa\u00e7on de d\u00e9couvrir les c\u00e9l\u00e9brations les plus spectaculaires d\u2019Italie qu\u2019\u00e0 bord de votre camping-car ou caravane. Avec Agricamper, profitez d\u2019arr\u00eats gratuits en pleine nature et plongez au c\u0153ur des festivit\u00e9s locales en toute s\u00e9r\u00e9nit\u00e9. Et n\u2019oubliez pas de <a href=\"https:\/\/www.agricamper.com\/fr\/faq\/ou-telecharger-lapplication-agricamper\/\" title=\"\">t\u00e9l\u00e9charger notre application<\/a> et d\u2019essayer la version d\u00e9mo gratuite pour d\u00e9couvrir toutes les aires de stationnement !<\/p>\n\n\n\n<!--more continuer la lecture de-->\n\n\n\n<h3 class=\"wp-block-heading\">Explorez les Carnavals d\u2019Italie<\/h3>\n\n\n\n<p>Pr\u00eats \u00e0 partir ? Voici un aper\u00e7u des carnavals les plus embl\u00e9matiques qui animent l\u2019Italie du nord au sud, chacun avec ses traditions uniques et spectaculaires. D\u00e9couvrez o\u00f9 et quand rejoindre la f\u00eate pour une exp\u00e9rience inoubliable !<\/p>\n\n\n\n<h3 class=\"wp-block-heading\">Venise : masques et myst\u00e8re sur les rives du Grand Canal<\/h3>\n\n\n\n<h4 class=\"wp-block-heading\">Du 14 f\u00e9vrier au 4 mars<\/h4>\n\n\n\n<p>Le <a href=\"https:\/\/carnevale.venezia.it\/\" target=\"_blank\" rel=\"noreferrer noopener\">Carnaval de Venise<\/a>, c\u00e9l\u00e8bre dans le monde entier, transforme chaque ann\u00e9e la ville en un th\u00e9\u00e2tre \u00e0 ciel ouvert. Ses origines remontent au Moyen \u00c2ge, lorsque les masques permettaient aux V\u00e9nitiens d\u2019abolir les diff\u00e9rences sociales et de s\u2019accorder quelques jours de libert\u00e9 totale. Aujourd\u2019hui encore, cette f\u00eate conserve son esprit originel et plonge visiteurs et habitants dans une atmosph\u00e8re unique et intemporelle.<\/p>\n\n\n\n<p>L\u2019un des moments les plus impressionnants du Carnaval est sans doute le <a href=\"https:\/\/live.comune.venezia.it\/it\/2019\/02\/il-volo-dell-angelo\" target=\"_blank\" rel=\"noreferrer noopener\">Vol de l\u2019Ange<\/a>, un \u00e9v\u00e9nement marquant l\u2019ouverture officielle des c\u00e9l\u00e9brations sur la place Saint-Marc. Chaque ann\u00e9e, une jeune femme est choisie pour incarner l\u2019Ange et descend du Campanile, suspendue \u00e0 un harnais, survolant la foule avec gr\u00e2ce et \u00e9motion. En vous promenant dans les ruelles et les places de Venise, vous serez transport\u00e9s dans une \u00e9poque lointaine, o\u00f9 les palais gothiques et Renaissance cachent encore des secrets et des intrigues de nobles et de marchands.<\/p>\n\n\n\n<p>Apr\u00e8s une journ\u00e9e d\u2019exploration et de festivit\u00e9s, votre camping-car vous attend dans l\u2019une de nos aires de repos, situ\u00e9es \u00e0 proximit\u00e9 de la ville mais immerg\u00e9es dans la tranquillit\u00e9 de la campagne v\u00e9nitienne.<\/p>\n\n\n\n<h3 class=\"wp-block-heading\">Viareggio : le Carnaval des g\u00e9ants dansants<\/h3>\n\n\n\n<h4 class=\"wp-block-heading\">Du 8 f\u00e9vrier au 4 mars<\/h4>\n\n\n\n<p>\u00c0 Viareggio, le Carnaval atteint son apog\u00e9e avec ses majestueux chars all\u00e9goriques, v\u00e9ritables \u0153uvres d\u2019art en mouvement qui transforment les rues en un immense th\u00e9\u00e2tre \u00e0 ciel ouvert. Ces g\u00e9ants en papier m\u00e2ch\u00e9 sont le fruit d\u2019un travail minutieux de plusieurs mois, r\u00e9alis\u00e9 par des artisans talentueux, sc\u00e9nographes et artistes locaux perp\u00e9tuant une tradition ancienne.<\/p>\n\n\n\n<p>Chaque ann\u00e9e, le <a href=\"https:\/\/viareggio.ilcarnevale.com\/\" target=\"_blank\" rel=\"noreferrer noopener\">Carnaval de Viareggio<\/a> se distingue par une satire politique et sociale mordante, un \u00e9l\u00e9ment embl\u00e9matique de l\u2019\u00e9v\u00e9nement. Les d\u00e9fil\u00e9s deviennent ainsi une repr\u00e9sentation color\u00e9e de l\u2019actualit\u00e9 mondiale, o\u00f9 les leaders politiques, les c\u00e9l\u00e9brit\u00e9s et les grands sujets de soci\u00e9t\u00e9 sont caricatur\u00e9s avec ironie et exag\u00e9ration.<\/p>\n\n\n\n<p>Chaque char, pouvant atteindre 20 m\u00e8tres de haut, avance le long de la promenade maritime de Viareggio, accompagn\u00e9 de lumi\u00e8res, de musique et d\u2019une pluie de confettis, cr\u00e9ant une atmosph\u00e8re magique et immersive.<\/p>\n\n\n\n<h3 class=\"wp-block-heading\">Ivrea : un plongeon dans l\u2019histoire avec une bataille d\u2019agrumes<\/h3>\n\n\n\n<h4 class=\"wp-block-heading\">Du 1er au 5 mars<\/h4>\n\n\n\n<p>\u00c0 Ivrea, le <a href=\"https:\/\/www.storicocarnevaleivrea.it\/it\/home\/\" target=\"_blank\" rel=\"noreferrer noopener\">Carnaval<\/a> se distingue par un \u00e9v\u00e9nement unique en Italie : la <a href=\"https:\/\/www.storicocarnevaleivrea.it\/it\/press\/schede-di-approfondimento\/la-battaglie-delle-arance\/\" target=\"_blank\" rel=\"noreferrer noopener\">Bataille des Oranges<\/a>. Cette tradition spectaculaire est bien plus qu\u2019une attraction : elle symbolise la libert\u00e9 et la r\u00e9volte populaire.<\/p>\n\n\n\n<p>Cette bataille rappelle les r\u00e9voltes m\u00e9di\u00e9vales des habitants d\u2019Ivrea contre la tyrannie, transformant les oranges en munitions symboliques que les participants se lancent dans une mise en sc\u00e8ne vive et color\u00e9e. Participer \u00e0 cet \u00e9v\u00e9nement, c\u2019est plonger dans l\u2019histoire et les traditions d\u2019Ivrea, en revivant son pass\u00e9 r\u00e9volutionnaire.<\/p>\n\n\n\n<p>Apr\u00e8s une journ\u00e9e aussi intense, retrouver le calme devient essentiel. Garez votre camping-car dans l\u2019une de nos fermes partenaires et d\u00e9tendez-vous en pleine nature.<\/p>\n\n\n\n<h3 class=\"wp-block-heading\">Fano : le Carnaval de la musique et du lancer de bonbons<\/h3>\n\n\n\n<h4 class=\"wp-block-heading\">Du 16 au 23 f\u00e9vrier et le 2 mars<\/h4>\n\n\n\n<p>Le <a href=\"https:\/\/www.carnevaledifano.com\/\" target=\"_blank\" rel=\"noreferrer noopener\">Carnaval de Fano<\/a> se distingue par son ambiance anim\u00e9e, en faisant l&rsquo;\u00e9v\u00e9nement id\u00e9al pour les familles. Cette f\u00eate est c\u00e9l\u00e8bre pour son <a href=\"https:\/\/www.carnevaledifano.com\/il-getto-dei-dolciumi\/\" target=\"_blank\" rel=\"noreferrer noopener\">\u201clancer\u201d de bonbons<\/a>, un moment tr\u00e8s attendu o\u00f9 des tonnes de friandises et de chocolats sont jet\u00e9es depuis les chars all\u00e9goriques vers la foule enjou\u00e9e. Cette tradition unique ne ravit pas seulement les enfants mais rappelle \u00e9galement aux adultes de doux souvenirs d\u2019enfance, cr\u00e9ant ainsi une atmosph\u00e8re festive qui r\u00e9unit les g\u00e9n\u00e9rations.<\/p>\n\n\n\n<p>Alors que les rues s\u2019animent avec les d\u00e9fil\u00e9s de chars, l\u2019air r\u00e9sonne des m\u00e9lodies entra\u00eenantes des fanfares locales, qui accompagnent la parade avec des rythmes dynamiques et festifs.<\/p>\n\n\n\n<p>Apr\u00e8s une journ\u00e9e de c\u00e9l\u00e9brations et d\u2019amusement, trouver un coin de tranquillit\u00e9 devient essentiel, et votre camping-car vous offre justement cela. Gar\u00e9 sur l\u2019un de nos emplacements, vous serez immerg\u00e9s dans la s\u00e9r\u00e9nit\u00e9 de la campagne, o\u00f9 vous pourrez vous d\u00e9tendre et revivre les \u00e9motions de la journ\u00e9e.<\/p>\n\n\n\n<h3 class=\"wp-block-heading\">Putignano : le plus long Carnaval<\/h3>\n\n\n\n<h3 class=\"wp-block-heading\">Du 26 d\u00e9cembre 2024 au 4 mars 2025<\/h3>\n\n\n\n<p>Le <a href=\"https:\/\/www.carnevalediputignano.it\/\" target=\"_blank\" rel=\"noreferrer noopener\">Carnaval de Putignano<\/a> est l&rsquo;un des plus anciens et des plus longs d\u2019Italie, avec des festivit\u00e9s qui durent plusieurs semaines, transformant la ville en un immense th\u00e9\u00e2tre \u00e0 ciel ouvert. Le festival prend vie gr\u00e2ce \u00e0 des d\u00e9fil\u00e9s spectaculaires o\u00f9 l\u2019art du papier m\u00e2ch\u00e9 se m\u00eale \u00e0 la tradition et \u00e0 la satire, donnant naissance \u00e0 des chars all\u00e9goriques imposants et humoristiques qui illustrent avec cr\u00e9ativit\u00e9 et esprit critique des th\u00e8mes d\u2019actualit\u00e9 et de culture populaire.<\/p>\n\n\n\n<p>Ce carnaval est une explosion de couleurs, de musique et de folklore, impliquant toute la communaut\u00e9 dans une ambiance envo\u00fbtante. Masques historiques, \u00e9v\u00e9nements culturels et rites anciens se m\u00ealent aux festivit\u00e9s collectives, rendant chaque journ\u00e9e unique.<\/p>\n\n\n\n<p>Apr\u00e8s une journ\u00e9e haute en couleur et en \u00e9motions, le confort de votre caravane vous attend dans l\u2019une de nos exploitations agricoles partenaires, situ\u00e9es \u00e0 proximit\u00e9. L\u00e0, entour\u00e9s de la qui\u00e9tude des paysages ruraux des Pouilles, vous pourrez vous reposer et vous ressourcer avant de repartir pour de nouvelles aventures.<\/p>\n\n\n\n<h3 class=\"wp-block-heading\">Acireale : le Carnaval des fleurs<\/h3>\n\n\n\n<h4 class=\"wp-block-heading\">Du 15 f\u00e9vrier au 4 mars<\/h4>\n\n\n\n<p>En Sicile, le <a href=\"https:\/\/www.carnevaleacireale.eu\/it\" target=\"_blank\" rel=\"noreferrer noopener\">Carnaval d\u2019Acireale<\/a> incarne parfaitement l\u2019esprit festif de l\u2019\u00eele, alliant art, tradition et spectacle dans une explosion de couleurs et de cr\u00e9ativit\u00e9. Reconnue comme l\u2019un des plus beaux carnavals d\u2019Italie, cette f\u00eate se distingue par ses magnifiques chars fleuris, de v\u00e9ritables \u0153uvres d\u2019art en mouvement qui transforment les rues en un mus\u00e9e \u00e0 ciel ouvert. Chaque char est le fruit d\u2019un travail artisanal m\u00e9ticuleux, avec des milliers de fleurs fra\u00eeches soigneusement dispos\u00e9es pour cr\u00e9er des images d\u00e9taill\u00e9es et \u00e9vocatrices, racontant la mythologie, l\u2019histoire et le folklore sicilien avec une beaut\u00e9 \u00e0 couper le souffle.<\/p>\n\n\n\n<p>L\u2019association entre les chars all\u00e9goriques en papier m\u00e2ch\u00e9, typiques de la satire italienne, et les chars fleuris, symboles d\u2019\u00e9l\u00e9gance et de raffinement, cr\u00e9e un contraste saisissant qui rend le Carnaval d\u2019Acireale vraiment unique.<\/p>\n\n\n\n<p>Se promener dans les rues historiques de la ville pendant le carnaval, c\u2019est respirer le parfum des fleurs, se laisser emporter par le rythme entra\u00eenant des fanfares et admirer le splendide d\u00e9cor baroque qui sert de toile de fond aux festivit\u00e9s.<\/p>\n\n\n\n<h3 class=\"wp-block-heading\">Les douceurs du Carnaval : un voyage gourmand \u00e0 travers les traditions italiennes<\/h3>\n\n\n\n<p>Le Carnaval en Italie n\u2019est pas seulement une f\u00eate de masques et de couleurs, c\u2019est aussi une c\u00e9l\u00e9bration des saveurs, en particulier celles des douceurs traditionnelles qui embellissent les tables en cette p\u00e9riode festive. Les recettes varient selon les r\u00e9gions, mais elles ont toutes en commun leur capacit\u00e9 \u00e0 apporter de la joie et de la douceur aux froides journ\u00e9es hivernales.<\/p>\n\n\n\n<p>Parmi les classiques appr\u00e9ci\u00e9s dans toute l\u2019Italie figurent les beignets, pr\u00e9par\u00e9s selon diverses variantes locales. Qu\u2019ils soient fourr\u00e9s \u00e0 la cr\u00e8me, \u00e0 la confiture, ou simplement saupoudr\u00e9s de sucre glace, ces d\u00e9lices frits sont un symbole incontournable du Carnaval italien. Une douceur particuli\u00e8rement appr\u00e9ci\u00e9e en Sicile pendant le Carnaval est la pignolata, compos\u00e9e de petites boules de p\u00e2te frite, enrob\u00e9es de miel et parfois d\u00e9cor\u00e9es de vermicelles color\u00e9s ou de chocolat, un v\u00e9ritable festival de saveurs et de textures. Tout aussi c\u00e9l\u00e8bres, les chiacchiere, connues sous le nom de frappe ou bugie dans certaines r\u00e9gions, sont de fines bandes de p\u00e2te sucr\u00e9e frites et saupoudr\u00e9es de sucre, croustillantes et l\u00e9g\u00e8res, parfaites pour une collation lors des d\u00e9fil\u00e9s. Dans plusieurs r\u00e9gions italiennes, une autre sp\u00e9cialit\u00e9 typique de cette p\u00e9riode est les castagnole, de petites boules de p\u00e2te sucr\u00e9e frites, souvent parfum\u00e9es au citron ou \u00e0 la vanille et roul\u00e9es dans le sucre.<\/p>\n\n\n\n<p>Partout en Italie, les douceurs du Carnaval perp\u00e9tuent d\u2019anciennes traditions et constituent un d\u00e9licieux moyen de se connecter \u00e0 la culture locale pendant les festivit\u00e9s. Assurez-vous donc de laisser une place \u00e0 ces gourmandises, qui font autant partie de la f\u00eate que les d\u00e9fil\u00e9s et les masques.<\/p>\n\n\n\n<h3 class=\"wp-block-heading\">Conclusion<\/h3>\n\n\n\n<p>Le Carnaval en Italie est un voyage \u00e0 travers les traditions, les couleurs \u00e9clatantes, la musique entra\u00eenante et des saveurs irr\u00e9sistibles. Et quel meilleur moyen de le vivre qu\u2019avec la libert\u00e9 et le confort de votre camping-car ou caravane ?<\/p>\n\n\n\n<p>Avec Agricamper, partez \u00e0 la d\u00e9couverte des carnavals les plus spectaculaires d\u2019Italie et profitez d\u2019arr\u00eats gratuits dans les meilleures exploitations agricoles, immerg\u00e9s dans la nature et l\u2019authenticit\u00e9 du territoire. <a href=\"https:\/\/www.agricamper.com\/fr\/faq\/ou-telecharger-lapplication-agricamper\/\" title=\"\">T\u00e9l\u00e9chargez d\u00e8s maintenant l\u2019application<\/a>, <a href=\"https:\/\/www.agricamper.com\/fr\/produit\/agricamper-italia-guide-detapes-en-camping-car-en-italie\/\" title=\"\">souscrivez \u00e0 l\u2019abonnement<\/a> Agricamper et partez \u00e0 la d\u00e9couverte des traditions italiennes les plus fascinantes.<\/p>\n\n\n\n<p>Le Carnaval approche : \u00eates-vous pr\u00eats \u00e0 le vivre comme de v\u00e9ritables voyageurs ?<\/p>\n","protected":false},"excerpt":{"rendered":"<p>Amateurs de voyage et d\u2019aventure, le Carnaval approche et il n\u2019y a pas de meilleure fa\u00e7on de d\u00e9couvrir les c\u00e9l\u00e9brations les plus spectaculaires d\u2019Italie qu\u2019\u00e0 bord de votre camping-car ou caravane. Avec Agricamper, profitez d\u2019arr\u00eats gratuits en pleine nature et plongez au c\u0153ur des festivit\u00e9s locales en toute s\u00e9r\u00e9nit\u00e9. Et n\u2019oubliez pas de t\u00e9l\u00e9charger notre [&hellip;]<\/p>\n","protected":false},"author":1,"featured_media":4218,"comment_status":"closed","ping_status":"closed","sticky":false,"template":"","format":"standard","meta":{"_acf_changed":false,"_breakdance_hide_in_design_set":false,"_breakdance_tags":"","footnotes":""},"categories":[347],"tags":[703,369,349,381,350,352,374,362],"class_list":["post-4224","post","type-post","status-publish","format-standard","has-post-thumbnail","hentry","category-voyage-en-camping-car-et-caravane-en-italie","tag-carnaval","tag-italie-centrale","tag-italie-du-nord","tag-italie-du-sud","tag-les-activites-culturelles","tag-plats-typiques","tag-voyager-en-camping-car-et-en-caravane","tag-voyager-en-famille"],"acf":[],"_links":{"self":[{"href":"https:\/\/www.agricamper.com\/fr\/wp-json\/wp\/v2\/posts\/4224","targetHints":{"allow":["GET"]}}],"collection":[{"href":"https:\/\/www.agricamper.com\/fr\/wp-json\/wp\/v2\/posts"}],"about":[{"href":"https:\/\/www.agricamper.com\/fr\/wp-json\/wp\/v2\/types\/post"}],"author":[{"embeddable":true,"href":"https:\/\/www.agricamper.com\/fr\/wp-json\/wp\/v2\/users\/1"}],"replies":[{"embeddable":true,"href":"https:\/\/www.agricamper.com\/fr\/wp-json\/wp\/v2\/comments?post=4224"}],"version-history":[{"count":1,"href":"https:\/\/www.agricamper.com\/fr\/wp-json\/wp\/v2\/posts\/4224\/revisions"}],"predecessor-version":[{"id":4225,"href":"https:\/\/www.agricamper.com\/fr\/wp-json\/wp\/v2\/posts\/4224\/revisions\/4225"}],"wp:featuredmedia":[{"embeddable":true,"href":"https:\/\/www.agricamper.com\/fr\/wp-json\/wp\/v2\/media\/4218"}],"wp:attachment":[{"href":"https:\/\/www.agricamper.com\/fr\/wp-json\/wp\/v2\/media?parent=4224"}],"wp:term":[{"taxonomy":"category","embeddable":true,"href":"https:\/\/www.agricamper.com\/fr\/wp-json\/wp\/v2\/categories?post=4224"},{"taxonomy":"post_tag","embeddable":true,"href":"https:\/\/www.agricamper.com\/fr\/wp-json\/wp\/v2\/tags?post=4224"}],"curies":[{"name":"wp","href":"https:\/\/api.w.org\/{rel}","templated":true}]}}