{"id":4015,"date":"2024-09-23T06:00:00","date_gmt":"2024-09-23T06:00:00","guid":{"rendered":"https:\/\/www.agricamper.com\/les-plus-belles-destinations-dautomne-en-italie-un-voyage-a-travers-les-feuillages-les-villages-et-les-saveurs-a-bord-de-votre-camping-car\/"},"modified":"2026-04-09T14:00:35","modified_gmt":"2026-04-09T14:00:35","slug":"les-plus-belles-destinations-dautomne-en-italie-un-voyage-a-travers-les-feuillages-les-villages-et-les-saveurs-a-bord-de-votre-camping-car","status":"publish","type":"post","link":"https:\/\/www.agricamper.com\/fr\/get-inspired\/les-plus-belles-destinations-dautomne-en-italie-un-voyage-a-travers-les-feuillages-les-villages-et-les-saveurs-a-bord-de-votre-camping-car\/","title":{"rendered":"Les plus belles destinations d&rsquo;automne en Italie : un voyage \u00e0 travers les feuillages, les villages et les saveurs \u00e0 bord de votre camping-car"},"content":{"rendered":"\n<p>L&rsquo;automne en Italie est une saison enchant\u00e9e pour ceux qui aiment voyager en camping-car, caravane ou roulotte. Les journ\u00e9es deviennent plus fra\u00eeches, les paysages se parent de couleurs chaudes et vibrantes, et les lieux touristiques se vident, laissant place \u00e0 un tourisme plus paisible et relaxant. Dans cet article, nous explorerons les meilleures destinations italiennes d&rsquo;automne, entre feuillage automnal, villages historiques, sentiers de randonn\u00e9e et villes d&rsquo;art. Et n&rsquo;oublions pas les saveurs de l&rsquo;automne! <a href=\"https:\/\/www.agricamper.com\/fr\/faq\/ou-telecharger-lapplication-agricamper\/\" title=\"\">T\u00e9l\u00e9chargez notre application<\/a> et utilisez la version d\u00e9mo gratuite pour explorer la carte des fermes o\u00f9 vous pouvez vous arr\u00eater et vivre des exp\u00e9riences uniques au contact de la nature.<\/p>\n\n\n\n<p>Pr\u00eats \u00e0 partir? D\u00e9couvrons ensemble les destinations incontournables pour un voyage automnal inoubliable \u00e0 bord de votre camping-car!<\/p>\n\n\n\n<!--more Continuer la lecture de-->\n\n\n\n<hr class=\"wp-block-separator has-alpha-channel-opacity\"\/>\n\n\n\n<h3 class=\"wp-block-heading\">Feuillage d&rsquo;automne : couleurs et paysages de carte postale<\/h3>\n\n\n\n<p>Lorsqu&rsquo;on parle de feuillage, l&rsquo;Italie offre certaines des vues les plus spectaculaires d&rsquo;Europe. Les feuilles se teintent de rouge, orange et jaune, transformant les paysages en tableaux vivants.<\/p>\n\n\n\n<h4 class=\"wp-block-heading\">Val d&rsquo;Orcia (Toscane)<\/h4>\n\n\n\n<p>La <a href=\"https:\/\/visitvaldorcia.it\/\" target=\"_blank\" rel=\"noreferrer noopener\">Val d&rsquo;Orcia<\/a> est l&rsquo;un des endroits les plus embl\u00e9matiques et pittoresques de Toscane, c\u00e9l\u00e8bre pour ses paysages \u00e0 couper le souffle qui semblent sortis d&rsquo;une peinture. Cette vall\u00e9e, patrimoine mondial de l&rsquo;UNESCO, se caract\u00e9rise par ses douces collines, ses vignobles luxuriants et ses cypr\u00e8s qui se d\u00e9tachent sur un ciel bleu, cr\u00e9ant un d\u00e9cor idyllique, surtout en automne, lorsque les couleurs de la nature prennent des nuances chaudes dor\u00e9es et rouge\u00e2tres. Durant cette saison, les champs de bl\u00e9 et les vignobles rev\u00eatent des teintes uniques, offrant des panoramas spectaculaires \u00e0 admirer en parcourant les chemins de terre et les sentiers qui serpentent entre les collines.<\/p>\n\n\n\n<h4 class=\"wp-block-heading\">Val di Non (Trentin-Haut-Adige)<\/h4>\n\n\n\n<p>La <a href=\"https:\/\/www.visitvaldinon.it\/it\" target=\"_blank\" rel=\"noreferrer noopener\">Val di Non<\/a> est une v\u00e9ritable oasis de beaut\u00e9 au c\u0153ur du Trentin-Haut-Adige, surtout connue pour sa production extraordinaire de pommes. En automne, la vall\u00e9e se transforme en un tableau enchanteur, avec les vergers qui se colorent de nuances chaudes et vibrantes, cr\u00e9ant une atmosph\u00e8re magique. Ici, vous pouvez vous promener parmi les pommiers, en profitant de l&rsquo;odeur des pommes m\u00fbres et de la fra\u00eecheur de l&rsquo;air automnal. N&rsquo;oubliez pas de vous arr\u00eater dans les petits villages pittoresques, o\u00f9 tradition et culture se fondent dans une \u00e9treinte accueillante.<\/p>\n\n\n\n<h4 class=\"wp-block-heading\">Parc National de la Sila (Calabre)<\/h4>\n\n\n\n<p>Le <a href=\"https:\/\/parcosila.it\/\" target=\"_blank\" rel=\"noreferrer noopener\">Parc National de la Sila<\/a> est l&rsquo;une des merveilles naturelles de la Calabre, un v\u00e9ritable paradis pour les amoureux de la nature. Avec ses vastes for\u00eats de h\u00eatres, sapins et pins, il offre des paysages incroyables, particuli\u00e8rement suggestifs en automne, lorsque les feuilles prennent des teintes chaudes de rouge et d&rsquo;or. N&rsquo;oubliez pas de visiter le lac de Cecita, o\u00f9 vous pouvez pique-niquer et profiter de la tranquillit\u00e9 de l&rsquo;environnement. Profitez d&rsquo;une journ\u00e9e de d\u00e9tente immerg\u00e9 dans la beaut\u00e9 sauvage de la Calabre.<\/p>\n\n\n\n<hr class=\"wp-block-separator has-alpha-channel-opacity\"\/>\n\n\n\n<h3 class=\"wp-block-heading\">Villages enchant\u00e9s : histoire et charme intemporel<\/h3>\n\n\n\n<p>L&rsquo;Italie est c\u00e9l\u00e8bre pour ses villages m\u00e9di\u00e9vaux, et l&rsquo;automne est la saison parfaite pour les explorer sans l&rsquo;assaut des touristes. Chaque village raconte une histoire, et se promener dans ses ruelles vous ram\u00e8nera dans le temps.<\/p>\n\n\n\n<h4 class=\"wp-block-heading\">Borghetto sul Mincio (V\u00e9n\u00e9tie)<\/h4>\n\n\n\n<p><a href=\"https:\/\/www.valeggio.com\/destinazioni\/borghetto-sul-mincio\/\" target=\"_blank\" rel=\"noreferrer noopener\">Borghetto sul Mincio<\/a> est un v\u00e9ritable bijou situ\u00e9 au c\u0153ur de la r\u00e9gion de V\u00e9n\u00e9tie, connu pour sa beaut\u00e9 intemporelle et son ambiance charmante. Ce pittoresque village, travers\u00e9 par la rivi\u00e8re Mincio, est c\u00e9l\u00e8bre pour ses moulins \u00e0 eau caract\u00e9ristiques et ses ponts de pierre pittoresques, offrant des sc\u00e8nes dignes d&rsquo;une carte postale \u00e0 chaque tournant. Vous pouvez explorer les sentiers qui longent le Mincio, profiter de la tranquillit\u00e9 de ce coin de paradis et observer la faune locale. N&rsquo;oubliez pas de visiter la historique <a href=\"https:\/\/www.valeggio.com\/destinazioni\/castello-scaligero\/\" target=\"_blank\" rel=\"noreferrer noopener\">Rocca di Valeggio sul Mincio<\/a>, qui offre une vue panoramique \u00e0 couper le souffle sur la vall\u00e9e environnante.<\/p>\n\n\n\n<h4 class=\"wp-block-heading\">Erice (Sicile)<\/h4>\n\n\n\n<p>Situ\u00e9e sur une hauteur pittoresque dominant la vall\u00e9e du Belice, <a href=\"https:\/\/www.visitsicily.info\/erice\/\" target=\"_blank\" rel=\"noreferrer noopener\">Erice<\/a> est un village m\u00e9di\u00e9val qui charme par son caract\u00e8re intemporel. Accessible par des routes panoramiques sinueuses, ce charmant petit village offre une vue imprenable sur la c\u00f4te sicilienne et les \u00eeles \u00c9gades. En vous promenant dans ses ruelles pav\u00e9es, vous serez transport\u00e9 dans le temps, entour\u00e9 de murs anciens et de magnifiques b\u00e2timents en pierre qui racontent l&rsquo;histoire d&rsquo;\u00e9poques r\u00e9volues. En automne, Erice se pare de couleurs chaudes et offre un climat doux parfait pour explorer ses tr\u00e9sors. Ne manquez pas l&rsquo;occasion de visiter le ch\u00e2teau de V\u00e9nus, une forteresse normande qui se dresse de mani\u00e8re imposante et offre des vues spectaculaires.<\/p>\n\n\n\n<h4 class=\"wp-block-heading\">Civita di Bagnoregio (Latium)<\/h4>\n\n\n\n<p><a href=\"https:\/\/civitadibagnoregio.cloud\/\" target=\"_blank\" rel=\"noreferrer noopener\">Civita di Bagnoregio<\/a>, connue sous le nom de \u00ab\u00a0la ville qui meurt\u00a0\u00bb, est l&rsquo;un des villages les plus fascinants et pittoresques d&rsquo;Italie, situ\u00e9 dans la province de Viterbe, dans le Latium. Ce joyau m\u00e9di\u00e9val se dresse sur une colline de tuf, accessible uniquement par un pont pi\u00e9tonnier qui le relie au monde ext\u00e9rieur, cr\u00e9ant une atmosph\u00e8re d&rsquo;isolement et de magie. En automne, Civita se transforme en un lieu enchanteur, envelopp\u00e9 d&rsquo;un l\u00e9ger brouillard qui se pose sur ses anciens b\u00e2timents en pierre. Se promener dans les ruelles pav\u00e9es de Civita est une exp\u00e9rience qui vous ram\u00e8ne dans le temps, chaque coin racontant des histoires d&rsquo;\u00e9poques pass\u00e9es. Ne manquez pas l&rsquo;occasion de visiter l&rsquo;\u00e9glise de San Donato, qui donne sur la place principale, et le palais communal, qui abrite de pr\u00e9cieux artefacts historiques.<\/p>\n\n\n\n<hr class=\"wp-block-separator has-alpha-channel-opacity\"\/>\n\n\n\n<h3 class=\"wp-block-heading\">Randonn\u00e9e d&rsquo;automne : paysages \u00e0 d\u00e9couvrir \u00e0 pied<\/h3>\n\n\n\n<p>Pour ceux qui aiment marcher, l&rsquo;automne offre des temp\u00e9ratures id\u00e9ales pour la randonn\u00e9e, et l&rsquo;Italie regorge de parcours spectaculaires qui deviennent encore plus fascinants en cette saison.<\/p>\n\n\n\n<h4 class=\"wp-block-heading\">Sentier des Dieux (C\u00f4te Amalfitaine)<\/h4>\n\n\n\n<p>Le <a href=\"https:\/\/ilsentierodeglidei.net\/\" target=\"_blank\" rel=\"noreferrer noopener\">Sentier des Dieux<\/a> est sans aucun doute l&rsquo;une des randonn\u00e9es les plus spectaculaires d&rsquo;Italie, situ\u00e9e le long de la c\u00e9l\u00e8bre C\u00f4te Amalfitaine. Ce parcours panoramique offre aux randonneurs des vues \u00e0 couper le souffle sur la mer cristalline et les falaises abruptes, rendant chaque pas une exp\u00e9rience inoubliable. Le long du chemin, vous pourrez admirer des paysages extraordinaires, avec l&rsquo;odeur des citrons et le son des vagues se brisant contre les rochers, tandis que le ciel se teinte de couleurs vives au coucher du soleil. Tout au long du parcours, il y aura des points d&rsquo;int\u00e9r\u00eat culturel et historique, tels que des chapelles anciennes et de petites fermes, o\u00f9 vous pourrez vous arr\u00eater pour d\u00e9guster des plats typiques de la tradition locale.<\/p>\n\n\n\n<h4 class=\"wp-block-heading\">Parc National des Monts Sibyllins (Marches\/Ombrie)<\/h4>\n\n\n\n<p>Le <a href=\"https:\/\/www.sibillini.net\/\" target=\"_blank\" rel=\"noreferrer noopener\">Parc National des Monts Sibyllins<\/a>, situ\u00e9 \u00e0 la fronti\u00e8re entre les Marches et l&rsquo;Ombrie, est un v\u00e9ritable tr\u00e9sor naturel qui offre une exp\u00e9rience unique aux amoureux de la montagne et de la nature. Ce parc, c\u00e9l\u00e8bre pour sa biodiversit\u00e9 et ses paysages spectaculaires, est particuli\u00e8rement enchanteur en automne, lorsque les feuilles des arbres prennent des teintes chaudes de rouge, orange et jaune, cr\u00e9ant des sc\u00e8nes dignes d&rsquo;une carte postale. Les possibilit\u00e9s de randonn\u00e9e ici sont infinies, avec des sentiers qui se faufilent entre des sommets majestueux, des for\u00eats denses et des p\u00e2turages verdoyants. Outre la randonn\u00e9e, le parc est riche en histoire et culture. Pendant votre visite, ne manquez pas l&rsquo;opportunit\u00e9 d&rsquo;explorer certains des villages caract\u00e9ristiques qui jalonnent le territoire, comme Castelluccio di Norcia et Norcia.<\/p>\n\n\n\n<h4 class=\"wp-block-heading\">Parc des Dolomites Frioulanes (Frioul-V\u00e9n\u00e9tie julienne)<\/h4>\n\n\n\n<p>Le <a href=\"https:\/\/www.parcodolomitifriulane.it\/?\" target=\"_blank\" rel=\"noreferrer noopener\">Parc des Dolomites Frioulanes<\/a> est un v\u00e9ritable bijou naturel situ\u00e9 au c\u0153ur du Frioul-V\u00e9n\u00e9tie julienne, une zone d&rsquo;une beaut\u00e9 extraordinaire caract\u00e9ris\u00e9e par des sommets majestueux, des vall\u00e9es enchant\u00e9es et une flore et faune riches et vari\u00e9es. En automne, le parc se transforme en un th\u00e9\u00e2tre de couleurs vives offrant une exp\u00e9rience visuelle incroyable. Ce parc est un paradis pour les amoureux de la nature et de la randonn\u00e9e, avec un r\u00e9seau de sentiers bien balis\u00e9s qui permettent d&rsquo;explorer les paysages spectaculaires des Dolomites. De plus, le parc abrite une vari\u00e9t\u00e9 d&rsquo;esp\u00e8ces animales, y compris des chamois, des marmottes et des aigles, rendant les randonn\u00e9es encore plus fascinantes.<\/p>\n\n\n\n<hr class=\"wp-block-separator has-alpha-channel-opacity\"\/>\n\n\n\n<h3 class=\"wp-block-heading\">Villes d&rsquo;art : plong\u00e9e dans l&rsquo;histoire et la culture<\/h3>\n\n\n\n<p>L&rsquo;automne est la saison parfaite pour visiter certaines des villes d&rsquo;art les plus fascinantes d&rsquo;Italie. Avec moins de touristes, vous aurez la possibilit\u00e9 d&rsquo;explorer des mus\u00e9es, des monuments et des \u00e9glises en toute tranquillit\u00e9.<\/p>\n\n\n\n<h4 class=\"wp-block-heading\">Matera (Basilicate)<\/h4>\n\n\n\n<p><a href=\"https:\/\/www.basilicataturistica.it\/scopri-la-basilicata\/matera-patrimonio-mondiale-dellumanita\/\" target=\"_blank\" rel=\"noreferrer noopener\">Matera<\/a>, avec ses c\u00e9l\u00e8bres \u00ab\u00a0Sassi\u00a0\u00bb, est l&rsquo;une des villes les plus anciennes et fascinantes d&rsquo;Italie. En automne, la ville prend un charme particulier, avec la chaleur de ses nuances terracotta qui se fondent avec les couleurs dor\u00e9es des feuilles. La douce lumi\u00e8re solaire automnale rend la visite des Sassi encore plus suggestive, tandis que l&rsquo;odeur des pierres chaudes et l&rsquo;air frais cr\u00e9ent une atmosph\u00e8re magique. Ne manquez pas l&rsquo;occasion d&rsquo;explorer la <a href=\"https:\/\/www.basilicataturistica.it\/scopri-la-basilicata\/matera-patrimonio-mondiale-dellumanita\/la-cattedrale-di-matera\/\" target=\"_blank\" rel=\"noreferrer noopener\">Cath\u00e9drale de Matera<\/a>, situ\u00e9e au sommet de la colline, d&rsquo;o\u00f9 vous pouvez jouir d&rsquo;une vue panoramique spectaculaire sur la ville et la vall\u00e9e environnante.<\/p>\n\n\n\n<h4 class=\"wp-block-heading\">Ravenna (\u00c9milie-Romagne)<\/h4>\n\n\n\n<p><a href=\"https:\/\/www.turismo.ra.it\/\" target=\"_blank\" rel=\"noreferrer noopener\">Ravenna<\/a> est c\u00e9l\u00e8bre dans le monde entier pour ses mosa\u00efques byzantines extraordinaires et son riche patrimoine historique. En automne, la ville se pare d&rsquo;une lumi\u00e8re douce et enveloppante, rendant ses places et ses monuments encore plus suggestifs. En vous promenant dans le centre historique, vous serez plong\u00e9 dans une atmosph\u00e8re unique, chaque coin racontant des histoires d&rsquo;\u00e9poques pass\u00e9es. Ne manquez pas l&rsquo;occasion de visiter la <a href=\"https:\/\/www.turismo.ra.it\/cultura-e-storia\/edifici-religiosi\/basilica-san-vitale\" target=\"_blank\" rel=\"noreferrer noopener\">Basilique San Vitale<\/a> et le <a href=\"https:\/\/www.turismo.ra.it\/cultura-e-storia\/monumenti-unesco\/mausoleo-galla-placidia\" target=\"_blank\" rel=\"noreferrer noopener\">Mausol\u00e9e de Galla Placidia<\/a>, deux des principaux tr\u00e9sors artistiques de la ville. Outre les mosa\u00efques, Ravenne est \u00e9galement un centre vibrant de culture et d&rsquo;\u00e9v\u00e9nements. Pendant l&rsquo;automne, la ville accueille des festivals et des manifestations qui c\u00e9l\u00e8brent la musique, la danse et le th\u00e9\u00e2tre.<\/p>\n\n\n\n<h4 class=\"wp-block-heading\">Gerace (Calabre)<\/h4>\n\n\n\n<p><a href=\"https:\/\/turismo.reggiocal.it\/area-metropolitana\/locride\/gerace\" target=\"_blank\" rel=\"noreferrer noopener\">Gerace<\/a> est un charmant village m\u00e9di\u00e9val situ\u00e9 sur une colline dominant la c\u00f4te ionienne de la Calabre. Avec ses rues pav\u00e9es et ses b\u00e2timents en pierre, Gerace d\u00e9gage un charme ancien qui transporte les visiteurs dans une autre \u00e9poque. En automne, le village devient encore plus suggestif, avec le paysage environnant qui se teinte de chaudes nuances dor\u00e9es et rouges, cr\u00e9ant un sc\u00e9nario digne d&rsquo;une carte postale. L&rsquo;attraction principale de Gerace est son imposant ch\u00e2teau normand, qui offre une vue panoramique \u00e0 couper le souffle sur la vall\u00e9e et la mer. Tout aussi fascinante est la <a href=\"https:\/\/turismo.reggiocal.it\/cultura\/le-chiese-e-i-monasteri\/cattedrale-di-gerace\" target=\"_blank\" rel=\"noreferrer noopener\">Cath\u00e9drale de Gerace<\/a>, un exemple extraordinaire d&rsquo;architecture normande avec des fresques et des \u0153uvres d&rsquo;art qui racontent l&rsquo;histoire de la r\u00e9gion.<\/p>\n\n\n\n<hr class=\"wp-block-separator has-alpha-channel-opacity\"\/>\n\n\n\n<h3 class=\"wp-block-heading\">Saveurs d&rsquo;automne : une f\u00eate pour le palais<\/h3>\n\n\n\n<p>L&rsquo;automne est une saison riche en saveurs et en traditions culinaires. Chaque r\u00e9gion italienne a ses plats typiques, pr\u00e9par\u00e9s avec les produits de la terre.<\/p>\n\n\n\n<h4 class=\"wp-block-heading\">Citrouille (Lombardie)<\/h4>\n\n\n\n<p>La citrouille est particuli\u00e8rement appr\u00e9ci\u00e9e pour sa polyvalence en cuisine. En Lombardie, elle est fr\u00e9quemment utilis\u00e9e pour pr\u00e9parer des plats typiques comme le risotto \u00e0 la citrouille, o\u00f9 son go\u00fbt sucr\u00e9 se marie parfaitement avec le fromage et le bouillon chaud, cr\u00e9ant un plat cr\u00e9meux et enveloppant. D&rsquo;autres pr\u00e9parations incluent les tortelli \u00e0 la citrouille, une authentique sp\u00e9cialit\u00e9 de la tradition de Mantoue, farcis avec un m\u00e9lange sucr\u00e9 de citrouille, amaretti et parmesan.<\/p>\n\n\n\n<p>Pendant l&rsquo;automne, de nombreux villages lombards organisent des festivals d\u00e9di\u00e9s \u00e0 ce l\u00e9gume, o\u00f9 il est possible de d\u00e9guster des plats \u00e0 base de citrouille et de d\u00e9couvrir des recettes traditionnelles. Ces \u00e9v\u00e9nements offrent \u00e9galement l&rsquo;opportunit\u00e9 d&rsquo;explorer les traditions locales, avec des ateliers culinaires et des d\u00e9monstrations de cuisine qui impliquent les visiteurs dans une exp\u00e9rience immersive.<\/p>\n\n\n\n<h4 class=\"wp-block-heading\">Truffe (Pi\u00e9mont et Ombrie)<\/h4>\n\n\n\n<p>La truffe est sans aucun doute l&rsquo;un des tr\u00e9sors culinaires les plus pr\u00e9cieux et appr\u00e9ci\u00e9s d&rsquo;Italie, et les r\u00e9gions du Pi\u00e9mont et de l&rsquo;Ombrie sont parmi ses terres d&rsquo;origine les plus renomm\u00e9es.<\/p>\n\n\n\n<p>Au Pi\u00e9mont, les Langhe et le Roero sont c\u00e9l\u00e8bres pour leurs truffes blanches, consid\u00e9r\u00e9es parmi les meilleures au monde. Durant la p\u00e9riode de r\u00e9colte, de nombreux \u00e9v\u00e9nements et festivals c\u00e9l\u00e8brent ce tubercule pr\u00e9cieux, o\u00f9 il est possible de participer \u00e0 des d\u00e9gustations et de d\u00e9couvrir les techniques de r\u00e9colte et d&rsquo;association avec les vins locaux, tels que le Barolo et le Barbaresco. De la m\u00eame mani\u00e8re, l&rsquo;Ombrie n&rsquo;est pas en reste. La zone de Norcia et les Monts Sibyllins sont c\u00e9l\u00e8bres pour la truffe noire, qui enrichit des plats typiques comme les p\u00e2tes \u00e0 la norcina et les bruschettas.<\/p>\n\n\n\n<h4 class=\"wp-block-heading\">Ch\u00e2taignes (Sardaigne)<\/h4>\n\n\n\n<p>En Sardaigne, l&rsquo;automne est la saison des ch\u00e2taignes, un fruit qui repr\u00e9sente un v\u00e9ritable symbole de la tradition gastronomique insulaire. Pendant cette p\u00e9riode, les for\u00eats sardes se remplissent de parfums enveloppants et les sentiers deviennent des lieux de cueillette pour ceux qui aiment cette d\u00e9licatesse.<\/p>\n\n\n\n<p>Les f\u00eates des ch\u00e2taignes, qui ont lieu dans divers villages de l&rsquo;\u00eele, offrent l&rsquo;opportunit\u00e9 de d\u00e9guster des plats typiques comme la soupe de ch\u00e2taignes, un plat chaud et r\u00e9confortant parfait pour l&rsquo;automne, ainsi que le g\u00e2teau traditionnel aux ch\u00e2taignes, une douceur qui conquiert tous les palais.<\/p>\n\n\n\n<hr class=\"wp-block-separator has-alpha-channel-opacity\"\/>\n\n\n\n<h3 class=\"wp-block-heading\">Conclusion<\/h3>\n\n\n\n<p>L&rsquo;automne est la saison parfaite pour explorer l&rsquo;Italie en camping-car ou caravane, en vous immergeant dans les couleurs de la nature, la richesse culturelle et les traditions gastronomiques que notre pays a \u00e0 offrir.<\/p>\n\n\n\n<p><a href=\"https:\/\/www.agricamper.com\/fr\/faq\/ou-telecharger-lapplication-agricamper\/\" title=\"\">T\u00e9l\u00e9chargez notre application<\/a> et <a href=\"https:\/\/www.agricamper.com\/fr\/produit\/agricamper-italia-guide-detapes-en-camping-car-en-italie\/\" title=\"\">achetez votre adh\u00e9sion \u00e0 Agricamper<\/a> : vos voyages seront plus confortables, avec des arr\u00eats gratuits dans de magnifiques fermes pr\u00eates \u00e0 vous accueillir.<\/p>\n\n\n\n<p>\u00cates-vous pr\u00eats \u00e0 partir? Les charmantes routes automnales d&rsquo;Italie vous attendent!<\/p>\n","protected":false},"excerpt":{"rendered":"<p>L&rsquo;automne en Italie est une saison enchant\u00e9e pour ceux qui aiment voyager en camping-car, caravane ou roulotte. Les journ\u00e9es deviennent plus fra\u00eeches, les paysages se parent de couleurs chaudes et vibrantes, et les lieux touristiques se vident, laissant place \u00e0 un tourisme plus paisible et relaxant. Dans cet article, nous explorerons les meilleures destinations italiennes [&hellip;]<\/p>\n","protected":false},"author":1,"featured_media":4009,"comment_status":"closed","ping_status":"closed","sticky":false,"template":"","format":"standard","meta":{"_acf_changed":false,"_breakdance_hide_in_design_set":false,"_breakdance_tags":"","footnotes":""},"categories":[347],"tags":[348,350,352,542,374,362],"class_list":["post-4015","post","type-post","status-publish","format-standard","has-post-thumbnail","hentry","category-voyage-en-camping-car-et-caravane-en-italie","tag-activites-dans-la-nature","tag-les-activites-culturelles","tag-plats-typiques","tag-villes-dart","tag-voyager-en-camping-car-et-en-caravane","tag-voyager-en-famille"],"acf":[],"_links":{"self":[{"href":"https:\/\/www.agricamper.com\/fr\/wp-json\/wp\/v2\/posts\/4015","targetHints":{"allow":["GET"]}}],"collection":[{"href":"https:\/\/www.agricamper.com\/fr\/wp-json\/wp\/v2\/posts"}],"about":[{"href":"https:\/\/www.agricamper.com\/fr\/wp-json\/wp\/v2\/types\/post"}],"author":[{"embeddable":true,"href":"https:\/\/www.agricamper.com\/fr\/wp-json\/wp\/v2\/users\/1"}],"replies":[{"embeddable":true,"href":"https:\/\/www.agricamper.com\/fr\/wp-json\/wp\/v2\/comments?post=4015"}],"version-history":[{"count":1,"href":"https:\/\/www.agricamper.com\/fr\/wp-json\/wp\/v2\/posts\/4015\/revisions"}],"predecessor-version":[{"id":4016,"href":"https:\/\/www.agricamper.com\/fr\/wp-json\/wp\/v2\/posts\/4015\/revisions\/4016"}],"wp:featuredmedia":[{"embeddable":true,"href":"https:\/\/www.agricamper.com\/fr\/wp-json\/wp\/v2\/media\/4009"}],"wp:attachment":[{"href":"https:\/\/www.agricamper.com\/fr\/wp-json\/wp\/v2\/media?parent=4015"}],"wp:term":[{"taxonomy":"category","embeddable":true,"href":"https:\/\/www.agricamper.com\/fr\/wp-json\/wp\/v2\/categories?post=4015"},{"taxonomy":"post_tag","embeddable":true,"href":"https:\/\/www.agricamper.com\/fr\/wp-json\/wp\/v2\/tags?post=4015"}],"curies":[{"name":"wp","href":"https:\/\/api.w.org\/{rel}","templated":true}]}}