{"id":3646,"date":"2024-03-04T07:00:00","date_gmt":"2024-03-04T07:00:00","guid":{"rendered":"https:\/\/www.agricamper.com\/la-calabre-sur-la-route-aventures-saveurs-et-histoires-a-vivre-en-camping-car-ou-en-caravane\/"},"modified":"2026-04-09T13:56:45","modified_gmt":"2026-04-09T13:56:45","slug":"la-calabre-sur-la-route-aventures-saveurs-et-histoires-a-vivre-en-camping-car-ou-en-caravane","status":"publish","type":"post","link":"https:\/\/www.agricamper.com\/fr\/get-inspired\/la-calabre-sur-la-route-aventures-saveurs-et-histoires-a-vivre-en-camping-car-ou-en-caravane\/","title":{"rendered":"La Calabre sur la route : aventures, saveurs et histoires \u00e0 vivre en camping-car ou en caravane"},"content":{"rendered":"\n<p>Amateurs de voyages sur la route, avez-vous d\u00e9j\u00e0 envisag\u00e9 la Calabre comme votre prochaine destination ? Cette r\u00e9gion, situ\u00e9e \u00e0 l&rsquo;extr\u00eame sud de l&rsquo;Italie, offre un m\u00e9lange parfait de mer cristalline, de montagnes charmantes, de richesses historiques et de d\u00e9lices culinaires. Et quoi de mieux que de l&rsquo;explorer en camping-car ou en caravane, en profitant de la libert\u00e9 de faire halte dans des fermes accueillantes gr\u00e2ce \u00e0 Agricamper ? <a href=\"https:\/\/www.agricamper-italia.com\/knowledge-base\/dove-scaricare-lapp-agricamper\/\">T\u00e9l\u00e9chargez notre application<\/a> et essayez la version de d\u00e9monstration pour d\u00e9couvrir les arr\u00eats disponibles en Calabre.<\/p>\n\n\n\n<!--more Continuer la lecture de-->\n\n\n\n<h2 class=\"wp-block-heading\">Les merveilles naturelles de la Calabre : une terre de contrastes inexplor\u00e9s<\/h2>\n\n\n\n<p>La Calabre, \u00e0 la pointe de la botte italienne, est une terre d&rsquo;une beaut\u00e9 naturelle extraordinaire offrant des paysages vari\u00e9s et \u00e0 couper le souffle, parfaits pour \u00eatre explor\u00e9s en camping-car ou en caravane. Cette r\u00e9gion, o\u00f9 le bleu profond de la mer rencontre le vert intense des montagnes, cache des coins de paradis qui n&rsquo;attendent que d&rsquo;\u00eatre d\u00e9couverts.<\/p>\n\n\n\n<h3 class=\"wp-block-heading\">La C\u00f4te des Dieux : un littoral de r\u00eave<\/h3>\n\n\n\n<p>La <a href=\"https:\/\/www.turismoincalabria.it\/itinerario.asp?itinerario=la-costa-degli-dei\" target=\"_blank\" rel=\"noreferrer noopener\">C\u00f4te des Dieux<\/a> s&rsquo;\u00e9tend le long de la c\u00f4te tyrrh\u00e9nienne de la Calabre, offrant des plages de sable blanc et des eaux cristallines. Parmi celles-ci, Tropea, connue sous le nom de Perle de la Tyrrh\u00e9nienne, est c\u00e9l\u00e8bre non seulement pour sa mer transparente mais aussi pour l&rsquo;imposant rocher sur lequel se trouve la vieille ville, surmont\u00e9e de l&rsquo;<a href=\"https:\/\/www.turismoincalabria.it\/la-perla-di-calabria.asp?perla=santuario-di-santa-maria-dell-isola\" target=\"_blank\" rel=\"noreferrer noopener\">\u00e9glise de Santa Maria dell&rsquo;Isola<\/a>. Au coucher du soleil, les couleurs du ciel et de la mer se fondent dans un spectacle naturel inoubliable.<\/p>\n\n\n\n<h3 class=\"wp-block-heading\">Le Parc National de la Sila : une immersion dans la nature sauvage<\/h3>\n\n\n\n<p>Au c\u0153ur de la Calabre se trouve le <a href=\"https:\/\/parcosila.it\/\" target=\"_blank\" rel=\"noreferrer noopener\">Parc National de la Sila<\/a>, une zone prot\u00e9g\u00e9e caract\u00e9ris\u00e9e par ses vastes plateaux et ses for\u00eats de conif\u00e8res denses. Ici, les amateurs de randonn\u00e9e et de nature peuvent parcourir de nombreux sentiers, comme celui menant au lac Arvo, un lac d&rsquo;origine glaciaire entour\u00e9 de vues \u00e0 couper le souffle. Le parc est \u00e9galement un habitat id\u00e9al pour une faune sauvage riche : il n&rsquo;est pas rare de rencontrer des loups, des aigles royaux et, si vous avez de la chance, le rarissime pic noir.<\/p>\n\n\n\n<h3 class=\"wp-block-heading\">L&rsquo;Aspromonte : entre cascades et anciens villages<\/h3>\n\n\n\n<p>L&rsquo;<a href=\"https:\/\/www.parconazionaleaspromonte.it\/\" target=\"_blank\" rel=\"noreferrer noopener\">Aspromonte<\/a>, \u00e0 l&rsquo;extr\u00e9mit\u00e9 m\u00e9ridionale de la Calabre, est un territoire montagneux qui surprend par sa vari\u00e9t\u00e9 de paysages : des sommets rocheux abrupts aux vall\u00e9es verdoyantes, des cascades spectaculaires comme celles du Maesano aux tranquilles villages de montagne o\u00f9 le temps semble s&rsquo;\u00eatre arr\u00eat\u00e9. Cette r\u00e9gion offre des sentiers de randonn\u00e9e qui permettent de se plonger enti\u00e8rement dans la nature sauvage et de d\u00e9couvrir l&rsquo;authenticit\u00e9 d&rsquo;une Calabre moins connue.<\/p>\n\n\n\n<h2 class=\"wp-block-heading\">Un plongeon dans l&rsquo;histoire : le riche patrimoine culturel de la Calabre<\/h2>\n\n\n\n<p>La Calabre n&rsquo;est pas seulement un tr\u00e9sor naturel, mais aussi un berceau de l&rsquo;histoire et de la culture qui puise ses racines dans des \u00e9poques lointaines, en faisant une destination incontournable pour les passionn\u00e9s d&rsquo;histoire qui voyagent sur la route. Cette r\u00e9gion, t\u00e9moin des anciennes civilisations et dominations, offre un voyage fascinant \u00e0 travers les si\u00e8cles, o\u00f9 chaque pierre, monument et site arch\u00e9ologique raconte une histoire. Du charme des anciennes civilisations grecques aux forteresses m\u00e9di\u00e9vales, chaque coin de cette terre a une histoire \u00e0 raconter, rendant chaque arr\u00eat une exp\u00e9rience unique et enrichissante.<\/p>\n\n\n\n<h3 class=\"wp-block-heading\">Les Bronzes de Riace : des chefs-d&rsquo;\u0153uvre de l&rsquo;Antiquit\u00e9<\/h3>\n\n\n\n<p>Une \u00e9tape incontournable pour ceux qui visitent la Calabre est le <a href=\"https:\/\/www.museoarcheologicoreggiocalabria.it\/\" target=\"_blank\" rel=\"noreferrer noopener\">Mus\u00e9e National de la Grande-Gr\u00e8ce<\/a> \u00e0 Reggio de Calabre, qui abrite les Bronzes de Riace, deux magnifiques statues en bronze datant du Ve si\u00e8cle av. J.-C. D\u00e9couverts en 1972 dans les eaux pr\u00e8s de Riace, ces chefs-d&rsquo;\u0153uvre de l&rsquo;art antique offrent un aper\u00e7u direct de l&rsquo;habilet\u00e9 sculpturale des ma\u00eetres grecs et du lien profond entre la Calabre et la culture hell\u00e9nique.<\/p>\n\n\n\n<h3 class=\"wp-block-heading\">Le Ch\u00e2teau Aragonais de Le Castella : une forteresse en mer<\/h3>\n\n\n\n<p>Situ\u00e9 sur une \u00eele reli\u00e9e \u00e0 la terre ferme uniquement par une \u00e9troite bande de sable, le <a href=\"https:\/\/www.turismoincalabria.it\/itinerario.asp?itinerario=le-castella-e-il-castello-aragonese\" target=\"_blank\" rel=\"noreferrer noopener\">Ch\u00e2teau Aragonais de Le Castella<\/a> est une imposante forteresse dominant le paysage environnant. Cette forteresse, qui a vu des si\u00e8cles d&rsquo;histoire, des combats contre les pirates aux dominations aragonaises, est un lieu fascinant o\u00f9 le temps semble s&rsquo;\u00eatre arr\u00eat\u00e9.<\/p>\n\n\n\n<h3 class=\"wp-block-heading\">Les Fouilles de Sibari : traces d&rsquo;une civilisation perdue<\/h3>\n\n\n\n<p>Les <a href=\"https:\/\/parcosibari.it\/\" target=\"_blank\" rel=\"noreferrer noopener\">fouilles de Sibari<\/a>, l&rsquo;un des sites arch\u00e9ologiques les plus importants d&rsquo;Italie, offrent l&rsquo;opportunit\u00e9 d&rsquo;explorer les vestiges d&rsquo;une des villes les plus puissantes de la Grande-Gr\u00e8ce. Fond\u00e9e au VIIIe si\u00e8cle av. J.-C., Sibari fut un centre commercial et culturel de premier plan avant d&rsquo;\u00eatre d\u00e9truit et submerg\u00e9 par ses propres habitants. Aujourd&rsquo;hui, en se promenant parmi les ruines, on peut admirer l&rsquo;ing\u00e9niosit\u00e9 urbanistique et la grandeur de cette ancienne civilisation.<\/p>\n\n\n\n<h3 class=\"wp-block-heading\">Gerace : un village m\u00e9di\u00e9val suspendu dans le temps<\/h3>\n\n\n\n<p>Au c\u0153ur de la Locride se dresse Gerace, un village m\u00e9di\u00e9val qui conserve intact son charme historique. Caract\u00e9ris\u00e9e par des ruelles \u00e9troites, des maisons en pierre et de magnifiques \u00e9glises, dont se distingue la <a href=\"https:\/\/turismo.reggiocal.it\/cultura\/le-chiese-e-i-monasteri\/cattedrale-di-gerace\" target=\"_blank\" rel=\"noreferrer noopener\">Cath\u00e9drale de Santa Maria Assunta<\/a>, l&rsquo;un des exemples les plus significatifs d&rsquo;architecture normande dans le sud de l&rsquo;Italie, Gerace est un v\u00e9ritable joyau historique. La visite de ce village est non seulement l&rsquo;occasion de d\u00e9couvrir l&rsquo;architecture et l&rsquo;art m\u00e9di\u00e9val, mais aussi de profiter de vues \u00e0 couper le souffle sur la c\u00f4te ionienne.<\/p>\n\n\n\n<h2 class=\"wp-block-heading\">D\u00e9couvrir les villes calabraises : culture, histoire et vues \u00e0 couper le souffle<\/h2>\n\n\n\n<p>La Calabre est \u00e9galement une terre de villes riches en histoire, culture et traditions. Chaque ville calabraise a sa propre identit\u00e9 unique, offrant aux voyageurs une large gamme d&rsquo;exp\u00e9riences \u00e0 vivre et de lieux \u00e0 explorer. Voici quelques-unes des principales villes \u00e0 ne pas manquer lors de votre voyage sur la route dans cette r\u00e9gion fascinante.<\/p>\n\n\n\n<h3 class=\"wp-block-heading\">Reggio de Calabre : entre mer et culture<\/h3>\n\n\n\n<p>Surplombant le d\u00e9troit qui s\u00e9pare la Calabre de la Sicile, Reggio de Calabre est c\u00e9l\u00e8bre non seulement pour sa magnifique promenade, consid\u00e9r\u00e9e comme l&rsquo;une des plus belles d&rsquo;Italie, mais aussi pour son riche patrimoine culturel. Outre le c\u00e9l\u00e8bre Mus\u00e9e National de la Grande-Gr\u00e8ce, un autre joyau \u00e0 ne pas manquer est le <a href=\"https:\/\/turismo.reggiocal.it\/cultura\/castelli-e-fortificazioni\/castello-aragonese\" target=\"_blank\" rel=\"noreferrer noopener\">Ch\u00e2teau Aragonais<\/a>. Cette ancienne forteresse, t\u00e9moin des diff\u00e9rentes \u00e9poques historiques qui ont marqu\u00e9 la ville, offre aux visiteurs l&rsquo;occasion de plonger dans l&rsquo;histoire \u00e0 travers ses imposants remparts et tours.<\/p>\n\n\n\n<h3 class=\"wp-block-heading\">Cosenza : un pont entre pass\u00e9 et pr\u00e9sent<\/h3>\n\n\n\n<p>Cosenza, situ\u00e9e dans l&rsquo;arri\u00e8re-pays calabrais, est une ville qui enchante par son m\u00e9lange d&rsquo;histoire, d&rsquo;art et de nature. Le centre historique, domin\u00e9 par le <a href=\"http:\/\/www.castellocosenza.it\/\" target=\"_blank\" rel=\"noreferrer noopener\">Ch\u00e2teau Normand-Su\u00e9dois<\/a>, offre des vues pittoresques et des monuments qui racontent des si\u00e8cles d&rsquo;histoire. \u00c0 ne pas manquer \u00e9galement, le <a href=\"https:\/\/calabriastraordinaria.it\/luoghi\/mab-museo-allaperto-bilotti-cosenza\" target=\"_blank\" rel=\"noreferrer noopener\">Mus\u00e9e en plein air Bilotti<\/a> (MAB), une exposition permanente de sculptures modernes ornant le Corso Mazzini, rendant l&rsquo;art accessible \u00e0 tous.<\/p>\n\n\n\n<h3 class=\"wp-block-heading\">Catanzaro : le c\u0153ur de la Calabre<\/h3>\n\n\n\n<p>Catanzaro, la capitale de la r\u00e9gion, est connue comme la ville des deux mers, \u00e9tant situ\u00e9e entre la mer Ionienne et la mer Tyrrh\u00e9nienne. Parmi les points d&rsquo;int\u00e9r\u00eat, on trouve le <a href=\"https:\/\/calabriastraordinaria.it\/luoghi\/parco-della-biodiversita-mediterranea-catanzaro\" target=\"_blank\" rel=\"noreferrer noopener\">Parc de la Biodiversit\u00e9 M\u00e9diterran\u00e9enne<\/a>, un vaste espace vert abritant des esp\u00e8ces v\u00e9g\u00e9tales typiques de la M\u00e9diterran\u00e9e et des zones d\u00e9di\u00e9es \u00e0 la d\u00e9tente et au sport.<\/p>\n\n\n\n<h3 class=\"wp-block-heading\">Lamezia Terme : carrefour d&rsquo;histoire et de thermes<\/h3>\n\n\n\n<p>Lamezia Terme, important n\u0153ud ferroviaire et a\u00e9roportuaire, est \u00e9galement une ville avec un int\u00e9ressant patrimoine historique et culturel. Les ruines de l&rsquo;<a href=\"https:\/\/calabriastraordinaria.it\/luoghi\/abbazia-benedettina-di-santeufemia-lamezia-terme\" target=\"_blank\" rel=\"noreferrer noopener\">Abbaye b\u00e9n\u00e9dictine de Santa Eufemia<\/a> offrent un aper\u00e7u de la vie monastique m\u00e9di\u00e9vale, tandis que, non loin de la ville, le Ch\u00e2teau Normand t\u00e9moigne de l&rsquo;importance militaire strat\u00e9gique de Lamezia Terme au fil des si\u00e8cles.<\/p>\n\n\n\n<h2 class=\"wp-block-heading\">\u00c0 la d\u00e9couverte des saveurs authentiques de la Calabre<\/h2>\n\n\n\n<p>Voyager en Calabre signifie \u00e9galement entreprendre un voyage culinaire \u00e0 travers des saveurs intenses et des traditions gastronomiques ancr\u00e9es. La cuisine calabraise, connue pour son caract\u00e8re affirm\u00e9 et ses recettes riches en histoire, vous invite \u00e0 une exploration gustative qui saura satisfaire tous les palais.<\/p>\n\n\n\n<p>Un incontournable pour les amateurs de piquant est la &lsquo;nduja de Spilinga, un salami doux et \u00e9 pic\u00e9, fleuron de la gastronomie locale. Parfait \u00e9tal\u00e9 sur une tranche de pain maison ou comme assaisonnement pour les plats de p\u00e2tes, la &lsquo;nduja repr\u00e9sente l&rsquo;\u00e2me ardente de la Calabre.<\/p>\n\n\n\n<p>Non moins important est le Pecorino del Monte Poro, un fromage au go\u00fbt intense et \u00e0 la texture granuleuse, produit dans les zones montagneuses de la Calabre.<\/p>\n\n\n\n<p>Et pour terminer le repas, laissez-vous tenter par les desserts traditionnels calabrais. De la glace \u00e0 la cedrata, pr\u00e9par\u00e9e avec les c\u00e9l\u00e8bres c\u00e9drats de la Riviera dei Cedri, aux mostaccioli et aux truffes de Pizzo, de petites d\u00e9lices qui renferment les saveurs et les parfums de cette terre, chaque dessert est une f\u00eate pour les sens.<\/p>\n\n\n\n<h2 class=\"wp-block-heading\">Conclusion<\/h2>\n\n\n\n<p>N&rsquo;attendez plus ! <a href=\"https:\/\/www.agricamper-italia.com\/knowledge-base\/dove-scaricare-lapp-agricamper\/\">T\u00e9l\u00e9chargez l&rsquo;application Agricamper<\/a> pour avoir un aper\u00e7u des fonctionnalit\u00e9s et d\u00e9couvrir o\u00f9 se trouvent les arr\u00eats gratuits en Calabre.<\/p>\n\n\n\n<p>Et si vous \u00eates pr\u00eats pour l&rsquo;aventure, <a href=\"https:\/\/www.agricamper-italia.com\/prodotto\/guida-camper-soste-rurali-campagna\/\">achetez l&rsquo;adh\u00e9sion \u00e0 Agricamper<\/a> pour acc\u00e9der \u00e0 toutes les informations et partir \u00e0 la d\u00e9couverte de la Calabre en camping-car ou en caravane. La libert\u00e9 d&rsquo;explorer, de faire halte dans la nature et de vivre des exp\u00e9riences authentiques vous attend.<\/p>\n","protected":false},"excerpt":{"rendered":"<p>Amateurs de voyages sur la route, avez-vous d\u00e9j\u00e0 envisag\u00e9 la Calabre comme votre prochaine destination ? Cette r\u00e9gion, situ\u00e9e \u00e0 l&rsquo;extr\u00eame sud de l&rsquo;Italie, offre un m\u00e9lange parfait de mer cristalline, de montagnes charmantes, de richesses historiques et de d\u00e9lices culinaires. Et quoi de mieux que de l&rsquo;explorer en camping-car ou en caravane, en profitant [&hellip;]<\/p>\n","protected":false},"author":1,"featured_media":3638,"comment_status":"closed","ping_status":"closed","sticky":false,"template":"","format":"standard","meta":{"_acf_changed":false,"_breakdance_hide_in_design_set":false,"_breakdance_tags":"","footnotes":""},"categories":[347],"tags":[348,472,381,350,373,352,374,362],"class_list":["post-3646","post","type-post","status-publish","format-standard","has-post-thumbnail","hentry","category-voyage-en-camping-car-et-caravane-en-italie","tag-activites-dans-la-nature","tag-calabre","tag-italie-du-sud","tag-les-activites-culturelles","tag-monuments-historiques","tag-plats-typiques","tag-voyager-en-camping-car-et-en-caravane","tag-voyager-en-famille"],"acf":[],"_links":{"self":[{"href":"https:\/\/www.agricamper.com\/fr\/wp-json\/wp\/v2\/posts\/3646","targetHints":{"allow":["GET"]}}],"collection":[{"href":"https:\/\/www.agricamper.com\/fr\/wp-json\/wp\/v2\/posts"}],"about":[{"href":"https:\/\/www.agricamper.com\/fr\/wp-json\/wp\/v2\/types\/post"}],"author":[{"embeddable":true,"href":"https:\/\/www.agricamper.com\/fr\/wp-json\/wp\/v2\/users\/1"}],"replies":[{"embeddable":true,"href":"https:\/\/www.agricamper.com\/fr\/wp-json\/wp\/v2\/comments?post=3646"}],"version-history":[{"count":1,"href":"https:\/\/www.agricamper.com\/fr\/wp-json\/wp\/v2\/posts\/3646\/revisions"}],"predecessor-version":[{"id":3647,"href":"https:\/\/www.agricamper.com\/fr\/wp-json\/wp\/v2\/posts\/3646\/revisions\/3647"}],"wp:featuredmedia":[{"embeddable":true,"href":"https:\/\/www.agricamper.com\/fr\/wp-json\/wp\/v2\/media\/3638"}],"wp:attachment":[{"href":"https:\/\/www.agricamper.com\/fr\/wp-json\/wp\/v2\/media?parent=3646"}],"wp:term":[{"taxonomy":"category","embeddable":true,"href":"https:\/\/www.agricamper.com\/fr\/wp-json\/wp\/v2\/categories?post=3646"},{"taxonomy":"post_tag","embeddable":true,"href":"https:\/\/www.agricamper.com\/fr\/wp-json\/wp\/v2\/tags?post=3646"}],"curies":[{"name":"wp","href":"https:\/\/api.w.org\/{rel}","templated":true}]}}