{"id":3562,"date":"2024-02-05T07:00:00","date_gmt":"2024-02-05T07:00:00","guid":{"rendered":"https:\/\/www.agricamper.com\/decouvrez-les-merveilles-des-marches-un-voyage-en-camping-car-a-travers-lart-la-mer-et-la-nature\/"},"modified":"2026-04-09T13:56:15","modified_gmt":"2026-04-09T13:56:15","slug":"decouvrez-les-merveilles-des-marches-un-voyage-en-camping-car-a-travers-lart-la-mer-et-la-nature","status":"publish","type":"post","link":"https:\/\/www.agricamper.com\/fr\/get-inspired\/decouvrez-les-merveilles-des-marches-un-voyage-en-camping-car-a-travers-lart-la-mer-et-la-nature\/","title":{"rendered":"D\u00e9couvrez les merveilles des Marches : un voyage en camping-car \u00e0 travers l&rsquo;art, la mer et la nature"},"content":{"rendered":"\n<p>Si vous faites partie de ceux qui aiment voyager en Italie en camping-car ou en caravane, alors les Marches sont une v\u00e9ritable perle \u00e0 d\u00e9couvrir. Cette r\u00e9gion au c\u0153ur de l&rsquo;Italie offre des paysages \u00e0 couper le souffle, des villages pittoresques et une culture riche \u00e0 explorer. Et quel meilleur moyen de le faire qu&rsquo;avec Agricamper, qui vous offre la possibilit\u00e9 de stationner gratuitement pendant 24 heures dans des fermes de toute la r\u00e9gion ? Il est temps de planifier votre inoubliable voyage en camping-car dans les Marches ! Pour avoir un aper\u00e7u des possibilit\u00e9s et de tous les arr\u00eats disponibles dans cette r\u00e9gion, nous vous invitons \u00e0 t\u00e9l\u00e9charger l&rsquo;application Agricamper et \u00e0 essayer la version d\u00e9mo.<\/p>\n\n\n\n<!--more Continuer la lecture de-->\n\n\n\n<h2 class=\"wp-block-heading\"><strong>Pr\u00e9parez votre camping-car et d\u00e9couvrons ensemble les Marches !<\/strong><\/h2>\n\n\n\n<h3 class=\"wp-block-heading\">Ancone : la porte de l&rsquo;est<\/h3>\n\n\n\n<p>Commencez votre voyage \u00e0 Anc\u00f4ne, une ville portuaire historique et culturellement riche, et la capitale des Marches. Une fois votre camping-car gar\u00e9, explorez le centre historique avec son majestueux <a href=\"https:\/\/anconatourism.it\/arte-e-cultura\/monumenti\/arco-di-traiano\/\" target=\"_blank\" rel=\"noreferrer noopener\">Arc de Trajan<\/a>, qui remonte au Ier si\u00e8cle apr\u00e8s J.-C. et t\u00e9moigne du pass\u00e9 romain de la ville. Promenez-vous sur la <a href=\"https:\/\/anconatourism.it\/arte-e-cultura\/piazze\/#piazza-plebiscito\" target=\"_blank\" rel=\"noreferrer noopener\">Piazza del Plebiscito<\/a>, le c\u0153ur anim\u00e9 d&rsquo;Anc\u00f4ne. Vous y trouverez de nombreux caf\u00e9s et restaurants o\u00f9 vous pourrez d\u00e9guster des sp\u00e9cialit\u00e9s locales comme le \u00ab\u00a0brodetto\u00a0\u00bb.<\/p>\n\n\n\n<h3 class=\"wp-block-heading\">Ascoli Piceno : le c\u0153ur des Marches<\/h3>\n\n\n\n<p>Ascoli Piceno est une perle m\u00e9di\u00e9vale pleine de charme et d&rsquo;histoire. Visitez la <a href=\"https:\/\/visitascoli.it\/punti-interesse\/tra-i-luoghi-da-non-perdere-ad-ascoli-piceno-il-principale-e-di-certo-piazza-del-popolo\/\" target=\"_blank\" rel=\"noreferrer noopener\">Piazza del Popolo<\/a>, l&rsquo;une des plus belles places d&rsquo;Italie, et installez-vous dans l&rsquo;un des bars environnants. Admirez l&rsquo;\u00c9glise de San Francesco, un chef-d&rsquo;\u0153uvre de l&rsquo;architecture gothique avec des \u0153uvres d&rsquo;art importantes, notamment des peintures et des sculptures. Avant de quitter Ascoli, n&rsquo;oubliez pas de d\u00e9guster les c\u00e9l\u00e8bres \u00ab\u00a0olive ascolane\u00a0\u00bb, une sp\u00e9cialit\u00e9 locale.<\/p>\n\n\n\n<h3 class=\"wp-block-heading\">Fermo : art et histoire<\/h3>\n\n\n\n<p>Fermo est une ville qui vous fascinera par son art et son histoire. Admirez la <a href=\"https:\/\/www.turismo.marche.it\/it-it\/Cosa-vedere\/Attrazioni\/Cattedrale-di-Santa-Maria-Assunta-in-Cielo\/280\" target=\"_blank\" rel=\"noreferrer noopener\">cath\u00e9drale de Fermo<\/a>, un imposant chef-d&rsquo;\u0153uvre de l&rsquo;architecture romane et gothique, ainsi que le <a href=\"https:\/\/www.fermomusei.it\/musei\/palazzo-dei-priori\/\" target=\"_blank\" rel=\"noreferrer noopener\">Palais des Prieurs<\/a> avec sa prestigieuse <a href=\"https:\/\/www.fermomusei.it\/musei\/la-sala-del-mappamondo\/\" target=\"_blank\" rel=\"noreferrer noopener\">Salle de la Mappemonde<\/a>, nomm\u00e9e d&rsquo;apr\u00e8s la mappemonde cr\u00e9\u00e9e en 1713 par le cartographe Silvestro Amanzio Moroncelli, avec un diam\u00e8tre d&rsquo;environ deux m\u00e8tres et un magnifique artisanat. Terminez votre journ\u00e9e en vous promenant dans les jardins de <a href=\"https:\/\/www.visitfermo.it\/it\/poi\/villa-vitali\" target=\"_blank\" rel=\"noreferrer noopener\">Villa Vitali<\/a> pour une pause naturelle entour\u00e9e de plantes et de fleurs provenant de diff\u00e9rentes parties du monde.<\/p>\n\n\n\n<h3 class=\"wp-block-heading\">Macerata : th\u00e9\u00e2tre et beaut\u00e9<\/h3>\n\n\n\n<p>Macerata est connue pour sa vie culturelle et sa beaut\u00e9 architecturale. Apr\u00e8s avoir gar\u00e9 votre caravane, visitez l&rsquo; <a href=\"https:\/\/musei.macerata.it\/rete-museale-di-macerata\/arena-sferisterio\/\" target=\"_blank\" rel=\"noreferrer noopener\">Arena Sferisterio<\/a>, un th\u00e9\u00e2tre en plein air extraordinaire r\u00e9put\u00e9 pour ses productions d&rsquo;op\u00e9ra estivales. Ensuite, rendez-vous au <a href=\"https:\/\/musei.macerata.it\/rete-museale-di-macerata\/palazzo-buonaccorsi\/\" target=\"_blank\" rel=\"noreferrer noopener\">Palais Buonaccorsi<\/a>, qui abrite les mus\u00e9es municipaux, et continuez \u00e0 explorer cette ville avec la <a href=\"https:\/\/www.turismo.marche.it\/it-it\/Cosa-vedere\/Attrazioni\/Cattedrale-di-San-Giuliano\/127\" target=\"_blank\" rel=\"noreferrer noopener\">Basilique San Giuliano<\/a>, l&rsquo;un des lieux de culte les plus importants de Macerata avec des fresques d\u00e9coratives et des \u0153uvres d&rsquo;art religieux \u00e0 l&rsquo;int\u00e9rieur.<\/p>\n\n\n\n<h3 class=\"wp-block-heading\">Gradara : traces historiques d&rsquo;un amour \u00e9ternel<\/h3>\n\n\n\n<p>Visitez le <a href=\"https:\/\/www.castellodigradara.it\/\" target=\"_blank\" rel=\"noreferrer noopener\">ch\u00e2teau de Gradara<\/a>, le joyau de la ville devenu c\u00e9l\u00e8bre comme le lieu o\u00f9 se sont d\u00e9roul\u00e9s les \u00e9v\u00e9nements tragiques de l&rsquo;amour entre Paolo et Francesca, tels que d\u00e9crits par Dante dans la Divine Com\u00e9die. Admirez l&rsquo;int\u00e9rieur bien pr\u00e9serv\u00e9 et montez sur les remparts de la ville pour une vue panoramique spectaculaire sur la campagne environnante et la mer. Poursuivez votre journ\u00e9e sur la Piazza della Signoria, admirez le centre historique et son architecture m\u00e9di\u00e9vale, et d\u00e9gustez la cuisine locale dans l&rsquo;un des caf\u00e9s et restaurants de la place.<\/p>\n\n\n\n<h3 class=\"wp-block-heading\">Pesaro : mer et culture<\/h3>\n\n\n\n<p>Pesaro offre une combinaison captivante de culture et de mer. Commencez votre visite \u00e0 Pesaro en explorant la <a href=\"https:\/\/pesaromusei.it\/casa-rossini\/\" target=\"_blank\" rel=\"noreferrer noopener\">maison-mus\u00e9e de Gioachino Rossini<\/a>, le c\u00e9l\u00e8bre compositeur italien. Apr\u00e8s avoir d\u00e9couvert l&rsquo;h\u00e9ritage musical de Rossini, et avant de retourner \u00e0 votre camping-car, profitez d&rsquo;une pause sur la plage de Pesaro, l&rsquo;endroit id\u00e9al pour vous d\u00e9tendre, bronzer et nager dans les eaux cristallines de la mer Adriatique.<\/p>\n\n\n\n<h3 class=\"wp-block-heading\">Urbino : art et beaut\u00e9 de la Renaissance<\/h3>\n\n\n\n<p>Urbino est une ville qui vous plonge dans l&rsquo;art et la beaut\u00e9 de la Renaissance italienne. Commencez votre visite en explorant le <a href=\"http:\/\/www.gallerianazionalemarche.it\/palazzo-ducale\/\" target=\"_blank\" rel=\"noreferrer noopener\">Palais Ducal<\/a>, l&rsquo;une des principales attractions d&rsquo;Urbino et un chef-d&rsquo;\u0153uvre de l&rsquo;architecture de la Renaissance construit pour Federico da Montefeltro, le c\u00e9l\u00e8bre duc d&rsquo;Urbino. Promenez-vous dans les ruelles pittoresques du centre historique, class\u00e9 au patrimoine mondial de l&rsquo;UNESCO. Admirez les b\u00e2timents bien conserv\u00e9s, les places accueillantes et l&rsquo;atmosph\u00e8re unique que cette ville de la Renaissance a \u00e0 offrir.<\/p>\n\n\n\n<h2 class=\"wp-block-heading\">Conclusion<\/h2>\n\n\n\n<p>La r\u00e9gion des Marches offre une incroyable diversit\u00e9 d&rsquo;exp\u00e9riences et de lieux \u00e0 d\u00e9couvrir lors de votre voyage en camping-car ou en caravane. Maintenant que vous avez un aper\u00e7u de ce que vous pouvez faire et voir dans chaque province, il est temps de planifier votre voyage parfait. Et n&rsquo;oubliez pas, Agricamper vous offre la possibilit\u00e9 de stationner gratuitement en pleine nature dans des fermes de toute la r\u00e9gion, ce qui rendra votre voyage encore plus sp\u00e9cial. <a href=\"https:\/\/www.agricamper-italia.com\/knowledge-base\/dove-scaricare-lapp-agricamper\/\">T\u00e9l\u00e9chargez notre application<\/a> et consultez la carte pour trouver les installations o\u00f9 vous pouvez passer la nuit gratuitement dans les Marches et dans toute l&rsquo;Italie.<\/p>\n\n\n\n<p>Qu&rsquo;attendez-vous ? <a href=\"https:\/\/www.agricamper-italia.com\/prodotto\/guida-camper-soste-rurali-campagna\/\">Achetez votre adh\u00e9sion Agricamper<\/a> pour vivre une aventure unique et commencez votre voyage d\u00e8s aujourd&rsquo;hui !<\/p>\n","protected":false},"excerpt":{"rendered":"<p>Si vous faites partie de ceux qui aiment voyager en Italie en camping-car ou en caravane, alors les Marches sont une v\u00e9ritable perle \u00e0 d\u00e9couvrir. Cette r\u00e9gion au c\u0153ur de l&rsquo;Italie offre des paysages \u00e0 couper le souffle, des villages pittoresques et une culture riche \u00e0 explorer. Et quel meilleur moyen de le faire qu&rsquo;avec [&hellip;]<\/p>\n","protected":false},"author":1,"featured_media":3525,"comment_status":"closed","ping_status":"closed","sticky":false,"template":"","format":"standard","meta":{"_acf_changed":false,"_breakdance_hide_in_design_set":false,"_breakdance_tags":"","footnotes":""},"categories":[347],"tags":[369,350,443,373,352,374,362],"class_list":["post-3562","post","type-post","status-publish","format-standard","has-post-thumbnail","hentry","category-voyage-en-camping-car-et-caravane-en-italie","tag-italie-centrale","tag-les-activites-culturelles","tag-marches","tag-monuments-historiques","tag-plats-typiques","tag-voyager-en-camping-car-et-en-caravane","tag-voyager-en-famille"],"acf":[],"_links":{"self":[{"href":"https:\/\/www.agricamper.com\/fr\/wp-json\/wp\/v2\/posts\/3562","targetHints":{"allow":["GET"]}}],"collection":[{"href":"https:\/\/www.agricamper.com\/fr\/wp-json\/wp\/v2\/posts"}],"about":[{"href":"https:\/\/www.agricamper.com\/fr\/wp-json\/wp\/v2\/types\/post"}],"author":[{"embeddable":true,"href":"https:\/\/www.agricamper.com\/fr\/wp-json\/wp\/v2\/users\/1"}],"replies":[{"embeddable":true,"href":"https:\/\/www.agricamper.com\/fr\/wp-json\/wp\/v2\/comments?post=3562"}],"version-history":[{"count":1,"href":"https:\/\/www.agricamper.com\/fr\/wp-json\/wp\/v2\/posts\/3562\/revisions"}],"predecessor-version":[{"id":3563,"href":"https:\/\/www.agricamper.com\/fr\/wp-json\/wp\/v2\/posts\/3562\/revisions\/3563"}],"wp:featuredmedia":[{"embeddable":true,"href":"https:\/\/www.agricamper.com\/fr\/wp-json\/wp\/v2\/media\/3525"}],"wp:attachment":[{"href":"https:\/\/www.agricamper.com\/fr\/wp-json\/wp\/v2\/media?parent=3562"}],"wp:term":[{"taxonomy":"category","embeddable":true,"href":"https:\/\/www.agricamper.com\/fr\/wp-json\/wp\/v2\/categories?post=3562"},{"taxonomy":"post_tag","embeddable":true,"href":"https:\/\/www.agricamper.com\/fr\/wp-json\/wp\/v2\/tags?post=3562"}],"curies":[{"name":"wp","href":"https:\/\/api.w.org\/{rel}","templated":true}]}}