{"id":3376,"date":"2023-07-27T13:11:57","date_gmt":"2023-07-27T13:11:57","guid":{"rendered":"https:\/\/www.agricamper.com\/10-conseils-pour-visiter-le-trentin-haut-adige-en-camping-car-ou-en-caravane\/"},"modified":"2026-04-09T13:55:40","modified_gmt":"2026-04-09T13:55:40","slug":"10-conseils-pour-visiter-le-trentin-haut-adige-en-camping-car-ou-en-caravane","status":"publish","type":"post","link":"https:\/\/www.agricamper.com\/fr\/get-inspired\/10-conseils-pour-visiter-le-trentin-haut-adige-en-camping-car-ou-en-caravane\/","title":{"rendered":"10 conseils pour visiter le Trentin-Haut-Adige en camping-car ou en caravane"},"content":{"rendered":"\n<p>Bienvenue aux campeurs et aux voyageurs passionn\u00e9s ! Si vous avez toujours voulu d\u00e9couvrir la <strong>beaut\u00e9 intacte du Trentin-Haut-Adige<\/strong> en camping-car ou en caravane, cet article est exactement ce qu&rsquo;il vous faut. Le Trentin-Haut-Adige est une destination magique qui vous procurera des \u00e9motions incomparables : des paysages \u00e0 couper le souffle, une culture riche et des plats locaux irr\u00e9sistibles.<\/p>\n\n<p>Gr\u00e2ce \u00e0 <strong>Agricamper<\/strong>, vous pouvez vivre une exp\u00e9rience unique en<strong> s\u00e9journant gratuitement pendant 24 heures dans des fermes diss\u00e9min\u00e9es dans toute la r\u00e9gion<\/strong>. Mais sans plus attendre, nous vous emmenons \u00e0 la d\u00e9couverte de 6 choses incontournables \u00e0 faire et \u00e0 voir dans le Trentin-Haut-Adige.<\/p>\n\n<!--more-->\n\n<h2 class=\"wp-block-heading\">\u00c0 la recherche de tr\u00e9sors \u00e0 Trente<\/h2>\n\n<h3 class=\"wp-block-heading\">Explorer le majestueux ch\u00e2teau de Buonconsiglio<\/h3>\n\n<p>Nous commen\u00e7ons notre aventure \u00e0 <strong>Trente<\/strong>, la capitale de la r\u00e9gion, o\u00f9 l&rsquo;histoire et l&rsquo;architecture se m\u00ealent de mani\u00e8re fascinante. L&rsquo;un des joyaux les plus pr\u00e9cieux est le <a href=\"https:\/\/www.buonconsiglio.it\/\" target=\"_blank\" rel=\"noreferrer noopener\">\n  <strong>ch\u00e2teau de Buonconsiglio<\/strong>\n<\/a>une magnifique <strong>forteresse datant du 13e si\u00e8cle<\/strong>. Faites un saut dans le pass\u00e9 en explorant ses salles d\u00e9cor\u00e9es de fresques, qui racontent l&rsquo;histoire de princes et de puissants seigneurs.<\/p>\n\n<h4 class=\"wp-block-heading\">L&rsquo;incroyable cycle des mois et la magie des saisons<\/h4>\n\n<p>L&rsquo;un des <strong>moments les plus magiques<\/strong> \u00e0 l&rsquo;int\u00e9rieur du ch\u00e2teau du Buonconsiglio est la rencontre avec le<strong>\u00ab\u00a0cycle des mois<\/strong>\u00ab\u00a0. Cette extraordinaire <strong>s\u00e9rie de fresques<\/strong> vous fera vivre un passionnant voyage \u00e0 travers les saisons. Chaque tableau repr\u00e9sente les activit\u00e9s typiques d&rsquo;un mois de l&rsquo;ann\u00e9e, vous plongeant ainsi dans les traditions et les coutumes d&rsquo;une \u00e9poque r\u00e9volue.<br\/>L&rsquo;habilet\u00e9 des artistes de la Renaissance qui ont cr\u00e9\u00e9 ces chefs-d&rsquo;\u0153uvre est stup\u00e9fiante, et vous aurez l&rsquo;impression de faire partie de ces sc\u00e8nes anim\u00e9es. Ce cycle fascinant vous fera appr\u00e9cier encore plus la nature et les cycles de la vie, en vous transportant dans une exp\u00e9rience sensorielle unique.<\/p>\n\n<h4 class=\"wp-block-heading\">La Tour de l&rsquo;Aigle : une vue imprenable sur le Trentin<\/h4>\n\n<p>Grimpez au sommet de la<strong>\u00ab\u00a0Tour de l&rsquo;aigle<\/strong>\u00a0\u00bb et laissez-vous s\u00e9duire par le <strong>panorama \u00e0 couper le souffle<\/strong> qui s&rsquo;offre \u00e0 vous. Du sommet, la vue sur la ville de Trente et les majestueux sommets des Dolomites vous laissera bouche b\u00e9e. Vous pourrez apercevoir les toits des b\u00e2timents historiques color\u00e9s de Trente, les prairies verdoyantes environnantes et les vall\u00e9es qui s&rsquo;\u00e9tendent \u00e0 l&rsquo;horizon.<br\/>Le sentiment de dominer cette merveilleuse r\u00e9gion depuis le ciel vous donnera l&rsquo;impression d&rsquo;\u00eatre le v\u00e9ritable ma\u00eetre de ce paysage spectaculaire. Ce moment sp\u00e9cial restera dans votre esprit et votre c\u0153ur, faisant de votre voyage en camping-car dans le Trentin-Tyrol du Sud une exp\u00e9rience inoubliable.<\/p>\n\n<h3 class=\"wp-block-heading\">Promenade enchant\u00e9e \u00e0 travers les arcades de la Piazza Duomo et le fleuve Adige<\/h3>\n\n<p>En poursuivant votre voyage au c\u0153ur de Trente, vous ne pourrez pas manquer d&rsquo;explorer le <strong>magnifique jardin secret<\/strong> situ\u00e9 juste <strong>derri\u00e8re la Piazza Duomo<\/strong>. Ce joyau cach\u00e9 vous accueillera dans une symphonie de couleurs et de senteurs, cr\u00e9ant une atmosph\u00e8re enchant\u00e9e id\u00e9ale pour une promenade romantique ou une pause relaxante. Vous y <strong>d\u00e9couvrirez des plantes rares<\/strong> du monde entier, des fontaines \u00e9tincelantes et des am\u00e9nagements paysagers qui vous transporteront dans une \u00e9poque r\u00e9volue. Avec des stands de produits locaux et d&rsquo;artisanat, plongez dans le charme de la tradition du Trentin et laissez-vous envo\u00fbter par les secrets de ce jardin fascinant.<\/p>\n\n<p>Apr\u00e8s avoir d\u00e9gust\u00e9 une glace maison sur la tr\u00e8s anim\u00e9e Piazza Duomo, faites une petite <strong>promenade jusqu&rsquo;\u00e0 la pittoresque rive de l&rsquo;Adige<\/strong>. Cette rive pittoresque offre une vue imprenable sur la ville et les majestueuses montagnes qui l&rsquo;entourent. Vous aurez la possibilit\u00e9 de <strong>louer un<\/strong> v\u00e9lo et de vous promener sur les pistes cyclables pittoresques, ou de faire une <strong>croisi\u00e8re tranquille<\/strong> sur les eaux calmes de la rivi\u00e8re. Les ponts romantiques en pierre et les arbres centenaires cr\u00e9ent une atmosph\u00e8re de conte de f\u00e9es, id\u00e9ale pour une promenade bras dessus bras dessous avec l&rsquo;\u00eatre aim\u00e9 ou pour se d\u00e9tendre au coucher du soleil, lorsque les rayons dor\u00e9s du soleil se refl\u00e8tent sur l&rsquo;eau. Riva del fiume Adige vous fera vivre une exp\u00e9rience unique qui vous fera tomber encore plus amoureux de la magie de Trente.<\/p>\n\n<h3 class=\"wp-block-heading\">Une halte revigorante au lac de Molveno<\/h3>\n\n<p>Apr\u00e8s avoir appr\u00e9ci\u00e9 la beaut\u00e9 de Trente, il est temps de s&rsquo;immerger dans la nature intacte du Trentin en se dirigeant vers le <strong>lac de Molveno<\/strong>, l&rsquo;un des joyaux les plus pr\u00e9cieux de la r\u00e9gion. Accompagn\u00e9 du chant des oiseaux et d&rsquo;une brise fra\u00eeche, faites une pause relaxante avec votre camping-car sur les rives du lac, o\u00f9 vous <strong>pourrez admirer le spectacle majestueux des Dolomites de Brenta<\/strong> qui se refl\u00e8tent dans l&rsquo;eau cristalline.<br\/>Mais ce n&rsquo;est pas tout ! Pour une exp\u00e9rience vraiment unique, nous vous recommandons de louer un v\u00e9lo et de parcourir la <strong>piste cyclable pittoresque qui entoure le lac<\/strong>. En p\u00e9dalant le long de panoramas \u00e0 couper le souffle et de for\u00eats enchanteresses, vous ressentirez un lien profond avec la nature et le paysage environnant. Si vous pr\u00e9f\u00e9rez une pouss\u00e9e d&rsquo;adr\u00e9naline suppl\u00e9mentaire, optez pour une <strong>randonn\u00e9e sur les sentiers environnants<\/strong>, \u00e0 travers for\u00eats et sommets, et laissez-vous envo\u00fbter par la magie de ce lieu enchanteur.<\/p>\n\n<h3 class=\"wp-block-heading\">Nuit \u00e9toil\u00e9e dans la vall\u00e9e de Cembra<\/h3>\n\n<p>Vous ne pouvez pas quitter le Trentin sans avoir v\u00e9cu l&rsquo;une des exp\u00e9riences les plus \u00e9vocatrices et les plus passionnantes que la nature puisse offrir : une soir\u00e9e inoubliable d&rsquo;<strong>observation des \u00e9toiles<\/strong>. Nous vous proposons de vous installer dans la <strong>vall\u00e9e de Cembra<\/strong>, loin des lumi\u00e8res de la ville, o\u00f9 le ciel nocturne devient un spectacle extraordinaire.<br\/><strong>En compagnie d&rsquo;astronomes locaux exp\u00e9riment\u00e9s<\/strong>, vous voyagerez parmi les constellations et les \u00e9toiles lointaines, d\u00e9couvrant des secrets c\u00e9lestes qui vous laisseront bouche b\u00e9e. Envelopp\u00e9s dans la magie d&rsquo;un ciel \u00e9toil\u00e9 comme on en voit peu, vous passerez une soir\u00e9e d&rsquo;excitation et d&rsquo;\u00e9merveillement. Cette exp\u00e9rience \u00e9vocatrice vous laissera un souvenir ind\u00e9l\u00e9bile et l&rsquo;envie de revenir chaque fois que vous le pourrez pour admirer \u00e0 nouveau le spectacle infini du ciel nocturne du Trentin.<\/p>\n\n<h3 class=\"wp-block-heading\">Trente et la magie de No\u00ebl<\/h3>\n\n<p>Mais la v\u00e9ritable surprise pour les touristes qui aiment les traditions et la culture locales est le charmant <strong>march\u00e9 de No\u00ebl de Trente<\/strong>. Pendant la p\u00e9riode de No\u00ebl, <strong>la ville se transforme en un village de No\u00ebl enchanteur<\/strong>, o\u00f9 les lumi\u00e8res tamis\u00e9es et les d\u00e9corations traditionnelles cr\u00e9ent une atmosph\u00e8re magique.<br\/>Le long des rues de la vieille ville, des \u00e9tals d&rsquo;artisanat, de sucreries typiques et de d\u00e9corations de No\u00ebl faites \u00e0 la main vous attendent.<\/p>\n\n<p>Vous pouvez vous promener parmi les petites maisons en bois, en vous laissant envelopper par l&rsquo;odeur de la cannelle et du vin chaud, tout en admirant l&rsquo;habilet\u00e9 des artisans locaux \u00e0 cr\u00e9er des \u0153uvres uniques.<br\/>Mais ce qui rend ce march\u00e9 encore plus impressionnant, c&rsquo;est le <strong>programme d&rsquo;\u00e9v\u00e9nements, avec des repr\u00e9sentations musicales et th\u00e9\u00e2trales qui animent les places et les rues de la ville<\/strong>. Le march\u00e9 de No\u00ebl de Trente vous fera vivre une exp\u00e9rience inoubliable, en vous plongeant compl\u00e8tement dans l&rsquo;atmosph\u00e8re enchant\u00e9e de la p\u00e9riode de No\u00ebl et des traditions du Trentin.<\/p>\n\n<h2 class=\"wp-block-heading\">Bolzano : un concentr\u00e9 de culture et de traditions<\/h2>\n\n<h3 class=\"wp-block-heading\">D\u00e9couvrez l&rsquo;homme des glaces au mus\u00e9e arch\u00e9ologique<\/h3>\n\n<p>\u00c0 <strong>Bolzano<\/strong>, <strong>capitale du Tyrol du Sud<\/strong>, l&rsquo;art et l&rsquo;histoire vous surprendront. Le mus\u00e9e d&rsquo;arch\u00e9ologie du Tyrol du Sud <a href=\"https:\/\/www.iceman.it\/\" target=\"_blank\" rel=\"noreferrer noopener\">\n  <strong>Mus\u00e9e d&rsquo;arch\u00e9ologie du Tyrol du Sud<\/strong>\n<\/a>o\u00f9 vous pourrez admirer <strong>\u00d6tzi<\/strong>, l&rsquo;homme des glaces, la momie pr\u00e9historique la plus c\u00e9l\u00e8bre au monde. Une visite passionnante pour d\u00e9couvrir la vie d&rsquo;une \u00e9poque r\u00e9volue.<\/p>\n\n<p>Mais ce n&rsquo;est pas tout ce que Bolzano a \u00e0 offrir ! Tout en vous impr\u00e9gnant de l&rsquo;atmosph\u00e8re historique de la ville, faites une <strong>promenade fascinante le long des Arcades de Bolzano<\/strong>, v\u00e9ritable tr\u00e9sor architectural. Ces arcades m\u00e9di\u00e9vales sont un \u00e9l\u00e9ment distinctif de la vieille ville et vous accueilleront avec leur \u00e9l\u00e9gance et leur charme intemporel.<br\/>Le long de la route, vous trouverez une myriade de <strong>boutiques, de caf\u00e9s et de magasins d&rsquo;artisanat local<\/strong>, o\u00f9 vous pourrez acheter des souvenirs uniques et vous r\u00e9galer de sp\u00e9cialit\u00e9s culinaires typiques du Tyrol du Sud. Les arcades de Bolzano vous transporteront dans une atmosph\u00e8re d&rsquo;antan, offrant une exp\u00e9rience inoubliable de shopping et de promenade.<\/p>\n\n<h3 class=\"wp-block-heading\">Les plus beaux ch\u00e2teaux du Tyrol du Sud<\/h3>\n\n<p>Si les ch\u00e2teaux vous fascinent, nous vous sugg\u00e9rons quelques-uns des <strong>imposants manoirs m\u00e9di\u00e9vaux<\/strong> qui pars\u00e8ment le paysage, offrant des vues \u00e0 couper le souffle et une v\u00e9ritable immersion dans l&rsquo;histoire.<br\/>En explorant les ch\u00e2teaux du Tyrol du Sud, vous vous sentirez comme un roi, plong\u00e9 dans une atmosph\u00e8re unique qui vous fera remonter le temps et vous laissera envo\u00fbt\u00e9 par la beaut\u00e9 et la grandeur de ces lieux anciens.<\/p>\n\n<ul class=\"wp-block-list\">\n<li>Parmi les plus fascinants, on trouve le <a href=\"https:\/\/www.maretsch.info\/mareccio\" target=\"_blank\" rel=\"noreferrer noopener\">\n  <strong>ch\u00e2teau de Mareccio<\/strong>\n<\/a>avec son <strong>architecture gothique<\/strong> et le <strong>parc qui l&rsquo;entoure<\/strong>, sera l&rsquo;endroit id\u00e9al pour une promenade romantique ou une s\u00e9ance photo inoubliable.<\/li>\n\n\n\n<li>Le ch\u00e2teau <a href=\"https:\/\/www.suedtirolerland.it\/it\/cultura-e-territorio\/castelli\/castel-firmiano-mmm\/\" target=\"_blank\" rel=\"noreferrer noopener\">\n  <strong>Ch\u00e2teau de Firmian<\/strong>\n<\/a>\u00e9galement connu sous le nom de <strong>ch\u00e2teau de<\/strong> Firmian, qui abrite le <strong>mus\u00e9e des sciences<\/strong>, o\u00f9 l&rsquo;histoire se m\u00eale \u00e0 la connaissance scientifique, offrant une exp\u00e9rience \u00e9ducative et captivante.<\/li>\n\n\n\n<li>Poursuivez votre aventure culturelle en visitant le <a href=\"https:\/\/www.runkelstein.info\/home-ita\" target=\"_blank\" rel=\"noreferrer noopener\">\n  <strong>ch\u00e2teau de Roncolo<\/strong>\n<\/a>une imposante <strong>forteresse m\u00e9di\u00e9vale<\/strong> qui domine la ville du haut d&rsquo;une colline panoramique. Datant du <strong>XIIIe si\u00e8cle<\/strong>, ce ch\u00e2teau vous enchantera par ses fresques m\u00e9di\u00e9vales bien conserv\u00e9es, pr\u00e9cieux t\u00e9moignage de l&rsquo;art et de la culture de l&rsquo;\u00e9poque.<br\/>Mais ce qui rend cette sc\u00e8ne encore plus fascinante, c&rsquo;est la possibilit\u00e9 de participer \u00e0 <strong>des spectacles et \u00e0 des reconstitutions historiques<\/strong>, o\u00f9 chevaliers, dames et musiciens feront revivre l&rsquo;atmosph\u00e8re d&rsquo;autrefois. Une visite au ch\u00e2teau de Roncolo vous transportera dans le temps et vous permettra de revivre l&rsquo;histoire dans un cadre authentique et \u00e9vocateur.<\/li>\n<\/ul>\n\n<h3 class=\"wp-block-heading\">Explorez le march\u00e9 color\u00e9 de la Piazza Erbe<\/h3>\n\n<p>En fl\u00e2nant dans les rues de Bolzano, vous ne pourrez pas r\u00e9sister au charme du <strong>march\u00e9 de la Piazza Erbe<\/strong>. Au milieu des \u00e9tals de fruits, de l\u00e9gumes et de produits locaux, vous vous sentirez entour\u00e9 d&rsquo;une atmosph\u00e8re unique. <strong>Go\u00fbtez les fromages typiques du Tyrol du Sud, comme le \u00ab\u00a0Stelvio\u00a0\u00bb<\/strong>, pour une exp\u00e9rience gastronomique inoubliable.<br\/>Mais la d\u00e9couverte des saveurs du Tyrol du Sud ne s&rsquo;arr\u00eate pas au march\u00e9 de la Piazza Erbe !<\/p>\n\n<h3 class=\"wp-block-heading\">Randonn\u00e9e dans le parc naturel de Sciliar-Catinaccio<\/h3>\n\n<p>Le Trentin-Tyrol du Sud est r\u00e9put\u00e9 pour ses paysages naturels, comme en t\u00e9moigne la visite du <strong>parc naturel de Sciliar-Catinaccio<\/strong>. Une randonn\u00e9e \u00e0 travers des for\u00eats anciennes, des prairies fleuries et des massifs montagneux majestueux. La randonn\u00e9e vers le <strong>Rifugio Bolzano<\/strong> est id\u00e9ale pour une pause r\u00e9g\u00e9n\u00e9ratrice et un panorama \u00e0 couper le souffle.<\/p>\n\n<h3 class=\"wp-block-heading\">Immersion dans la nature dans le parc national du Stelvio<\/h3>\n\n<p>Mais l&rsquo;immersion dans la nature du Trentin et du Tyrol du Sud ne s&rsquo;arr\u00eate pas l\u00e0 ! Pour les touristes \u00e0 la recherche d&rsquo;aventures plus passionnantes, une excursion dans le <a href=\"https:\/\/www.parconazionale-stelvio.it\/it\/il-parco-nazionale.html\" target=\"_blank\" rel=\"noreferrer noopener\">\n  <strong>parc national du Stelvio<\/strong>\n<\/a> du Stelvio. Ce parc class\u00e9 au patrimoine mondial de l&rsquo;<strong>UNESCO<\/strong> vous accueille avec un panorama in\u00e9gal\u00e9 de glaciers scintillants, de pics majestueux et de prairies color\u00e9es. L&rsquo;atmosph\u00e8re sauvage et pr\u00e9serv\u00e9e vous invitera \u00e0 explorer des sentiers de randonn\u00e9e adapt\u00e9s \u00e0 tous les niveaux d&rsquo;exp\u00e9rience, permettant de rencontrer la faune locale comme les marmottes et les chamois.<\/p>\n\n<p>Pour une exp\u00e9rience encore plus inoubliable, nous vous sugg\u00e9rons de participer \u00e0 un <strong>tour en v\u00e9lo \u00e9lectrique<\/strong>, qui vous permettra d&rsquo;explorer les endroits les plus recul\u00e9s et cach\u00e9s du parc sans vous fatiguer. Une randonn\u00e9e dans le <strong>parc national du Stelvio<\/strong> vous donnera l&rsquo;impression de faire partie d&rsquo;un panorama \u00e9pique, entour\u00e9 par la grandeur de la <strong>nature alpine<\/strong>.<\/p>\n\n<h2 class=\"wp-block-heading\">Tradition culinaire du Trentin et du Tyrol du Sud<\/h2>\n\n<p>Dans le Trentin-Tyrol du Sud, vous trouverez une riche tradition culinaire qui <strong>m\u00eale des influences autrichiennes et italiennes<\/strong>. Cette r\u00e9gion est r\u00e9put\u00e9e pour ses plats savoureux et ses produits de qualit\u00e9. Voici quelques aliments et boissons typiques \u00e0 ne pas manquer lors de votre voyage en camping-car :<\/p>\n\n<ul class=\"wp-block-list\">\n<li><strong>Canederli<\/strong> (Kn\u00f6del) : boulettes de pain, traditionnellement servies dans un bouillon ou avec diff\u00e9rentes sauces telles que la sauce \u00e0 la viande ou le beurre fondu avec de la sauge. Il existe des versions sal\u00e9es et sucr\u00e9es, avec des garnitures allant du fromage aux pommes.<\/li>\n\n\n\n<li><strong>Speck<\/strong>: Il s&rsquo;agit d&rsquo;un jambon cru fum\u00e9 et s\u00e9ch\u00e9, typique du Tyrol du Sud. Il a un go\u00fbt unique et se marie bien avec le fromage et le pain local.<\/li>\n\n\n\n<li><strong>Schlutzkrapfen<\/strong>: il s&rsquo;agit de raviolis fourr\u00e9s d&rsquo;ingr\u00e9dients tels que des \u00e9pinards et du fromage local, souvent servis avec du beurre fondu et de la sauge.<\/li>\n\n\n\n<li><strong>Polenta<\/strong>: plat simple mais d\u00e9licieux, la polenta est fabriqu\u00e9e \u00e0 partir de farine de ma\u00efs et est souvent servie avec des saucisses ou du fromage.<\/li>\n\n\n\n<li><strong>Strudel aux pommes<\/strong>: dessert autrichien classique, compos\u00e9 d&rsquo;une fine p\u00e2te garnie de pommes, de raisins secs, de noix et de cannelle. Il vous ravira par sa saveur sucr\u00e9e et \u00e9pic\u00e9e.<\/li>\n\n\n\n<li><strong>Carne alla Trentina<\/strong>: pr\u00e9par\u00e9 avec du b\u0153uf ou du veau, ce plat est cuit lentement avec des \u00e9pices et des herbes, ce qui donne une viande tendre et savoureuse.<\/li>\n\n\n\n<li><strong>Grappa<\/strong>: boisson alcoolis\u00e9e traditionnelle, la grappa est obtenue par distillation des d\u00e9chets de raisin apr\u00e8s vinification. Il est servi dans de petits verres et peut avoir diff\u00e9rentes saveurs.<\/li>\n\n\n\n<li><strong>Vin du Tyrol du Sud<\/strong>: la r\u00e9gion est r\u00e9put\u00e9e pour ses vins de grande qualit\u00e9, en particulier les vins blancs tels que le <strong>Pinot Blanc<\/strong>, le <strong>Gew\u00fcrztraminer<\/strong> et le <strong>Chardonnay<\/strong>.<\/li>\n\n\n\n<li><strong>Bi\u00e8re<\/strong> artisanale : le Trentin-Tyrol du Sud poss\u00e8de une culture florissante de la bi\u00e8re artisanale. Vous y trouverez une large s\u00e9lection de bi\u00e8res locales aux saveurs vari\u00e9es pour satisfaire tous les palais.<\/li>\n\n\n\n<li><strong>Spressa delle Giudicarie<\/strong>: fromage \u00e0 p\u00e2te semi-dure typique de la r\u00e9gion, fabriqu\u00e9 \u00e0 partir de lait de vache. Il a une saveur unique et repr\u00e9sente l&rsquo;authenticit\u00e9 du territoire.<\/li>\n<\/ul>\n\n<h2 class=\"wp-block-heading\">Choisissez votre aventure avec Agricamper<\/h2>\n\n<p>Maintenant que vous avez d\u00e9couvert quelques-unes des merveilles du Trentin-Haut-Adige, <strong>vous \u00eates pr\u00eat pour un voyage inoubliable en camping-car ou en caravane<\/strong>. Avec Agricamper, vous pouvez explorer ces merveilles sans vous soucier des arr\u00eats de nuit.<\/p>\n\n<p><strong>T\u00e9l\u00e9chargez notre application<\/strong> et <strong>achetez un abonnement pour s\u00e9journer gratuitement pendant une nuit dans les fermes du circuit<\/strong>. Vous vivrez des exp\u00e9riences authentiques, en contact \u00e9troit avec la nature et les traditions locales, loin des foules de touristes.<\/p>\n\n<p>Pr\u00e9parez-vous \u00e0 voyager \u00e0 travers les paysages \u00e9poustouflants du Trentin-Haut-Adige, \u00e0 d\u00e9couvrir l&rsquo;histoire mill\u00e9naire de Trente et de Bolzano, \u00e0 go\u00fbter aux sp\u00e9cialit\u00e9s locales et \u00e0 vous immerger dans la culture de cette r\u00e9gion fascinante.<br\/>Qu&rsquo;attendez-vous ? Prenez le volant de votre camping-car et prenez la route ! Le Trentin-Haut-Adige vous attend \u00e0 bras ouverts pour une aventure qui restera dans votre c\u0153ur.<\/p>\n","protected":false},"excerpt":{"rendered":"<p>Voyager en camping-car dans le Trentin-Haut-Adige ! D\u00e9couvrez les exp\u00e9riences incontournables de la nature, de la culture et de la gastronomie. T\u00e9l\u00e9chargez l&rsquo;application Agricamper pour b\u00e9n\u00e9ficier d&rsquo;un parking gratuit 24 heures sur 24<\/p>\n","protected":false},"author":1,"featured_media":3309,"comment_status":"closed","ping_status":"closed","sticky":false,"template":"","format":"standard","meta":{"_acf_changed":false,"_breakdance_hide_in_design_set":false,"_breakdance_tags":"","footnotes":""},"categories":[347],"tags":[348,730,349,350,352,365,362],"class_list":["post-3376","post","type-post","status-publish","format-standard","has-post-thumbnail","hentry","category-voyage-en-camping-car-et-caravane-en-italie","tag-activites-dans-la-nature","tag-dolomites","tag-italie-du-nord","tag-les-activites-culturelles","tag-plats-typiques","tag-trentin-haut-adige","tag-voyager-en-famille"],"acf":[],"_links":{"self":[{"href":"https:\/\/www.agricamper.com\/fr\/wp-json\/wp\/v2\/posts\/3376","targetHints":{"allow":["GET"]}}],"collection":[{"href":"https:\/\/www.agricamper.com\/fr\/wp-json\/wp\/v2\/posts"}],"about":[{"href":"https:\/\/www.agricamper.com\/fr\/wp-json\/wp\/v2\/types\/post"}],"author":[{"embeddable":true,"href":"https:\/\/www.agricamper.com\/fr\/wp-json\/wp\/v2\/users\/1"}],"replies":[{"embeddable":true,"href":"https:\/\/www.agricamper.com\/fr\/wp-json\/wp\/v2\/comments?post=3376"}],"version-history":[{"count":1,"href":"https:\/\/www.agricamper.com\/fr\/wp-json\/wp\/v2\/posts\/3376\/revisions"}],"predecessor-version":[{"id":3377,"href":"https:\/\/www.agricamper.com\/fr\/wp-json\/wp\/v2\/posts\/3376\/revisions\/3377"}],"wp:featuredmedia":[{"embeddable":true,"href":"https:\/\/www.agricamper.com\/fr\/wp-json\/wp\/v2\/media\/3309"}],"wp:attachment":[{"href":"https:\/\/www.agricamper.com\/fr\/wp-json\/wp\/v2\/media?parent=3376"}],"wp:term":[{"taxonomy":"category","embeddable":true,"href":"https:\/\/www.agricamper.com\/fr\/wp-json\/wp\/v2\/categories?post=3376"},{"taxonomy":"post_tag","embeddable":true,"href":"https:\/\/www.agricamper.com\/fr\/wp-json\/wp\/v2\/tags?post=3376"}],"curies":[{"name":"wp","href":"https:\/\/api.w.org\/{rel}","templated":true}]}}