{"id":3360,"date":"2023-07-25T07:38:21","date_gmt":"2023-07-25T07:38:21","guid":{"rendered":"https:\/\/www.agricamper.com\/12-etapes-pour-decouvrir-la-lombardie-en-camping-car-et-en-caravane\/"},"modified":"2026-04-24T09:38:02","modified_gmt":"2026-04-24T09:38:02","slug":"12-etapes-pour-decouvrir-la-lombardie-en-camping-car-et-en-caravane","status":"publish","type":"post","link":"https:\/\/www.agricamper.com\/fr\/get-inspired\/12-etapes-pour-decouvrir-la-lombardie-en-camping-car-et-en-caravane\/","title":{"rendered":"12 \u00e9tapes pour d\u00e9couvrir la Lombardie en camping-car et en caravane !"},"content":{"rendered":"\r\n<p>Chers voyageurs Agricamper, pr\u00eats pour une aventure \u00e0 la d\u00e9couverte de la magnifique Lombardie \u00e0 bord de vos camping-cars et caravanes ?<\/p>\r\n\r\n\r\n\r\n<p>Votre voyage en Lombardie promet d\u2019\u00eatre passionnant et vari\u00e9, avec <strong>des \u00e9tapes gratuites et illimit\u00e9es de 24 heures dans des fermes gr\u00e2ce \u00e0 l\u2019<a title=\"Agricamper Italy - Digital Stops Guide\" href=\"https:\/\/www.agricamper-italia.com\/en\/product\/camper-stopover-guide-rural-italy\/\">adh\u00e9sion Agricamper<\/a><\/strong>.<\/p>\r\n\r\n\r\n\r\n<p>Dans cet article, nous vous guidons \u00e0 travers les exp\u00e9riences incontournables pour vivre des vacances authentiques et inoubliables dans les provinces de Lombardie.<\/p>\r\n\r\n\r\n\r\n<p><!--more--><\/p>\r\n\r\n\r\n\r\n<h2 class=\"wp-block-heading\">Sondrio &#8211; Entre montagnes et aventures en plein air<\/h2>\r\n<h2>\r\n\r\n<\/h2>\r\n<p>Une fois bien repos\u00e9s, prenez la route en camping-car vers les <strong>Alpes<\/strong>, avec <strong>Sondrio<\/strong> comme destination !<br \/>C\u2019est <strong>la destination id\u00e9ale pour les amoureux de la nature<\/strong> et, en particulier, l\u2019envo\u00fbtante <strong>Valmalenco<\/strong> vous \u00e9merveillera par sa beaut\u00e9 sauvage.<br \/>Cette <strong>vall\u00e9e alpine<\/strong> offre un environnement naturel \u00e0 couper le souffle, entour\u00e9 de montagnes majestueuses, de for\u00eats luxuriantes et de lacs cristallins. Les passionn\u00e9s de trekking et de randonn\u00e9e y trouveront leur bonheur, gr\u00e2ce \u00e0 un vaste r\u00e9seau de sentiers qui traversent des paysages enchanteurs. Partez pour une belle aventure \u00e0 pied, \u00e0 la d\u00e9couverte de cascades cach\u00e9es, de <strong>panoramas spectaculaires<\/strong> et d\u2019une<strong> grande vari\u00e9t\u00e9 de flore et de faune<\/strong>. La Valmalenco vous s\u00e9duira par son authenticit\u00e9 et sa <strong>beaut\u00e9 pr\u00e9serv\u00e9e<\/strong>, en offrant des moments inoubliables \u00e0 tous les amateurs de plein air.<\/p>\r\n<h2>\r\n\r\n<\/h2>\r\n<p>Apr\u00e8s avoir v\u00e9cu une exp\u00e9rience unique en pleine nature, offrez-vous une pause relaxante et r\u00e9g\u00e9n\u00e9rante aux <a href=\"https:\/\/www.qcterme.com\/it\/bormio\" target=\"_blank\" rel=\"noreferrer noopener\"><strong>thermes de Bormio<\/strong><\/a>. Situ\u00e9s dans un paysage de montagne pittoresque, ces thermes offrent <strong>une oasis de bien-\u00eatre et de d\u00e9tente<\/strong>. Les eaux thermales sont r\u00e9put\u00e9es pour leurs propri\u00e9t\u00e9s th\u00e9rapeutiques et bienfaisantes, gr\u00e2ce \u00e0 la pr\u00e9sence de min\u00e9raux b\u00e9n\u00e9fiques pour la peau et le corps. Profitez des <strong>bassins thermaux ext\u00e9rieurs<\/strong>, entour\u00e9s par la beaut\u00e9 des montagnes, tandis que la chaleur de l\u2019eau vous enveloppe et vous chouchoute.<\/p>\r\n<h2>\r\n\r\n<\/h2>\r\n<p>En plus de ses merveilles naturelles, Sondrio offre aussi <strong>des d\u00e9couvertes culturelles \u00e0 ne pas manquer<\/strong>. Pour les passionn\u00e9s d\u2019histoire et d\u2019art, une visite au <a href=\"https:\/\/www.visitasondrio.it\/site\/home\/scopri\/citta\/borgo\/castel-masegra.html\" target=\"_blank\" rel=\"noreferrer noopener\"><strong>ch\u00e2teau Masegra<\/strong><\/a> est une \u00e9tape incontournable. Cet <strong>ancien ch\u00e2teau m\u00e9di\u00e9val<\/strong> se trouve dans le centre historique de Sondrio et offre une vue panoramique sur la ville et la vall\u00e9e environnante.<br \/>Explorez ses cours, ses tours et ses salles int\u00e9rieures, en admirant les t\u00e9moignages d\u2019un pass\u00e9 prestigieux et les expositions culturelles r\u00e9guli\u00e8rement accueillies entre ses murs.<br \/>En vous promenant dans les rues du centre, vous d\u00e9couvrirez \u00e9galement d\u2019anciens b\u00e2timents historiques et de charmantes \u00e9glises qui racontent l\u2019histoire et l\u2019identit\u00e9 de cette ville alpine. Sondrio vous offrira un <strong>parfait \u00e9quilibre entre nature, d\u00e9tente et culture<\/strong>.<\/p>\r\n<h2 class=\"wp-block-heading\">Lecco &#8211; Nature et paysages enchanteurs<\/h2>\r\n<h2>\r\n\r\n<\/h2>\r\n<p>Le voyage continue : quittez Cr\u00e9mone pour rejoindre <strong>Lecco<\/strong>, une destination id\u00e9ale pour les amateurs de <strong>nature et d\u2019activit\u00e9s en plein air<\/strong>. De nombreuses <strong>excursions<\/strong> vous attendent, comme :<\/p>\r\n<h2>\r\n\r\n<\/h2>\r\n<ul class=\"wp-block-list\">\r\n<li>le sentier de la <strong>r\u00e9serve naturelle Pian di Spagna<\/strong>, une v\u00e9ritable oasis de biodiversit\u00e9, avec une grande vari\u00e9t\u00e9 de flore et de faune vivant en harmonie ;<\/li>\r\n\r\n\r\n\r\n<li>le <strong>Sentiero del Viandante (chemin du Voyageur<\/strong>), qui longe la rive orientale du lac de C\u00f4me et offre des vues spectaculaires sur le lac et les montagnes environnantes, ainsi que l\u2019occasion de d\u00e9couvrir de charmants villages en chemin, comme <strong>Bellano<\/strong> et <strong>Varenna<\/strong>.<\/li>\r\n<\/ul>\r\n<h2>\r\n\r\n<\/h2>\r\n<p>Mais Lecco ne se r\u00e9sume pas \u00e0 sa nature pr\u00e9serv\u00e9e ; c\u2019est aussi une ville de culture et d\u2019histoire. Elle offre plusieurs attractions historiques et culturelles qui m\u00e9ritent d\u2019\u00eatre d\u00e9couvertes. Une visite \u00e0 l\u2019impressionnant <a href=\"https:\/\/www.castellodivezio.it\/\" target=\"_blank\" rel=\"noreferrer noopener\"><strong>ch\u00e2teau de Vezio<\/strong><\/a>, situ\u00e9 sur une colline avec une vue panoramique sur le lac de C\u00f4me, vous plongera dans le <strong>pass\u00e9 m\u00e9di\u00e9val<\/strong>.<\/p>\r\n<h2>\r\n\r\n<\/h2>\r\n<p>Ne manquez pas non plus l\u2019occasion de visiter le <strong>mus\u00e9e Manzoni<\/strong> \u00e0 Lecco, d\u00e9di\u00e9 au c\u00e9l\u00e8bre \u00e9crivain italien Alessandro Manzoni, auteur du fameux roman<strong>\u00ab\u00a0Les Fianc\u00e9s<\/strong>.\u00a0\u00bb Le mus\u00e9e vous emm\u00e8nera \u00e0 la d\u00e9couverte de la vie et de l\u2019\u0153uvre de ce grand auteur, en vous plongeant dans la culture et la litt\u00e9rature italiennes du XIXe si\u00e8cle.<\/p>\r\n\r\n\r\n\r\n<h2 class=\"wp-block-heading\">C\u00f4me &#8211; Le charme du lac et des villas historiques<\/h2>\r\n\r\n\r\n\r\n<p>Si vous avez \u00e9t\u00e9 s\u00e9duits par la beaut\u00e9 du lac de Garde, dirigez votre camping-car vers un autre plan d\u2019eau tout aussi beau et \u00e9vocateur : le <strong>lac de C\u00f4me<\/strong> !<\/p>\r\n\r\n\r\n\r\n<p>La magie de C\u00f4me est difficile \u00e0 d\u00e9crire : la beaut\u00e9 intemporelle de ce c\u00e9l\u00e8bre lac vous laissera sans voix. Face \u00e0 ses rives, vous vous sentirez envelopp\u00e9s dans <strong>une atmosph\u00e8re romantique et apaisante<\/strong>. Une promenade au bord du lac sera une exp\u00e9rience de paix et de s\u00e9r\u00e9nit\u00e9, avec les montagnes en toile de fond, les villas historiques et les jardins luxuriants dominant l\u2019eau.<\/p>\r\n\r\n\r\n\r\n<p>En poursuivant votre voyage, ne manquez pas une visite \u00e0 la <a href=\"https:\/\/fondoambiente.it\/luoghi\/villa-del-balbianello\" target=\"_blank\" rel=\"noreferrer noopener\"><strong>Villa del Balbianello<\/strong><\/a>, une demeure d\u2019\u00e9poque qui vous laissera sans voix. Situ\u00e9e sur une petite p\u00e9ninsule, cette villa au bord du lac est entour\u00e9e d\u2019un jardin luxuriant, o\u00f9 la beaut\u00e9 de la nature se m\u00eale \u00e0 l\u2019\u00e9l\u00e9gance de l\u2019architecture.<br \/>L\u2019int\u00e9rieur de la villa est tout aussi fascinant, avec de <strong>pr\u00e9cieuses \u0153uvres d\u2019art<\/strong>, un mobilier raffin\u00e9 et de magnifiques d\u00e9corations.<br \/>Les <strong>jardins de la villa<\/strong> sont une v\u00e9ritable oasis de tranquillit\u00e9, o\u00f9 vous pourrez vous promener parmi des plantes exotiques, des arbres anciens et des fleurs color\u00e9es tout en profitant de vues \u00e0 couper le souffle sur le lac et les montagnes environnantes.<br \/>La Villa del Balbianello <strong>a \u00e9galement servi de d\u00e9cor \u00e0 des films c\u00e9l\u00e8bres<\/strong>, comme \u00ab\u00a0Star Wars : \u00c9pisode II &#8211; L\u2019Attaque des clones\u00a0\u00bb, ajoutant une touche de magie \u00e0 cette exp\u00e9rience d\u00e9j\u00e0 extraordinaire.<\/p>\r\n<h2 class=\"wp-block-heading\">Monza et Brianza &#8211; Vitesse et d\u00e9tente<\/h2>\r\n<p>\r\n\r\n<\/p>\r\n<p>Nous arrivons \u00e0 la derni\u00e8re \u00e9tape de ce voyage en Lombardie : <strong>Monza<\/strong>, la ville id\u00e9ale pour les passionn\u00e9s de <strong>sport automobile<\/strong>, gr\u00e2ce \u00e0 son c\u00e9l\u00e8bre <a href=\"https:\/\/www.monzanet.it\/\" target=\"_blank\" rel=\"noreferrer noopener\"><strong>Autodrome National<\/strong><\/a>. Vous pourrez assister \u00e0 de nombreux \u00e9v\u00e9nements, des courses de Formule 1 aux comp\u00e9titions automobiles internationales. Entendre le rugissement des moteurs et ressentir l\u2019adr\u00e9naline d\u2019une course sur le circuit de Monza est une exp\u00e9rience unique et inoubliable.<\/p>\r\n<p>\r\n\r\n<\/p>\r\n<p>Apr\u00e8s l\u2019\u00e9motion des courses, accordez-vous une pause <strong>relaxante et r\u00e9g\u00e9n\u00e9rante<\/strong> dans les <strong>jardins de la <a href=\"https:\/\/reggiadimonza.it\/\" target=\"_blank\" rel=\"noreferrer noopener\">Villa Reale de Monza<\/a><\/strong>. Cette somptueuse r\u00e9sidence, entour\u00e9e de magnifiques jardins \u00e0 l\u2019anglaise, est l\u2019endroit id\u00e9al pour une promenade paisible et romantique. Les jardins s\u2019\u00e9tendent sur <strong>de vastes espaces verts, avec des all\u00e9es bord\u00e9es d\u2019arbres, des pelouses impeccables et de superbes fontaines<\/strong>. Ils offrent \u00e9galement <strong>des espaces d\u00e9di\u00e9s aux enfants<\/strong>, parfaits pour se d\u00e9tendre en famille.<\/p>\r\n<p>\r\n\r\n<\/p>\r\n<p>Mais Monza est aussi une ville riche en histoire et en culture. Pour les amateurs d\u2019art, une visite \u00e0 la <a href=\"http:\/\/www.duomomonza.it\/\" target=\"_blank\" rel=\"noreferrer noopener\"><strong>cath\u00e9drale de Monza<\/strong><\/a> est vivement conseill\u00e9e. Cette magnifique cath\u00e9drale gothique est un chef-d\u2019\u0153uvre architectural d\u2019une grande beaut\u00e9. Ne manquez pas non plus le<strong> mus\u00e9e et le tr\u00e9sor de la cath\u00e9drale<\/strong>, o\u00f9 vous pourrez admirer des \u0153uvres pr\u00e9cieuses, des objets sacr\u00e9s et des reliques historiques li\u00e9es \u00e0 la ville, comme la c\u00e9l\u00e8bre <strong>couronne de fer<\/strong>.<\/p>\r\n<h2 class=\"wp-block-heading\">Var\u00e8se &#8211; Entre spiritualit\u00e9 et nature<\/h2>\r\n<p>\r\n\r\n<\/p>\r\n<p>Avant-derni\u00e8re \u00e9tape de votre itin\u00e9raire : <strong>Var\u00e8se<\/strong>, une <strong>ville riche en spiritualit\u00e9<\/strong> qui vous s\u00e9duira avec le <a href=\"http:\/\/www.sacromontedivarese.it\/\" target=\"_blank\" rel=\"noreferrer noopener\"><strong>Sacro Monte<\/strong><\/a>, un lieu magique class\u00e9 au <strong>patrimoine mondial de l\u2019UNESCO<\/strong>. Ce <strong>complexe religieux<\/strong>, situ\u00e9 sur les collines environnantes, est un lieu de p\u00e8lerinage depuis des si\u00e8cles. Empruntez le chemin et d\u00e9couvrez une s\u00e9rie de chapelles votives d\u00e9cor\u00e9es de fresques repr\u00e9sentant des sc\u00e8nes de la vie de J\u00e9sus et de la Vierge Marie.<br \/>Une fois au sommet, profitez d\u2019une vue panoramique spectaculaire sur la ville et le lac de Var\u00e8se. Le Sacro Monte est un lieu d\u2019une grande beaut\u00e9 et d\u2019une profonde signification spirituelle.<\/p>\r\n<p>\r\n\r\n<\/p>\r\n<p>Pour les amoureux de nature et de randonn\u00e9e, une halte au <a href=\"http:\/\/www.parcocampodeifiori.it\/hh\/index.php\" target=\"_blank\" rel=\"noreferrer noopener\"><strong>Parc r\u00e9gional Campo dei Fiori<\/strong><\/a> est vivement recommand\u00e9e. Situ\u00e9 entre Var\u00e8se et le lac Majeur, il offre de nombreux <strong>sentiers au c\u0153ur d\u2019une nature pr\u00e9serv\u00e9e<\/strong>. Enfilez vos chaussures de marche et partez \u00e0 la d\u00e9couverte de paysages magnifiques entre ch\u00e2taigniers, h\u00eatres et sapins.<\/p>\r\n<p>\r\n\r\n<\/p>\r\n<p>Var\u00e8se propose \u00e9galement des exp\u00e9riences culturelles de grande qualit\u00e9. Une visite \u00e0 la <a href=\"https:\/\/fondoambiente.it\/luoghi\/villa-e-collezione-panza\" target=\"_blank\" rel=\"noreferrer noopener\"><strong>Villa Panza<\/strong><\/a>, nich\u00e9e dans un cadre verdoyant, vous fera d\u00e9couvrir une importante collection d\u2019art contemporain. Cette demeure du XIXe si\u00e8cle abrite une <strong>riche collection d\u2019\u0153uvres modernes et contemporaines<\/strong>, dans un cadre \u00e9l\u00e9gant o\u00f9 art et nature se rencontrent harmonieusement.<\/p>\r\n<h2 class=\"wp-block-heading\">Milan &#8211; Capitale de la mode et de l\u2019art<\/h2>\r\n<p>\r\n\r\n<\/p>\r\n<p>Dirigez ensuite votre camping-car vers le c\u0153ur vibrant de la Lombardie : <strong>Milan<\/strong>, capitale de la <strong>mode<\/strong> et de la <strong>culture<\/strong> !<br \/>Vous serez accueillis par le majestueux <a href=\"https:\/\/www.duomomilano.it\/it\/\" target=\"_blank\" rel=\"noreferrer noopener\"><strong>Duomo<\/strong><\/a>, une ic\u00f4ne architecturale qui fascine les visiteurs depuis des si\u00e8cles. Cette cath\u00e9drale gothique, l\u2019une des plus grandes au monde, impressionne par sa fa\u00e7ade richement d\u00e9cor\u00e9e de fl\u00e8ches et de statues.<br \/>\u00c0 l\u2019int\u00e9rieur, vous serez \u00e9merveill\u00e9s par les \u0153uvres d\u2019art, les autels et les vitraux qui cr\u00e9ent une atmosph\u00e8re unique.<br \/>Montez sur les terrasses du Duomo pour profiter d\u2019une <strong>vue panoramique exceptionnelle<\/strong> sur la ville.<\/p>\r\n<p>\r\n\r\n<\/p>\r\n<p>Apr\u00e8s la visite du Duomo, accordez-vous une journ\u00e9e de <strong>shopping<\/strong> dans les rues les plus prestigieuses comme <strong>Via Montenapoleone, Via della Spiga et Via Manzoni<\/strong>.<\/p>\r\n<p>\r\n\r\n<\/p>\r\n<p>Milan est \u00e9galement un centre culturel dynamique avec <strong>une large offre artistique<\/strong>. Pendant votre s\u00e9jour, ne manquez pas de visiter :<\/p>\r\n<p>\r\n\r\n<\/p>\r\n<ul class=\"wp-block-list\">\r\n<li>la <a href=\"https:\/\/pinacotecabrera.org\/collezioni\/\" target=\"_blank\" rel=\"noreferrer noopener\"><strong>Pinacoth\u00e8que de Brera<\/strong><\/a>, qui abrite une collection exceptionnelle d\u2019\u0153uvres italiennes et internationales ;<\/li>\r\n\r\n\r\n\r\n<li>le <a href=\"https:\/\/www.milanocastello.it\/\" target=\"_blank\" rel=\"noreferrer noopener\"><strong>ch\u00e2teau des Sforza<\/strong><\/a>, qui vous plongera dans l\u2019histoire m\u00e9di\u00e9vale et renaissance de Milan.<\/li>\r\n<\/ul>\r\n<p>\r\n\r\n<\/p>\r\n<p>La ville propose \u00e9galement de nombreux <strong>th\u00e9\u00e2tres<\/strong>, salles de concert et espaces d\u2019exposition pour profiter de spectacles vari\u00e9s.<\/p>\r\n<h2 class=\"wp-block-heading\">Bergame &#8211; Entre villages historiques et panoramas \u00e0 couper le souffle<\/h2>\r\n<p>\r\n\r\n<\/p>\r\n<p>Partez \u00e0 la d\u00e9couverte de <strong>Bergame<\/strong>, une \u00e9tape incontournable pour les voyageurs en camping-car et caravane en qu\u00eate de tr\u00e9sors cach\u00e9s en Lombardie.<br \/>Le <strong>centre historique de la Citt\u00e0 Alta<\/strong> vous accueille avec ses ruelles pav\u00e9es, ses charmantes boutiques artisanales et son architecture ancienne parfaitement pr\u00e9serv\u00e9e. La vue panoramique depuis les hauteurs, accessible gr\u00e2ce au funiculaire, offre un panorama \u00e0 360 degr\u00e9s sur la ville et ses environs.<br \/>Le charme de Bergame vous enveloppe dans <strong>une atmosph\u00e8re presque f\u00e9erique<\/strong>, tandis que les paysages environnants vous donnent l\u2019impression d\u2019\u00eatre au sommet du monde. Prenez le temps d\u2019\u00e9changer avec les habitants pour d\u00e9couvrir anecdotes et traditions locales, rendant votre exp\u00e9rience encore plus authentique.<\/p>\r\n<p>\r\n\r\n<\/p>\r\n<h2 class=\"wp-block-heading\">Brescia &#8211; Un voyage dans l\u2019histoire et le lac de Garde<\/h2>\r\n<p>\r\n\r\n<\/p>\r\n<p>Le voyage continue vers <strong>Brescia<\/strong>, o\u00f9 les passionn\u00e9s d\u2019histoire militaire trouveront leur bonheur au <a href=\"https:\/\/www.bresciamusei.com\/musei-e-luoghi\/museo-delle-armi\/\" target=\"_blank\" rel=\"noreferrer noopener\"><strong>mus\u00e9e des armes anciennes<\/strong><\/a>. Ce mus\u00e9e fascinant abrite une <strong>riche collection d\u2019armes, d\u2019armures et d\u2019objets historiques<\/strong> qui vous plongeront dans les \u00e9poques des batailles et des chevaliers.<br \/>Admirez les armures m\u00e9di\u00e9vales, observez les d\u00e9tails des \u00e9p\u00e9es anciennes et d\u00e9couvrez l\u2019histoire de la ville \u00e0 travers des expositions captivantes.<br \/>Le mus\u00e9e propose <strong>une exp\u00e9rience immersive et p\u00e9dagogique<\/strong> adapt\u00e9e \u00e0 toute la famille.<\/p>\r\n<p>\r\n\r\n<\/p>\r\n<p>Apr\u00e8s cette immersion historique, offrez-vous une pause <strong>rafra\u00eechissante<\/strong> sur les rives du magnifique <a href=\"https:\/\/agricamper-italia698.e.wpstage.net\/esplora-lago-garda-camper-esperienze-indimenticabili\/\"><strong>lac de Garde<\/strong><\/a>, \u00e0 <strong>Sirmione<\/strong>. Ce village pittoresque vous s\u00e9duira par ses eaux cristallines et son cadre enchanteur.<\/p>\r\n<p>\r\n\r\n<\/p>\r\n<p>Apr\u00e8s la d\u00e9couverte culturelle, poursuivez votre voyage en camping-car vers de nouvelles aventures. La r\u00e9gion du lac de Garde offre de nombreuses activit\u00e9s pour les amateurs de nature : randonn\u00e9e, v\u00e9lo et exploration de paysages entre lac et collines.<\/p>\r\n<h2 class=\"wp-block-heading\">Pavie &#8211; Tr\u00e9sors m\u00e9di\u00e9vaux et tradition universitaire<\/h2>\r\n<p>\r\n\r\n<\/p>\r\n<p>Apr\u00e8s l\u2019effervescence de Milan, <strong>Pavie<\/strong> vous plongera dans une atmosph\u00e8re plus calme et historique, comme un retour au <strong>Moyen \u00c2ge<\/strong>. L\u2019un des symboles de la ville est le c\u00e9l\u00e8bre <strong>pont couvert<\/strong>, une construction embl\u00e9matique qui traverse le fleuve Ticino. Datant du <strong>XIVe si\u00e8cle<\/strong>, il se distingue par sa structure \u00e9l\u00e9gante \u00e0 trois arches et son toit en briques, cr\u00e9ant une ambiance romantique et hors du temps.<\/p>\r\n<p>\r\n\r\n<\/p>\r\n<p>Pavie est \u00e9galement c\u00e9l\u00e8bre pour son <strong>universit\u00e9 historique<\/strong>, fond\u00e9e en <strong>1361<\/strong>, l\u2019une des plus anciennes d\u2019Italie. Elle apporte \u00e0 la ville une <strong>ambiance jeune et dynamique<\/strong>, avec des \u00e9tudiants venant du monde entier, cr\u00e9ant un environnement vivant et cosmopolite.<\/p>\r\n<p>\r\n\r\n<\/p>\r\n<p>Enfin, Pavie saura aussi vous s\u00e9duire par sa <strong>gastronomie<\/strong>. Go\u00fbtez au risotto alla certosina, sp\u00e9cialit\u00e9 locale raffin\u00e9e, ainsi qu\u2019\u00e0 la <strong>busecca<\/strong>, un rago\u00fbt traditionnel \u00e0 base de tripes. Pour terminer en douceur, laissez-vous tenter par la <strong>torta paradiso<\/strong>, un dessert l\u00e9ger et parfum\u00e9. Une exp\u00e9rience culinaire authentique qui compl\u00e8te parfaitement la d\u00e9couverte de la ville.<\/p>\r\n<h2 class=\"wp-block-heading\">Lodi &#8211; Art et histoire entre traditions lombardes<\/h2>\r\n<p>\r\n\r\n<\/p>\r\n<p>Le voyage continue vers <strong>Lodi<\/strong>, une destination plus discr\u00e8te mais pleine de charme. Parmi les incontournables, la <a href=\"https:\/\/www.lombardiabeniculturali.it\/architetture\/schede\/LO620-00040\/\" target=\"_blank\" rel=\"noreferrer noopener\"><strong>basilique de San Bassiano<\/strong><\/a> est un v\u00e9ritable chef-d\u2019\u0153uvre de l\u2019art roman. Sa fa\u00e7ade imposante et richement d\u00e9cor\u00e9e t\u00e9moigne du savoir-faire des artisans de l\u2019\u00e9poque, tandis que l\u2019int\u00e9rieur impressionne par ses colonnes et ses fresques.<\/p>\r\n<p>\r\n\r\n<\/p>\r\n<p>Apr\u00e8s la visite, promenez-vous dans le centre historique pour d\u00e9couvrir l\u2019authenticit\u00e9 de la ville. Les rues pav\u00e9es, les b\u00e2timents anciens et les places accueillantes cr\u00e9ent une atmosph\u00e8re chaleureuse. Profitez-en pour vous arr\u00eater dans une trattoria et savourer les sp\u00e9cialit\u00e9s locales, dans une ambiance conviviale et typiquement lombarde.<\/p>\r\n<h2 class=\"wp-block-heading\">Cr\u00e9mone &#8211; Musique et gourmandise<\/h2>\r\n\r\n\r\n\r\n<p>Poursuivez votre itin\u00e9raire vers <strong>Cr\u00e9mone<\/strong>, c\u00e9l\u00e8bre dans le monde entier comme la <strong>ville du violon<\/strong>.<\/p>\r\n<p>La visite d\u2019un atelier de luthier est une exp\u00e9rience incontournable : vous pourrez <strong>observer de pr\u00e8s la fabrication d\u2019un violon<\/strong>, un instrument fascinant. Les luthiers de Cr\u00e9mone sont r\u00e9put\u00e9s pour leur savoir-faire exceptionnel et leur ma\u00eetrise du travail du bois.<br \/>Laissez-vous porter par la <strong>magie de la musique<\/strong> et d\u00e9couvrez les secrets de ces chefs-d\u2019\u0153uvre sonores.<\/p>\r\n\r\n\r\n\r\n<p>Apr\u00e8s cette immersion musicale, d\u00e9gustez le c\u00e9l\u00e8bre <strong>nougat de Cr\u00e9mone<\/strong>, sp\u00e9cialit\u00e9 gourmande de la ville. Sa texture et son go\u00fbt d\u2019amande et de miel en font une v\u00e9ritable exp\u00e9rience sensorielle, avec de nombreuses variantes \u00e0 d\u00e9couvrir.<\/p>\r\n\r\n\r\n\r\n<p>Cr\u00e9mone est \u00e9galement une ville anim\u00e9e par la musique, avec de nombreux <strong>concerts<\/strong> et \u00e9v\u00e9nements qui enrichissent son atmosph\u00e8re culturelle.<\/p>\r\n\r\n\r\n\r\n<h2 class=\"wp-block-heading\">Mantoue &#8211; Un voyage \u00e0 la Renaissance<\/h2>\r\n\r\n\r\n\r\n<p>Terminez votre itin\u00e9raire en direction de <strong>Mantoue<\/strong>, une ville au charme <strong>renaissance<\/strong>.<\/p>\r\n<p>Le <a href=\"https:\/\/mantovaducale.beniculturali.it\/it\/\" target=\"_blank\" rel=\"noreferrer noopener\"><strong>Palais Ducal<\/strong><\/a> est l\u2019un des sites incontournables. Ancienne r\u00e9sidence de la famille Gonzague, il impressionne par son \u00e9l\u00e9gance et ses salles richement d\u00e9cor\u00e9es.<br \/>En parcourant ses pi\u00e8ces et ses cours, vous aurez l\u2019impression de voyager dans le temps. Les <strong>jardins du palais<\/strong>, avec leurs fontaines et leurs espaces verts, offrent un cadre enchanteur.<\/p>\r\n\r\n\r\n\r\n<p>Mantoue est \u00e9galement une ville d\u2019art : la <a href=\"https:\/\/www.casadelmantegna.it\/\" target=\"_blank\" rel=\"noreferrer noopener\"><strong>maison de Mantegna<\/strong><\/a>, d\u00e9di\u00e9e au c\u00e9l\u00e8bre peintre, permet de d\u00e9couvrir son \u0153uvre et son influence artistique.<\/p>\r\n\r\n\r\n\r\n<p>Enfin, ne manquez pas un spectacle au <a href=\"https:\/\/www.comune.mantova.it\/index.php\/cultura\/musei-e-monumenti\/teatro-scientifico-bibiena\" target=\"_blank\" rel=\"noreferrer noopener\"><strong>th\u00e9\u00e2tre Bibiena<\/strong><\/a>, un joyau baroque du XVIIIe si\u00e8cle, r\u00e9put\u00e9 pour son \u00e9l\u00e9gance et son atmosph\u00e8re unique.<\/p>\r\n\r\n\r\n\r\n<h2 class=\"wp-block-heading\">Conclusion<\/h2>\r\n\r\n\r\n\r\n<p>Chers voyageurs, vous venez de terminer votre itin\u00e9raire en camping-car et caravane \u00e0 la d\u00e9couverte de la Lombardie ! Nous esp\u00e9rons que ces conseils vous aideront \u00e0 vivre des moments inoubliables entre nature, culture et gastronomie.<\/p>\r\n\r\n\r\n\r\n<p>Pour vivre pleinement cette exp\u00e9rience, <strong>choisissez l\u2019adh\u00e9sion <a title=\"Agricamper Italy - Digital Stops Guide\" href=\"https:\/\/www.agricamper-italia.com\/en\/product\/camper-stopover-guide-rural-italy\/\">Agricamper<\/a> et profitez d\u2019\u00e9tapes gratuites et illimit\u00e9es de 24 heures<\/strong> dans des fermes authentiques.<\/p>\r\n\r\n\r\n\r\n<p><a title=\"Where to download the Agricamper App?\" href=\"https:\/\/www.agricamper-italia.com\/knowledge-base\/dove-scaricare-lapp-agricamper\/\"><strong>T\u00e9l\u00e9chargez notre application<\/strong><\/a> pour d\u00e9couvrir les \u00e9tapes disponibles en Lombardie et commencer votre aventure d\u00e8s maintenant. Nous avons h\u00e2te de vous accompagner dans votre prochain voyage !<\/p>\r\n","protected":false},"excerpt":{"rendered":"<p>D\u00e9couvrez la Lombardie \u00e0 bord de votre camping-car ou de votre caravane ! Avec Agricamper, des arr\u00eats gratuits et illimit\u00e9s de 24 heures vous attendent. Acheter une adh\u00e9sion et t\u00e9l\u00e9charger l&rsquo;application<\/p>\n","protected":false},"author":1,"featured_media":279553,"comment_status":"closed","ping_status":"closed","sticky":false,"template":"","format":"standard","meta":{"_acf_changed":false,"_breakdance_hide_in_design_set":false,"_breakdance_tags":"","footnotes":""},"categories":[347],"tags":[348,623,349,350,351,352,728,362],"class_list":["post-3360","post","type-post","status-publish","format-standard","has-post-thumbnail","hentry","category-voyage-en-camping-car-et-caravane-en-italie","tag-activites-dans-la-nature","tag-campanie","tag-italie-du-nord","tag-les-activites-culturelles","tag-lombardie","tag-plats-typiques","tag-relax","tag-voyager-en-famille"],"acf":[],"_links":{"self":[{"href":"https:\/\/www.agricamper.com\/fr\/wp-json\/wp\/v2\/posts\/3360","targetHints":{"allow":["GET"]}}],"collection":[{"href":"https:\/\/www.agricamper.com\/fr\/wp-json\/wp\/v2\/posts"}],"about":[{"href":"https:\/\/www.agricamper.com\/fr\/wp-json\/wp\/v2\/types\/post"}],"author":[{"embeddable":true,"href":"https:\/\/www.agricamper.com\/fr\/wp-json\/wp\/v2\/users\/1"}],"replies":[{"embeddable":true,"href":"https:\/\/www.agricamper.com\/fr\/wp-json\/wp\/v2\/comments?post=3360"}],"version-history":[{"count":4,"href":"https:\/\/www.agricamper.com\/fr\/wp-json\/wp\/v2\/posts\/3360\/revisions"}],"predecessor-version":[{"id":279563,"href":"https:\/\/www.agricamper.com\/fr\/wp-json\/wp\/v2\/posts\/3360\/revisions\/279563"}],"wp:featuredmedia":[{"embeddable":true,"href":"https:\/\/www.agricamper.com\/fr\/wp-json\/wp\/v2\/media\/279553"}],"wp:attachment":[{"href":"https:\/\/www.agricamper.com\/fr\/wp-json\/wp\/v2\/media?parent=3360"}],"wp:term":[{"taxonomy":"category","embeddable":true,"href":"https:\/\/www.agricamper.com\/fr\/wp-json\/wp\/v2\/categories?post=3360"},{"taxonomy":"post_tag","embeddable":true,"href":"https:\/\/www.agricamper.com\/fr\/wp-json\/wp\/v2\/tags?post=3360"}],"curies":[{"name":"wp","href":"https:\/\/api.w.org\/{rel}","templated":true}]}}