{"id":75289,"date":"2026-01-26T08:00:00","date_gmt":"2026-01-26T07:00:00","guid":{"rendered":"https:\/\/www.agricamper.com\/?p=75289"},"modified":"2026-01-26T14:22:42","modified_gmt":"2026-01-26T13:22:42","slug":"aosta-und-die-santorso-messe-eine-winterreise-durch-traditionen-und-natur-im-wohnmobil","status":"publish","type":"post","link":"https:\/\/www.agricamper.com\/de\/aosta-und-die-santorso-messe-eine-winterreise-durch-traditionen-und-natur-im-wohnmobil\/","title":{"rendered":"Aosta und die Sant&#8217;Orso-Messe: eine Winterreise durch Traditionen und Natur im Wohnmobil"},"content":{"rendered":"\n<p>Im Winter durch das Aostatal zu reisen bedeutet, in eine Welt aus imposanten Bergen, lebendigen Traditionen und D\u00f6rfern einzutauchen, die jahrhundertealte Geschichten erz\u00e4hlen. Wenn ihr mit dem Wohnmobil, Campervan oder Wohnwagen unterwegs seid, ist Aosta ein ideales Reiseziel, um Kultur, Natur und Bewegungsfreiheit miteinander zu verbinden.<\/p>\n\n\n\n<p>Besonders die Fiera di Sant\u2019Orso z\u00e4hlt zu den faszinierendsten Veranstaltungen des Jahres und verwandelt die Stadt in eine gro\u00dfe Werkstatt unter freiem Himmel. Es ist der perfekte Zeitpunkt, um einen Ausflug nach Aosta zu planen, die authentische Atmosph\u00e4re der Region zu erleben und eine entspannte Pause in der Natur fernab vom hektischen Alltag zu genie\u00dfen.<\/p>\n\n\n\n<!--more Weiterlesen-->\n\n\n\n<h2 class=\"wp-block-heading\"><strong>Die Fiera di Sant\u2019Orso<\/strong><\/h2>\n\n\n\n<h3 class=\"wp-block-heading\"><strong>Ein Ereignis, das die Seele des Aostatals erz\u00e4hlt<\/strong><\/h3>\n\n\n\n<p>Die <a href=\"https:\/\/www.lovevda.it\/it\/banca-dati\/2\/artigianato-fiere-mercatini\/aosta\/fiera-di-sant-orso\/24090\" target=\"_blank\" rel=\"noreferrer noopener\">Fiera di Sant\u2019Orso<\/a> findet jedes Jahr am 30. und 31. Januar in Aosta statt und geh\u00f6rt zu den \u00e4ltesten Veranstaltungen Europas. Beim Spaziergang durch die Stra\u00dfen der Altstadt taucht ihr in eine Tradition ein, die ihre Wurzeln im Mittelalter hat und noch heute Hunderte von Handwerkern aus dem Aostatal zusammenbringt.<\/p>\n\n\n\n<p>W\u00e4hrend der Messe f\u00fcllen sich die Stra\u00dfen mit Holzskulpturen, geschnitzten Objekten, landwirtschaftlichen Werkzeugen, Masken, Spielzeug und Kunstwerken, die das Leben in den Bergen erz\u00e4hlen. Alles entsteht aus reiner Handarbeit und aus Holzarten wie Nussbaum, Ahorn oder L\u00e4rche, Materialien, die fest zur alpinen Landschaft geh\u00f6ren.<\/p>\n\n\n\n<h3 class=\"wp-block-heading\"><strong>Was man w\u00e4hrend der Messe erleben kann<\/strong><\/h3>\n\n\n\n<p>Neben dem Bummeln durch die St\u00e4nde k\u00f6nnt ihr Live-Vorf\u00fchrungen der Holzbearbeitung erleben, spontanen Musikdarbietungen lauschen und lokale Br\u00e4uche entdecken, wie die grolla dell\u2019amicizia, das typische Holzgef\u00e4\u00df, aus dem warme Getr\u00e4nke gemeinsam getrunken werden.<\/p>\n\n\n\n<p>Au\u00dferdem ist die Messe der ideale Moment, um typische Spezialit\u00e4ten aus dem Aostatal zu probieren, perfekt, um sich an kalten Wintertagen aufzuw\u00e4rmen. Kr\u00e4ftige Aromen, eng mit den Bergen verbunden, die die Geschichte dieser Region besser erz\u00e4hlen als jeder Reisef\u00fchrer.<\/p>\n\n\n\n<h2 class=\"wp-block-heading\"><strong>Von Sant\u2019Orso nach Aosta<\/strong><\/h2>\n\n\n\n<h3 class=\"wp-block-heading\"><strong>Wenn die Messe zum Ausgangspunkt f\u00fcr die Entdeckung der Stadt wird<\/strong><\/h3>\n\n\n\n<p>Die Fiera di Sant\u2019Orso ist nicht nur ein Ereignis f\u00fcr zwei Tage, sondern auch der ideale Anlass, Aosta in aller Ruhe zu entdecken. Nach dem Spaziergang durch die St\u00e4nde, dem Beobachten der Handwerker bei der Arbeit und dem Eintauchen in die festliche Atmosph\u00e4re liegt es nahe, ein paar Tage l\u00e4nger zu bleiben und die Stadt mit anderen Augen zu betrachten.<\/p>\n\n\n\n<p><a href=\"https:\/\/www.lovevda.it\/it\/banca-dati\/3\/localita\/valle-d-aosta\/aosta\/362\" target=\"_blank\" rel=\"noreferrer noopener\">Aosta<\/a> zeigt w\u00e4hrend der Messe ihre authentischste Seite, doch schon wenige Schritte abseits der Altstadt wird deutlich, wie viel die Stadt auch jenseits des Events zu bieten hat. F\u00fcr Reisende mit Wohnmobil, Campervan oder Wohnwagen bedeutet das, einen Messebesuch in ein echtes Reiseerlebnis zu verwandeln, gepr\u00e4gt von Kultur, Natur und erholsamen Stopps.<\/p>\n\n\n\n<h3 class=\"wp-block-heading\"><strong>Eine r\u00f6mische Stadt im eigenen Tempo entdecken<\/strong><\/h3>\n\n\n\n<p>Nach der Energie und dem lebhaften Treiben der Fiera di Sant\u2019Orso l\u00e4dt Aosta ganz nat\u00fcrlich dazu ein, einen Gang herunterzuschalten. Die gleichen Stra\u00dfen, die w\u00e4hrend der Messe von Stimmen, D\u00fcften und Farben erf\u00fcllt sind, werden ruhiger und erm\u00f6glichen es, die Stadt aufmerksamer zu betrachten. Genau in diesem Moment zeigt Aosta sein authentischstes Gesicht: das einer echten r\u00f6mischen Stadt, eingebettet zwischen den Bergen.<\/p>\n\n\n\n<p>Beim gem\u00e4chlichen Schlendern f\u00e4llt auf, dass viele der wichtigsten Monumente nur wenige Schritte voneinander entfernt liegen. Der <a href=\"https:\/\/www.lovevda.it\/it\/banca-dati\/8\/architettura-romana\/aosta\/arco-di-augusto\/728\" target=\"_blank\" rel=\"noreferrer noopener\">Augustusbogen<\/a> markiert noch heute einen der symbolischen Eing\u00e4nge zur Stadt, w\u00e4hrend die Porta Praetoria von der st\u00e4dtebaulichen Organisation des antiken Augusta Praetoria erz\u00e4hlt. Ein St\u00fcck weiter dominiert das r\u00f6mische Theater mit seinen imposanten Mauern das Stadtbild und bildet einen faszinierenden Kontrast zwischen antikem Stein und schneebedeckten Gipfeln.<\/p>\n\n\n\n<p>Aosta ist eine Stadt, die man Schritt f\u00fcr Schritt entdeckt \u2013 ideal f\u00fcr Camper, die Reisen mit kurzen Etappen und bewussten Pausen lieben. Nach der Messe wird sie zum perfekten Ort, um die Reise in aller Ruhe fortzusetzen und einen Ausflug nach Aosta in ein tieferes, pers\u00f6nlicheres Erlebnis zu verwandeln.<\/p>\n\n\n\n<h2 class=\"wp-block-heading\"><strong>Von der Stadt in die Natur<\/strong><\/h2>\n\n\n\n<h3 class=\"wp-block-heading\"><strong>Wanderwege, Ausblicke und ruhige Stopps nach der Messe<\/strong><\/h3>\n\n\n\n<p>Nach den intensiven Tagen der Fiera di Sant\u2019Orso entsteht ganz von selbst der Wunsch, das Stadtzentrum hinter sich zu lassen und Ruhe sowie offene Landschaften wiederzufinden. Aosta ist daf\u00fcr der ideale Ausgangspunkt: In wenigen Minuten lasst ihr die historischen Gassen hinter euch und findet euch inmitten von Bergen, W\u00e4ldern und weiten T\u00e4lern wieder.<\/p>\n\n\n\n<p>Die Wanderwege rund um die Stadt erm\u00f6glichen es, die Reise in einem langsameren Tempo fortzusetzen \u2013 perfekt f\u00fcr alle, die mit Wohnmobil oder Wohnwagen unterwegs sind. Die Wege entlang der Dora Baltea bieten einfache, aussichtsreiche Spazierg\u00e4nge, ideal auch nach einem Tag zwischen den Messest\u00e4nden. Mit zunehmender H\u00f6he er\u00f6ffnen die Pfade Richtung Val di Cogne weite Ausblicke auf das Massiv des Gran Paradiso, mit Landschaften, die sich je nach Jahreszeit stark ver\u00e4ndern.<\/p>\n\n\n\n<p>Diese Ausfl\u00fcge erfordern keine langen Fahrten und keine starre Planung. Ihr k\u00f6nnt spontan entscheiden, wo ihr haltmacht, wie weit ihr wandern m\u00f6chtet und wann ihr zu eurem Fahrzeug zur\u00fcckkehrt. Genau hier zeigt das Reisen mit dem Wohnmobil seine gr\u00f6\u00dfte St\u00e4rke: die Freiheit, jeden Tag an die eigene Energie anzupassen \u2013 ohne feste Zeiten oder Verpflichtungen.<\/p>\n\n\n\n<h2 class=\"wp-block-heading\"><strong>Genuss und Traditionen<\/strong><\/h2>\n\n\n\n<h3 class=\"wp-block-heading\"><strong>Der Geschmack des Aostatals, von der Messe bis auf den Teller<\/strong><\/h3>\n\n\n\n<p>Die D\u00fcfte, die ihr w\u00e4hrend der Fiera di Sant\u2019Orso wahrnehmt, enden nicht mit der Veranstaltung. Die K\u00fcche des Aostatals begleitet die gesamte Reise und wird zum roten Faden zwischen Fest und Entdeckung der Region. Nachdem ihr w\u00e4hrend der Messe typische Gerichte probiert habt, k\u00f6nnt ihr diese kulinarische Reise fortsetzen und die lokalen Traditionen des Berglebens kennenlernen.<\/p>\n\n\n\n<p>Zuppa alla valdostana, Polenta concia und Carbonada erz\u00e4hlen dieselbe Geschichte, die ihr in den Holzschnitzereien der Handwerker wiederfindet: eine Kultur der Einfachheit, der Widerstandskraft und der tiefen Verbundenheit mit dem Land. Auch das geh\u00f6rt zur Erfahrung f\u00fcr Camper, die sich f\u00fcr langsamere und bewusstere Reisen im Aostatal entscheiden.<\/p>\n\n\n\n<h2 class=\"wp-block-heading\"><strong>Fazit<\/strong><\/h2>\n\n\n\n<p>Aosta und die Fiera di Sant\u2019Orso bilden eine perfekte Kombination f\u00fcr alle, die Reisen mit dem Wohnmobil lieben und authentische Erlebnisse suchen. Zwischen r\u00f6mischer Geschichte, Handwerk, alpinen Wanderwegen und regionalen Spezialit\u00e4ten bietet jeder Tag neue Entdeckungen.<\/p>\n\n\n\n<p>Dank Agricamper k\u00f6nnt ihr eure Reise noch bereichern, indem ihr naturnahe Stellpl\u00e4tze w\u00e4hlt \u2013 immer im Respekt gegen\u00fcber der Landschaft und den Menschen, die dort leben.<\/p>\n\n\n\n<p><a href=\"https:\/\/www.agricamper.com\/de\/knowledge-base-de\/wo-kann-man-die-agricamper-app-herunterladen-2\/\" title=\"\">Ladet die Agricamper-App herunter<\/a>, entdeckt die Karte der kostenlosen Stellpl\u00e4tze und <a href=\"https:\/\/www.agricamper.com\/de\/produkt\/digitalen-stellplatzfuehrer-italien-landschaft\/\" title=\"\">schlie\u00dft die Mitgliedschaft ab<\/a>, um Zugang zu allen verf\u00fcgbaren Gastgebern in Italien zu erhalten. Eure n\u00e4chste Reise beginnt hier!<\/p>\n","protected":false},"excerpt":{"rendered":"<p>Im Winter durch das Aostatal zu reisen bedeutet, in eine Welt aus imposanten Bergen, lebendigen Traditionen und D\u00f6rfern einzutauchen, die jahrhundertealte Geschichten erz\u00e4hlen. Wenn ihr mit dem Wohnmobil, Campervan oder Wohnwagen unterwegs seid, ist Aosta ein ideales Reiseziel, um Kultur, Natur und Bewegungsfreiheit miteinander zu verbinden. Besonders die Fiera di Sant\u2019Orso z\u00e4hlt zu den faszinierendsten [&hellip;]<\/p>\n","protected":false},"author":6724,"featured_media":76598,"comment_status":"closed","ping_status":"closed","sticky":false,"template":"","format":"standard","meta":{"footnotes":""},"categories":[22],"tags":[1274,529,380,1293,1298,1278,378],"class_list":["post-75289","post","type-post","status-publish","format-standard","has-post-thumbnail","hentry","category-reisen-mit-wohnmobil-und-wohnwagen-in-italien","tag-aktivitaten-in-der-natur-de","tag-historische-denkmaler","tag-kulturelle-aktivitaten","tag-kunststaedte","tag-reisen-mit-dem-wohnmobil-und-wohnwagen","tag-reisen-mit-der-familie-de","tag-typische-gerichte"],"aioseo_notices":[],"_links":{"self":[{"href":"https:\/\/www.agricamper.com\/de\/wp-json\/wp\/v2\/posts\/75289","targetHints":{"allow":["GET"]}}],"collection":[{"href":"https:\/\/www.agricamper.com\/de\/wp-json\/wp\/v2\/posts"}],"about":[{"href":"https:\/\/www.agricamper.com\/de\/wp-json\/wp\/v2\/types\/post"}],"author":[{"embeddable":true,"href":"https:\/\/www.agricamper.com\/de\/wp-json\/wp\/v2\/users\/6724"}],"replies":[{"embeddable":true,"href":"https:\/\/www.agricamper.com\/de\/wp-json\/wp\/v2\/comments?post=75289"}],"version-history":[{"count":1,"href":"https:\/\/www.agricamper.com\/de\/wp-json\/wp\/v2\/posts\/75289\/revisions"}],"predecessor-version":[{"id":75290,"href":"https:\/\/www.agricamper.com\/de\/wp-json\/wp\/v2\/posts\/75289\/revisions\/75290"}],"wp:featuredmedia":[{"embeddable":true,"href":"https:\/\/www.agricamper.com\/de\/wp-json\/wp\/v2\/media\/76598"}],"wp:attachment":[{"href":"https:\/\/www.agricamper.com\/de\/wp-json\/wp\/v2\/media?parent=75289"}],"wp:term":[{"taxonomy":"category","embeddable":true,"href":"https:\/\/www.agricamper.com\/de\/wp-json\/wp\/v2\/categories?post=75289"},{"taxonomy":"post_tag","embeddable":true,"href":"https:\/\/www.agricamper.com\/de\/wp-json\/wp\/v2\/tags?post=75289"}],"curies":[{"name":"wp","href":"https:\/\/api.w.org\/{rel}","templated":true}]}}