{"id":4883,"date":"2026-03-16T07:00:00","date_gmt":"2026-03-16T07:00:00","guid":{"rendered":"https:\/\/www.agricamper.com\/fruehling-5-regionen-italiens-in-denen-die-natur-als-erstes-erwacht\/"},"modified":"2026-04-09T14:08:54","modified_gmt":"2026-04-09T14:08:54","slug":"fruehling-5-regionen-italiens-in-denen-die-natur-als-erstes-erwacht","status":"publish","type":"post","link":"https:\/\/www.agricamper.com\/de\/get-inspired\/fruehling-5-regionen-italiens-in-denen-die-natur-als-erstes-erwacht\/","title":{"rendered":"Fr\u00fchling: 5 Regionen Italiens, in denen die Natur als Erstes erwacht"},"content":{"rendered":"\n<p>Wenn der Winter langsam zu Ende geht, die K\u00e4lte aber noch nicht ganz dem Fr\u00fchling gewichen ist, gibt es in Italien einige Regionen, in denen der Fr\u00fchling fr\u00fcher beginnt. Hier werden die Wiesen \u05db\u05d1\u05e8 im Februar gr\u00fcn, die B\u00e4ume beginnen zu bl\u00fchen und die l\u00e4ngeren Tage machen Lust darauf, wieder loszureisen.<\/p>\n\n\n\n<p>F\u00fcr alle, die <strong>mit dem Wohnmobil<\/strong>, <strong>Campervan<\/strong> oder <strong>Wohnwagen<\/strong> reisen, ist das der perfekte Moment f\u00fcr den Neustart. Die Temperaturen sind mild, die Landschaften ver\u00e4ndern ihre Farben und viele Reiseziele sind noch angenehm ruhig, weit entfernt vom sommerlichen Trubel.<\/p>\n\n\n\n<p>Au\u00dferdem erm\u00f6glicht der fr\u00fche Fr\u00fchling ganz besondere Erlebnisse: Spazierg\u00e4nge zwischen bl\u00fchenden B\u00e4umen, Fahrradtouren auf panoramischen Radwegen, Besuche historischer D\u00f6rfer ohne Menschenmengen und das Entdecken von Regionen, die nach dem Winter wieder erwachen.<\/p>\n\n\n\n<p>Mit <strong>Agricamper<\/strong> k\u00f6nnt ihr eure <strong>Stopps<\/strong> in ganz Italien ganz einfach auf landwirtschaftlichen Betrieben organisieren und das Gebiet authentisch erleben. <a href=\"https:\/\/www.agricamper.com\/de\/faq\/wo-kann-man-die-agricamper-app-herunterladen-2\/\" title=\"\"><strong>Ladet die App herunter<\/strong><\/a> und probiert die kostenlose Demo-Version aus!<\/p>\n\n\n\n<!--more Weiterlesen-->\n\n\n\n<h2 class=\"wp-block-heading\">Gardasee<\/h2>\n\n\n\n<p>Der <strong><a href=\"https:\/\/www.visitgarda.com\/it\/lago_di_garda\/\" target=\"_blank\" rel=\"noreferrer noopener\">Gardasee<\/a><\/strong> ist einer der Orte in Norditalien, an denen der Fr\u00fchling besonders fr\u00fch einzieht. Dank seines besonderen Mikroklimas werden die Temperaturen \u05db\u05d1\u05e8 zwischen Februar und M\u00e4rz milder und die Vegetation erwacht: Olivenb\u00e4ume, Zitronen und G\u00e4rten beginnen, die Ufer des Sees zu f\u00e4rben.<\/p>\n\n\n\n<p>Einer der sch\u00f6nsten Orte ist <strong><a href=\"https:\/\/visitsirmione.com\/\" target=\"_blank\" rel=\"noreferrer noopener\">Sirmione<\/a><\/strong>, das auf einer Halbinsel liegt, die weit in den See hineinragt. Hier k\u00f6nnt ihr die <strong>Scaligerburg<\/strong> besichtigen, eine der am besten erhaltenen mittelalterlichen Festungen Italiens, sowie die <strong>Grotten des Catull<\/strong>, eine bedeutende r\u00f6mische Ausgrabungsst\u00e4tte mit Blick auf den See.<\/p>\n\n\n\n<p>Am Ostufer liegt <strong><a href=\"https:\/\/www.visitmalcesine.com\/it\" target=\"_blank\" rel=\"noreferrer noopener\">Malcesine<\/a><\/strong>, dominiert von der <strong>Scaligerburg<\/strong> und Ausgangspunkt der Seilbahn auf den <strong>Monte Baldo<\/strong>, einen Panoramaberg mit spektakul\u00e4rem Blick auf den See und die Alpen.<\/p>\n\n\n\n<p>F\u00fcr alle, die lieber mit dem Fahrrad unterwegs sind, bietet der <strong>Garda-Radweg<\/strong> einige der beeindruckendsten Panoramaabschnitte Italiens, mit Strecken entlang des Wassers, durch Tunnel und \u00fcber schwebende Stege.<\/p>\n\n\n\n<p>Auch <strong><a href=\"https:\/\/www.visitlimonesulgarda.com\/it\/\" target=\"_blank\" rel=\"noreferrer noopener\">Limone sul Garda<\/a><\/strong> ist einen kulturellen Abstecher wert. Der Ort ist bekannt f\u00fcr seine alten <strong>historischen Zitroneng\u00e4rten<\/strong>, die vom Zitrusanbau am See seit dem 18. Jahrhundert zeugen.<\/p>\n\n\n\n<p>Die lokale K\u00fcche spiegelt die Begegnung zwischen alpiner und mediterraner Tradition wider. Zu den typischen Gerichten geh\u00f6ren:<\/p>\n\n\n\n<ul class=\"wp-block-list\">\n<li>Bigoli mit Sardinen<\/li>\n\n\n\n<li>Risotto mit Schleie<\/li>\n\n\n\n<li>gegrillter Seefisch<\/li>\n\n\n\n<li>Tortellini aus Valeggio sul Mincio<\/li>\n<\/ul>\n\n\n\n<h2 class=\"wp-block-heading\">Colli Tortonesi<\/h2>\n\n\n\n<p>Im S\u00fcdosten des <strong>Piemont<\/strong>, zwischen <a href=\"https:\/\/www.discoverderthona.it\/\" target=\"_blank\" rel=\"noreferrer noopener\"><strong>Tortona<\/strong><\/a> und den ersten H\u00fcgeln des ligurischen Apennins, bieten die <strong>Colli Tortonesi<\/strong> sanfte Landschaften, die noch wenig touristisch gepr\u00e4gt sind. Im Fr\u00fchling f\u00e4rben sich diese H\u00fcgel gr\u00fcn, die Weinberge erwachen und die Temperaturen werden ideal f\u00fcr Spazierg\u00e4nge und Ausfl\u00fcge an der frischen Luft.<\/p>\n\n\n\n<p>Einer der interessantesten Orte f\u00fcr einen Besuch ist <strong><a href=\"https:\/\/www.granmonferrato.it\/volpedo-borghi-in-collina\/\" target=\"_blank\" rel=\"noreferrer noopener\">Volpedo<\/a><\/strong>, ein kleines Dorf, das als Geburtsort des Malers <strong>Giuseppe Pellizza da Volpedo<\/strong> bekannt ist. Hier k\u00f6nnt ihr das <strong>Atelier-Museum Pellizza da Volpedo<\/strong> besuchen und \u00fcber die <strong>Piazza dei Quattro Stati<\/strong> spazieren, die durch das Symbolgem\u00e4lde des italienischen Divisionismus ber\u00fchmt wurde.<\/p>\n\n\n\n<p>Naturliebhaber k\u00f6nnen die Wege der <strong>T\u00e4ler Curone, Grue und Ossona<\/strong> erkunden oder sich auf den <strong>Monte Giarolo<\/strong> wagen, den h\u00f6chsten Gipfel der Gegend, von dem man an klaren Tagen sowohl die Alpen als auch das Ligurische Meer sehen kann.<\/p>\n\n\n\n<p>Die lokale kulinarische Tradition ist eng mit den Produkten dieser H\u00fcgel verbunden. Zu den typischsten Spezialit\u00e4ten geh\u00f6ren:<\/p>\n\n\n\n<ul class=\"wp-block-list\">\n<li>piemontesische Agnolotti<\/li>\n\n\n\n<li>Salame Nobile del Giarolo<\/li>\n\n\n\n<li>Montebore, einer der \u00e4ltesten K\u00e4se des Piemont<\/li>\n\n\n\n<li>Haselnussgeb\u00e4ck<\/li>\n<\/ul>\n\n\n\n<h2 class=\"wp-block-heading\">Valnerina<\/h2>\n\n\n\n<p>Im S\u00fcden <strong>Umbriens<\/strong> ist die <a href=\"https:\/\/www.umbriatourism.it\/it\/valnerina-da-scoprire\" target=\"_blank\" rel=\"noreferrer noopener\"><strong>Valnerina<\/strong><\/a> eines der authentischsten und eindrucksvollsten T\u00e4ler Mittelitaliens. Durchquert vom Fluss <strong>Nera<\/strong>, erwacht diese Bergregion schon fr\u00fch im Fr\u00fchling: Die Wiesen werden wieder gr\u00fcn, die W\u00e4lder f\u00fcllen sich mit Blumen und die l\u00e4ngeren Tage laden dazu ein, die Gegend zu erkunden.<\/p>\n\n\n\n<p>Einer der faszinierendsten Orte ist <strong><a href=\"https:\/\/www.umbriatourism.it\/it\/vallo-di-nera\" target=\"_blank\" rel=\"noreferrer noopener\">Vallo di Nera<\/a><\/strong>, eines der am besten erhaltenen mittelalterlichen D\u00f6rfer Umbriens, mit Steinh\u00e4usern, engen Gassen und einem herrlichen Blick \u00fcber das Tal. Nicht weit entfernt liegt <strong>Scheggino<\/strong>, ein kleines Dorf am Fluss, umgeben von W\u00e4ldern und H\u00fcgeln.<\/p>\n\n\n\n<p>Zu den eindrucksvollsten historischen St\u00e4tten der Region geh\u00f6rt die <strong><a href=\"https:\/\/www.umbriatourism.it\/it\/-\/abbazia-di-san-pietro-in-valle-a-ferentillo\" target=\"_blank\" rel=\"noreferrer noopener\">Abtei San Pietro in Valle<\/a><\/strong>, ein altes Kloster mitten in der Natur, reich an Fresken und mittelalterlichen Zeugnissen.<\/p>\n\n\n\n<p>Weiter in Richtung Apennin erreicht ihr <strong><a href=\"https:\/\/www.castellucciodinorcia.it\/\" target=\"_blank\" rel=\"noreferrer noopener\">Castelluccio di Norcia<\/a><\/strong>, ein kleines Dorf auf \u00fcber 1400 Metern H\u00f6he im <strong>Nationalpark Monti Sibillini<\/strong>. Der Ort \u00fcberblickt die ber\u00fchmte <strong>Hochebene von Castelluccio<\/strong>, ein spektakul\u00e4res Plateau, das sich im Fr\u00fchling mit bl\u00fchenden Wiesen und intensiven Farben f\u00fcllt.<\/p>\n\n\n\n<p>Die lokale K\u00fcche spiegelt die umbrische Gastronomietradition mit ihren kr\u00e4ftigen Aromen wider. Zu den typischen Gerichten geh\u00f6ren:<\/p>\n\n\n\n<ul class=\"wp-block-list\">\n<li>Strangozzi mit Tr\u00fcffel<\/li>\n\n\n\n<li>Wurstspezialit\u00e4ten aus Norcia<\/li>\n\n\n\n<li>Linsen aus Castelluccio<\/li>\n\n\n\n<li>H\u00fclsenfruchtsuppen aus dem Apennin<\/li>\n<\/ul>\n\n\n\n<h2 class=\"wp-block-heading\">Costa degli Dei<\/h2>\n\n\n\n<p>Im S\u00fcden <strong>Kalabriens<\/strong>, zwischen <strong>Pizzo<\/strong>, <strong>Tropea<\/strong> und <strong>Capo Vaticano<\/strong>, erstreckt sich einer der spektakul\u00e4rsten K\u00fcstenabschnitte des Mittelmeers: die <strong><a href=\"https:\/\/calabriastraordinaria.it\/destinazioni\/costa-degli-dei\" target=\"_blank\" rel=\"noreferrer noopener\">Costa degli Dei<\/a><\/strong>. Hier kommt der Fr\u00fchling sehr fr\u00fch und schon zwischen M\u00e4rz und April ist das Klima mild, mit hellen Tagen, die perfekt sind, um die Gegend zu erkunden.<\/p>\n\n\n\n<p>Einer der bekanntesten Orte ist <strong><a href=\"https:\/\/www.tropea-tourism.com\/\" target=\"_blank\" rel=\"noreferrer noopener\">Tropea<\/a><\/strong>, ber\u00fchmt f\u00fcr seine auf einer Klippe erbaute Altstadt und das <strong>Heiligtum Santa Maria dell\u2019Isola<\/strong>, das hoch oben auf einem felsigen Vorsprung \u00fcber dem Meer thront.<\/p>\n\n\n\n<p>Folgt man der K\u00fcste weiter, erreicht man <strong><a href=\"https:\/\/calabriastraordinaria.it\/destinazioni\/il-fascino-mitico-di-capo-vaticano\" target=\"_blank\" rel=\"noreferrer noopener\">Capo Vaticano<\/a><\/strong>, einen der spektakul\u00e4rsten Aussichtspunkte Kalabriens. Von hier aus starten mehrere K\u00fcstenwege durch die mediterrane Macchia mit Blick auf das t\u00fcrkisfarbene Meer und an klaren Tagen bis zu den <strong>\u00c4olischen Inseln<\/strong>.<\/p>\n\n\n\n<p>Auch <strong>Pizzo<\/strong> in der Umgebung ist einen Besuch wert, eine elegante K\u00fcstenstadt, die f\u00fcr das <strong><a href=\"https:\/\/calabriastraordinaria.it\/luoghi\/castello-murat-pizzo\" target=\"_blank\" rel=\"noreferrer noopener\">Castello Murat<\/a><\/strong> bekannt ist, eine historische Festung direkt an der K\u00fcste. Etwas weiter im Landesinneren liegt <strong><a href=\"https:\/\/calabriastraordinaria.it\/destinazioni\/ricadi-le-spiagge-privilegiate-dagli-dei\" target=\"_blank\" rel=\"noreferrer noopener\">Ricadi<\/a><\/strong>, ein kleines Dorf inmitten gr\u00fcner H\u00fcgel mit herrlichem Blick auf das Tyrrhenische Meer.<\/p>\n\n\n\n<p>Die lokale K\u00fcche spiegelt die intensiven Aromen der kalabrischen Tradition wider. Zu den typischsten Spezialit\u00e4ten geh\u00f6ren:<\/p>\n\n\n\n<ul class=\"wp-block-list\">\n<li>kalabrische Fileja<\/li>\n\n\n\n<li>rote Zwiebel aus Tropea<\/li>\n\n\n\n<li>Blaufisch aus dem Tyrrhenischen Meer<\/li>\n\n\n\n<li>Tartufo aus Pizzo<\/li>\n<\/ul>\n\n\n\n<h2 class=\"wp-block-heading\">S\u00fcdk\u00fcste Siziliens und Tal der Tempel<\/h2>\n\n\n\n<p>Im S\u00fcden <strong>Siziliens<\/strong>, zwischen <strong><a href=\"https:\/\/www.visitsicily.info\/localita\/agrigento\/\" target=\"_blank\" rel=\"noreferrer noopener\">Agrigent<\/a><\/strong>, der <strong>Scala dei Turchi<\/strong> und <strong>Eraclea Minoa<\/strong>, kommt der Fr\u00fchling besonders fr\u00fch. Bereits zwischen Februar und M\u00e4rz ist das Klima mild, die Tage werden l\u00e4nger und die Landschaft f\u00fcllt sich mit den Farben der mediterranen Macchia.<\/p>\n\n\n\n<p>Das bekannteste Highlight ist das <strong><a href=\"https:\/\/parchiarcheologici.regione.sicilia.it\/parco-archeologico-della-valle-dei-templi\/\" target=\"_blank\" rel=\"noreferrer noopener\">Tal der Tempel von Agrigent<\/a><\/strong>, eine der spektakul\u00e4rsten arch\u00e4ologischen St\u00e4tten des Mittelmeerraums. Hier k\u00f6nnt ihr hervorragend erhaltene griechische Tempel bewundern, wie den <strong>Tempel der Concordia<\/strong>, den <strong>Junotempel<\/strong> und den <strong>Herkulestempel<\/strong>, eingebettet in eine Landschaft aus H\u00fcgeln und Olivenb\u00e4umen. Im Fr\u00fchling wird die Gegend noch stimmungsvoller durch die <strong>Mandelbl\u00fcte<\/strong>, die jedes Jahr mit dem traditionellen <strong><a href=\"https:\/\/www.visitsicily.info\/evento-new\/festa-del-mandorlo-in-fiore-2\/\" target=\"_blank\" rel=\"noreferrer noopener\">Fest der Mandelbl\u00fcte<\/a><\/strong> gefeiert wird.<\/p>\n\n\n\n<p>Nur wenige Kilometer entfernt liegt die ber\u00fchmte <strong><a href=\"https:\/\/www.visitsicily.info\/scala-dei-turchi\/\" target=\"_blank\" rel=\"noreferrer noopener\">Scala dei Turchi<\/a><\/strong>, eine spektakul\u00e4re wei\u00dfe Mergelklippe, die in sanften Wellenformen zum Meer hin abf\u00e4llt. Der Kontrast zwischen dem hellen Felsen und dem t\u00fcrkisfarbenen Wasser schafft eines der ikonischsten K\u00fcstenpanoramen Siziliens.<\/p>\n\n\n\n<p>Entlang der K\u00fcste weiter erreicht ihr <strong><a href=\"https:\/\/parchiarcheologici.regione.sicilia.it\/valle-templi\/siti-archeologici\/area-archeologica-antiquarium-e-teatro-eraclea-minoa\/\" target=\"_blank\" rel=\"noreferrer noopener\">Eraclea Minoa<\/a><\/strong>, wo ein langer Sandstrand von wei\u00dfen Klippen und einem Pinienwald gesch\u00fctzt wird, der die Landschaft noch eindrucksvoller macht. Hier befindet sich auch eine interessante <strong>griechische Ausgrabungsst\u00e4tte<\/strong> mit den Resten eines antiken Theaters mit Blick auf das Meer.<\/p>\n\n\n\n<p>Die lokale K\u00fcche spiegelt den ganzen Reichtum der sizilianischen Tradition wider. Zu den typischsten Spezialit\u00e4ten geh\u00f6ren:<\/p>\n\n\n\n<ul class=\"wp-block-list\">\n<li>Auberginen-Caponata<\/li>\n\n\n\n<li>Fisch-Couscous<\/li>\n\n\n\n<li>Arancine<\/li>\n\n\n\n<li>Cannoli mit Ricotta<\/li>\n\n\n\n<li>sizilianische Cassata<\/li>\n<\/ul>\n\n\n\n<h2 class=\"wp-block-heading\">Fazit<\/h2>\n\n\n\n<p>Der Fr\u00fchling ist eine der besten Jahreszeiten, um <strong>Reisen mit dem Wohnmobil, Campervan oder Caravan<\/strong> zu planen.<\/p>\n\n\n\n<p>Die Temperaturen sind ideal, die Landschaften ver\u00e4ndern sich und viele Reiseziele sind noch weit entfernt vom sommerlichen Tourismus.<\/p>\n\n\n\n<p>Mit Agricamper k\u00f6nnt ihr eure Stopps w\u00e4hrend eurer Reisen durch Italien ganz einfach organisieren.<\/p>\n\n\n\n<p>Unterwegs k\u00f6nnt ihr einen Halt auf einem landwirtschaftlichen Betrieb w\u00e4hlen und echte, authentische Erfahrungen fernab vom Massentourismus erleben.<\/p>\n\n\n\n<p>Wenn ihr entdecken m\u00f6chtet, wie das Netzwerk funktioniert, k\u00f6nnt ihr damit beginnen, <a href=\"https:\/\/www.agricamper.com\/de\/faq\/wo-kann-man-die-agricamper-app-herunterladen-2\/\" title=\"\"><strong>die App herunterzuladen<\/strong><\/a> und die <strong>kostenlose Demo-Version<\/strong> auszuprobieren.<\/p>\n\n\n\n<p>Und wenn ihr dann wirklich losfahren m\u00f6chtet, k\u00f6nnt ihr <strong><a href=\"https:\/\/www.agricamper.com\/de\/produkt\/agricamper-italia-stellplatzfuehrer-fuer-wohnmobile-in-italien\/\" title=\"\">die Mitgliedschaft kaufen<\/a><\/strong> und frei zwischen Hunderten von Stopps in ganz Italien reisen.<\/p>\n\n\n\n<p>Entdeckt jetzt, wohin euch eure n\u00e4chste Reise f\u00fchren wird!<\/p>\n","protected":false},"excerpt":{"rendered":"<p>Wenn der Winter langsam zu Ende geht, die K\u00e4lte aber noch nicht ganz dem Fr\u00fchling gewichen ist, gibt es in Italien einige Regionen, in denen der Fr\u00fchling fr\u00fcher beginnt. Hier werden die Wiesen \u05db\u05d1\u05e8 im Februar gr\u00fcn, die B\u00e4ume beginnen zu bl\u00fchen und die l\u00e4ngeren Tage machen Lust darauf, wieder loszureisen. F\u00fcr alle, die mit [&hellip;]<\/p>\n","protected":false},"author":1,"featured_media":4875,"comment_status":"closed","ping_status":"closed","sticky":false,"template":"","format":"standard","meta":{"_acf_changed":false,"_breakdance_hide_in_design_set":false,"_breakdance_tags":"","footnotes":""},"categories":[354],"tags":[410,570,375,355,534,537,411,357],"class_list":["post-4883","post","type-post","status-publish","format-standard","has-post-thumbnail","hentry","category-reisen-mit-wohnmobil-und-wohnwagen-in-italien","tag-aktivitaten-in-der-natur","tag-entspannen","tag-historische-denkmaler","tag-kulturelle-aktivitaten","tag-kunststadte","tag-reisen-mit-dem-wohnmobil-und-wohnwagen","tag-reisen-mit-der-familie","tag-typische-gerichte"],"acf":[],"_links":{"self":[{"href":"https:\/\/www.agricamper.com\/de\/wp-json\/wp\/v2\/posts\/4883","targetHints":{"allow":["GET"]}}],"collection":[{"href":"https:\/\/www.agricamper.com\/de\/wp-json\/wp\/v2\/posts"}],"about":[{"href":"https:\/\/www.agricamper.com\/de\/wp-json\/wp\/v2\/types\/post"}],"author":[{"embeddable":true,"href":"https:\/\/www.agricamper.com\/de\/wp-json\/wp\/v2\/users\/1"}],"replies":[{"embeddable":true,"href":"https:\/\/www.agricamper.com\/de\/wp-json\/wp\/v2\/comments?post=4883"}],"version-history":[{"count":1,"href":"https:\/\/www.agricamper.com\/de\/wp-json\/wp\/v2\/posts\/4883\/revisions"}],"predecessor-version":[{"id":4884,"href":"https:\/\/www.agricamper.com\/de\/wp-json\/wp\/v2\/posts\/4883\/revisions\/4884"}],"wp:featuredmedia":[{"embeddable":true,"href":"https:\/\/www.agricamper.com\/de\/wp-json\/wp\/v2\/media\/4875"}],"wp:attachment":[{"href":"https:\/\/www.agricamper.com\/de\/wp-json\/wp\/v2\/media?parent=4883"}],"wp:term":[{"taxonomy":"category","embeddable":true,"href":"https:\/\/www.agricamper.com\/de\/wp-json\/wp\/v2\/categories?post=4883"},{"taxonomy":"post_tag","embeddable":true,"href":"https:\/\/www.agricamper.com\/de\/wp-json\/wp\/v2\/tags?post=4883"}],"curies":[{"name":"wp","href":"https:\/\/api.w.org\/{rel}","templated":true}]}}