{"id":4696,"date":"2025-11-24T07:00:00","date_gmt":"2025-11-24T07:00:00","guid":{"rendered":"https:\/\/www.agricamper.com\/eine-reise-mit-dem-wohnmobil-zu-den-alten-waechtern-unseres-landes\/"},"modified":"2026-04-09T14:07:59","modified_gmt":"2026-04-09T14:07:59","slug":"eine-reise-mit-dem-wohnmobil-zu-den-alten-waechtern-unseres-landes","status":"publish","type":"post","link":"https:\/\/www.agricamper.com\/de\/get-inspired\/eine-reise-mit-dem-wohnmobil-zu-den-alten-waechtern-unseres-landes\/","title":{"rendered":"Eine Reise mit dem Wohnmobil zu den alten W\u00e4chtern unseres Landes"},"content":{"rendered":"\n<p>Am 21.\u202fNovember wurde der Welt\u2011Baumtag gefeiert \u2013 ein perfekter Moment, um uns daran zu erinnern, wie wichtig es ist, die Landschaft zu bewahren, die wir auf unseren Reisen mit dem Wohnmobil oder Campervan so lieben zu durchqueren. Gleichzeitig ist es ein idealer Anlass, eine neue Natur\u2011Pause einzuplanen \u2013 vielleicht direkt bei einem dieser au\u00dfergew\u00f6hnlichen pflanzlichen Monumente.<\/p>\n\n\n\n<p>Diese stillen Riesen stehen \u00fcberall \u2013 von Norden bis S\u00fcden \u2013 und erz\u00e4hlen Geschichten von Jahrhunderten, manchmal Jahrtausenden. Sie begleiten uns bei Ausfl\u00fcgen und Abenteuern, die uns ein gr\u00fcneres, authentischeres Italien entdecken lassen \u2013 tief verbunden mit der Natur.<\/p>\n\n\n\n<p>Gehen wir also auf Entdeckungstour zu einigen der faszinierendsten monumentalen B\u00e4ume Italiens, angeordnet auf einer idealen Route von Nord nach S\u00fcd \u2013 eine langsame, tiefgehende und gr\u00fcne Reise, perfekt f\u00fcr alle, die mit Camper oder Caravan unterwegs sind.<\/p>\n\n\n\n<!--more weiterlesen-->\n\n\n\n<h2 class=\"wp-block-heading\"><strong>Die monumentalen B\u00e4ume Italiens<\/strong><\/h2>\n\n\n\n<p>Monumentale B\u00e4ume sind nicht einfach nur \u201egro\u00dfe B\u00e4ume\u201c. Sie sind Einzelst\u00fccke \u2013 einzigartig in Alter, Gr\u00f6\u00dfe, Form, Legende oder \u00f6kologischer Bedeutung. Oft waren sie Zeugen historischer Ereignisse oder Ursprung lokaler Mythen, die bis heute erz\u00e4hlbar sind. In diesem Abschnitt nehmen wir euch mit auf die Entdeckung einiger der bekanntesten Exemplare, inklusive Tipps zur Umgebung \u2013 ideal f\u00fcr alle, die gerne langsame und sinnvolle Aufenthalte in Italien organisieren.<\/p>\n\n\n\n<h2 class=\"wp-block-heading\"><strong>1. Norditalien: wo W\u00e4lder mit den Bergen verschmelzen<\/strong><\/h2>\n\n\n\n<p>Norditalien ist ein privilegiertes Gebiet f\u00fcr alle, die mit Wohnmobil, Caravan oder Van auf der Suche nach echter Natur und unber\u00fchrten Landschaften unterwegs sind. Hier sind monumentale B\u00e4ume nicht blo\u00df botanische Erscheinungen: Sie sind integraler Bestandteil der alpinen und voralpinen Identit\u00e4t, formen T\u00e4ler, bewachen Wege und markieren alte Pass\u00adrouten.<\/p>\n\n\n\n<h3 class=\"wp-block-heading\"><strong>Die tausendj\u00e4hrige L\u00e4rche im Val d\u2019Ultimo (Trentino\u2011S\u00fcdtirol)<\/strong><\/h3>\n\n\n\n<p>In der tiefen Stille des <strong>Val d\u2019Ultimo<\/strong>, einem der wildesten und unber\u00fchrtesten T\u00e4ler im Trentino\u2011S\u00fcdtirol, stehen <strong><a href=\"https:\/\/www.gallorosso.it\/it\/alto-adige\/highlights\/escursione\/larici-millenari\">drei monumentale L\u00e4rchen<\/a><\/strong>, die zu den \u00e4ltesten B\u00e4umen Europas z\u00e4hlen. Die ber\u00fchmteste \u2013 oft einfach <strong>\u201edie tausendj\u00e4hrige L\u00e4rche\u201c<\/strong> genannt \u2013 ist \u00fcber 2.000\u202fJahre alt: ein Alter, das schwer vorstellbar ist. Als dieser Baum seine Wurzeln schlug, steckte das R\u00f6mische Reich noch nicht in seiner Bl\u00fcte und alpine Gemeinschaften lebten von Viehzucht und lokalem Austausch.<\/p>\n\n\n\n<p>Sie live zu erleben ist sprachlos machend. Der Stamm ist riesig und knorrig, geformt von Jahrhunderten frostiger Winter und brausender Winde. Die dicke, rissige Rinde erz\u00e4hlt die vergehenden Jahreszeiten wie Seiten eines alten Buches. Die m\u00e4chtigen \u00c4ste neigen sich, erheben sich langsam gen Licht \u2013 wie Arme, die im Wald\u2011Schweigen nach der Sonne greifen.<\/p>\n\n\n\n<h3 class=\"wp-block-heading\"><strong>Die Platane der Giardini Estensi (Varese,\u202fLombardei)<\/strong><\/h3>\n\n\n\n<p>Im eleganten <strong><a href=\"https:\/\/www.comune.varese.it\/c012133\/zf\/index.php\/servizi-aggiuntivi\/index\/index\/idtesto\/524\" target=\"_blank\" rel=\"noreferrer noopener\">Giardini\u202fEstensi von Varese<\/a><\/strong>, einem der stilvollsten historischen Parks der Lombardei, w\u00e4chst eine <strong>monumentale Platane<\/strong>, die seit \u00fcber zwei Jahrhunderten das Landschaftsbild mit ihrer majest\u00e4tischen Pr\u00e4senz pr\u00e4gt. Gepflanzt im <strong>18.\u202fJahrhundert<\/strong>, ist sie heute eines der gr\u00fcnen Wahrzeichen der Stadt: ein sanfter Riese, der Besucher, Spazierg\u00e4nger und Neugierige unter seiner \u00fcberraschend breiten Krone empf\u00e4ngt.<\/p>\n\n\n\n<p>Im Sommer wird sein Schatten zu einer Art nat\u00fcrlichem Salon, wo man verweilen kann, um den Park zu betrachten, dem Rauschen der Bl\u00e4tter zu lauschen oder einfach einen Moment der Ruhe zu atmen. Im Herbst verwandeln sich die goldenen Bl\u00e4tter in eine fast filmische Szenerie voller Farbe und Tiefe.<\/p>\n\n\n\n<h3 class=\"wp-block-heading\"><strong>Die Libanonzeder von La\u202fMorra (Piemont)<\/strong><\/h3>\n\n\n\n<p>Auf den sanften H\u00fcgeln der Langhe, wo die Weinberge das Landschaftsbild wie eine geduldige und uralte Webarbeit formen, steht einer der ikonischsten B\u00e4ume des Piemonts: <strong><a href=\"https:\/\/langhe.net\/sight\/cedro-del-libano\/\" target=\"_blank\" rel=\"noreferrer noopener\">die Libanonzeder von La\u202fMorra<\/a><\/strong>. Gepflanzt im sp\u00e4ten 19.\u202fJahrhundert als Symbol f\u00fcr Liebe und Einheit \u2013 einer \u00dcberlieferung zufolge von einem jungen Paar \u2013, ist dieser Baum im Laufe der Zeit zu einem erkennbaren Wahrzeichen geworden, sichtbar aus Kilometern Entfernung.<\/p>\n\n\n\n<p>Seine Krone ist ein Naturkunstwerk: breit, perfekt symmetrisch, fast wie eine gro\u00dfe gr\u00fcne Kuppel, die elegant gegen den Himmel steht. Die \u00c4ste \u00f6ffnen sich mit seltener Anmut, schaffen einen weiten Schatten, der scheinbar den ganzen H\u00fcgel zu umarmen scheint. Der Stamm, imposant und robust, bewahrt mehr als ein Jahrhundert Wind, Licht, Herbstnebel und d\u00e4mmernde Morgen \u00fcber den Weinbergen.<\/p>\n\n\n\n<p>Norditalien beherbergt noch viele weitere solcher \u201eGiganten\u201c: Eiben, Eichen, Ulmen und sogar einige Ginkgo\u2011Biloba\u2011Pflanzungen aus dem 18.\u202fJahrhundert in botanischen G\u00e4rten. Wenn Sie eine naturbetonte Reise durch Italien planen, lohnt es sich wirklich, diesen B\u00e4umen zumindest eine Pause zu widmen.<\/p>\n\n\n\n<h2 class=\"wp-block-heading\"><strong>2. Mittelitalien: weiches Licht und Riesen, die mit H\u00fcgeln und D\u00f6rfern tanzen<\/strong><\/h2>\n\n\n\n<p>Mittelitalien ist eine Umarmung aus sanften H\u00fcgeln, mittelalterlichen D\u00f6rfern und zeitlosen Agrarlandschaften. Es ist auch Heimat einiger der ikonischsten monumentalen B\u00e4ume des Landes. Wer hier mit Wohnmobil oder Van unterwegs ist, findet zahlreiche Halt\u2011 und \u00dcbernachtungsm\u00f6glichkeiten in Agriturismi und Bauernh\u00f6fen \u2013 ideal zum Entspannen und Auftanken.<\/p>\n\n\n\n<h3 class=\"wp-block-heading\"><strong>Die Eiche der Checche (Toskana)<\/strong><\/h3>\n\n\n\n<p>Im Herzen des <a href=\"https:\/\/visitvaldorcia.it\/\" target=\"_blank\" rel=\"noreferrer noopener\">Val\u202fd\u2019Orcia<\/a> steht diese \u00fcber drei Jahrhunderte alte Eiche \u2013 eine wahre Matriarchin der toskanischen Landschaft und der <strong>erste Baum Italiens<\/strong>, der offiziell als <strong>\u201egr\u00fcnes Monument\u201c<\/strong> anerkannt wurde \u2013 ein Ehrentitel, der seine au\u00dfergew\u00f6hnliche Sch\u00f6nheit und seinen historischen sowie nat\u00fcrlichen Wert feiert. Seine Krone ist so weit, dass sie ein wahres \u201egr\u00fcnes Himmelszelt\u201c schafft: ein elegantes Geflecht von \u00c4sten, das einen gro\u00dfen Kreis Schatten umh\u00fcllt.<\/p>\n\n\n\n<p>Seine Struktur wirkt so besonders und dramatisch, dass es scheint, als sei er einem Fantasy\u2011Roman entsprungen. Kein Wunder also, dass K\u00fcnstler:innen, Fotograf:innen und Schriftsteller:innen sich schon lange von ihm inspirieren lassen.<\/p>\n\n\n\n<h3 class=\"wp-block-heading\"><strong>Die Steineiche des Eremo delle Carceri (Umbrien)<\/strong><\/h3>\n\n\n\n<p>An den H\u00e4ngen des Monte Subasio, im Schweigen des <strong><a href=\"https:\/\/www.santuarioeremodellecarceri.org\/\" target=\"_blank\" rel=\"noreferrer noopener\">Eremo\u202fdelle\u202fCarceri<\/a><\/strong>, w\u00e4chst eine legend\u00e4re Steineiche. Der \u00dcberlieferung nach soll es jener Baum gewesen sein, unter dem der hl.\u202fFranziskus innehielt, um zu beten \u2013 auf der Suche nach Ruhe und Kontemplation. Seine dichte Krone wirft einen tiefen, fast spirituellen Schatten, und sein vom Alter gezeichneter Stamm scheint Geschichten von M\u00f6nchen, Einsiedlern und Pilgern zu erz\u00e4hlen.<\/p>\n\n\n\n<p>Seinen Besuch w\u00e4hrend Ihrer Wohnmobilreise macht einen Moment echter Stille erlebbar \u2013 perfekt nach einer Pause in der Natur auf den H\u00fcgellandschaften Umbriens.<\/p>\n\n\n\n<h2 class=\"wp-block-heading\"><strong>3. S\u00fcditalien: Wo B\u00e4ume nach Meer und alten Kulturen duften<\/strong><\/h2>\n\n\n\n<p>S\u00fcditalien ist ein intensives, lichtdurchflutetes und zutiefst mediterranes Land. Hier sind monumentale B\u00e4ume nicht nur botanische Erscheinungen: Sie sind wahre Symbole des Territoriums \u2013 geformt durch Jahrhunderte von Wind, Sonne und Geschichten. Wer mit dem Wohnmobil oder Caravan durch diese Regionen reist, hat oft das Gef\u00fchl, dass jeder alte Baum etwas erz\u00e4hlen m\u00f6chte.<\/p>\n\n\n\n<h3 class=\"wp-block-heading\"><strong>Die Vallonea-Eiche von Tricase (Apulien)<\/strong><\/h3>\n\n\n\n<p>Ein echtes botanisches Kuriosum, denn die Vallonea ist eine Eichenart, die normalerweise in Griechenland und auf dem Balkan vorkommt. Das Exemplar in Tricase \u2013 auch bekannt als \u201e<strong>die Eiche der 1000 Jahre<\/strong>\u201c \u2013 ist einer der imposantesten B\u00e4ume Europas: Ihre Krone breitet sich spektakul\u00e4r aus und ihr Stamm ist so gro\u00df, dass er an den Sockel eines Naturturms erinnert.<\/p>\n\n\n\n<p>Diese B\u00e4ume sind nicht einfach nur \u201eSehensw\u00fcrdigkeiten\u201c \u2013 sie sind Reisebegleiter, lebendige Wurzeln der mediterranen Kultur.<\/p>\n\n\n\n<h3 class=\"wp-block-heading\"><strong>Die Schlangenhaut-Kiefer am Monte Pollino (Kalabrien)<\/strong><\/h3>\n\n\n\n<p>Die sogenannte \u201eLorica-Kiefer\u201c ist das Wahrzeichen des <a href=\"https:\/\/parconazionalepollino.it\/\" target=\"_blank\" rel=\"noreferrer noopener\">Nationalparks Pollino<\/a>, des gr\u00f6\u00dften Nationalparks Italiens. Einige Exemplare \u2013 wie der ber\u00fchmte <strong>\u201ePatriarch von Pollino\u201c<\/strong> \u2013 sind \u00fcber 1000 Jahre alt.<br>Die besondere Rinde, die an mittelalterliche R\u00fcstung erinnert, gab der Art ihren Namen. Diese B\u00e4ume wachsen auf felsigen Graten, wo sie extremen Wetterbedingungen trotzen \u2013 Wind, Hitze, Schnee \u2013 dort, wo kaum etwas anderes \u00fcberleben k\u00f6nnte.<\/p>\n\n\n\n<p>Um sie zu erreichen, braucht es eine Wanderung, aber der Ausblick \u2013 Berge, die zwischen Himmel und Meer zu schweben scheinen \u2013 ist unvergesslich.<\/p>\n\n\n\n<h3 class=\"wp-block-heading\"><strong>Die Kastanie der hundert Pferde (Sizilien)<\/strong><\/h3>\n\n\n\n<p>Wahrscheinlich einer der ber\u00fchmtesten B\u00e4ume Italiens \u2013 und der Welt. Diese monumentale Kastanie w\u00e4chst an der Ostflanke des \u00c4tna und gilt als <strong>gr\u00f6\u00dfter Baum Europas nach Stammumfang<\/strong>. Der Legende nach fanden hier einst hundert Ritter samt Gefolge w\u00e4hrend eines pl\u00f6tzlichen Gewitters Schutz unter der riesigen Krone \u2013 daher der Name. Heute sch\u00e4tzt man ihr Alter auf \u00fcber 2000, vielleicht sogar 3000 Jahre.<\/p>\n\n\n\n<p>Um ihren mehrteiligen Stamm zu gehen ist fast surreal \u2013 es f\u00fchlt sich eher an, als laufe man durch einen kleinen Wald statt um einen einzelnen Baum. Ein Muss f\u00fcr alle, die Naturpausen mit Vulkanlandschaften und mythischer Atmosph\u00e4re verbinden m\u00f6chten.<\/p>\n\n\n\n<h3 class=\"wp-block-heading\"><strong>Der monumentale Olivenbaum \u201eSa Reina\u201c (Sardinien)<\/strong><\/h3>\n\n\n\n<p>Im suggestiven Gebiet von Villamassargia, im S\u00fcdwesten Sardiniens, befindet sich einer der erstaunlichsten Orte Italiens: der Hain monumentaler Olivenb\u00e4ume von <a href=\"https:\/\/www.sardegnaturismo.it\/it\/esplora\/sortu-mannu\" target=\"_blank\" rel=\"noreferrer noopener\"><strong>S\u2019Ortu Mannu<\/strong><\/a> \u2013 ein Areal mit \u00fcber 700 jahrhunderte- und jahrtausendealten Olivenb\u00e4umen, die eine einmalige Landschaft bilden. Unter ihnen ist die ber\u00fchmteste \u201e<strong>Sa Reina<\/strong>\u201c, <em>die K\u00f6nigin<\/em>: ein monumentaler Olivenbaum mit majest\u00e4tischer Pr\u00e4senz, einer der \u00e4ltesten und gr\u00f6\u00dften des Mittelmeerraums.<\/p>\n\n\n\n<p>Ihr massiver Stamm \u2013 mit Adern, tiefen Falten und vom Wind geformten Hohlr\u00e4umen \u2013 erz\u00e4hlt \u00fcber 1000 Jahre Geschichte, vielleicht mehr. Die weit ausladende, lichtdurchflutete Krone spendet einen perfekten Schatten, in dem die Stille fast h\u00f6rbar wird \u2013 vermischt mit dem leichten Rascheln silbrig gl\u00e4nzender Bl\u00e4tter im Wind.<\/p>\n\n\n\n<p>S\u00fcditalien und die Inseln laden ein zur Langsamkeit, zur Entdeckung und zum Staunen \u2013 und diese monumentalen B\u00e4ume sind der authentischste Weg, dies zu erleben.<\/p>\n\n\n\n<h2 class=\"wp-block-heading\"><strong>Fazit<\/strong><\/h2>\n\n\n\n<p>Monumentale B\u00e4ume sind mehr als nur \u201eOrte zum Besichtigen\u201c. Sie sind stille Gef\u00e4hrten eurer Reisen mit Wohnmobil oder Caravan. Sie sind Wegweiser, die auf ihre Weise sprechen \u2013 und uns daran erinnern, wie wertvoll die Landschaften sind, die wir t\u00e4glich durchqueren.<\/p>\n\n\n\n<p>Langsam zu reisen, auf einem Agriturismo zu \u00fcbernachten, unbekanntere Regionen zu erkunden \u2013 all das hilft uns, den Wert unserer nat\u00fcrlichen Umgebung besser zu verstehen.<\/p>\n\n\n\n<p>Und jetzt die entscheidende Frage: <strong>Welche dieser Baumriesen m\u00f6chtet ihr als Erstes treffen?<\/strong><\/p>\n\n\n\n<p><a href=\"https:\/\/www.agricamper.com\/de\/faq\/wo-kann-man-die-agricamper-app-herunterladen-2\/\" title=\"\"><strong>Ladet jetzt unsere App herunter<\/strong><\/a> und probiert die <strong>kostenlose Demo-Version<\/strong> aus, um herauszufinden, welche Stopps sich in der N\u00e4he der B\u00e4ume befinden, die ihr besuchen m\u00f6chtet!<\/p>\n\n\n\n<p>Und wenn ihr das authentischste Italien erleben m\u00f6chtet, <strong><a href=\"https:\/\/www.agricamper.com\/de\/produkt\/agricamper-italia-stellplatzfuehrer-fuer-wohnmobile-in-italien\/\" title=\"\">kauft die Mitgliedschaft<\/a><\/strong>: Mit Agricamper k\u00f6nnt ihr 24 Stunden kostenlos bei Hunderten ausgew\u00e4hlter Bauernh\u00f6fe in ganz Italien \u00fcbernachten.<\/p>\n\n\n\n<p>Eure n\u00e4chste Reise im Wohnmobil wartet schon auf euch!<\/p>\n","protected":false},"excerpt":{"rendered":"<p>Am 21.\u202fNovember wurde der Welt\u2011Baumtag gefeiert \u2013 ein perfekter Moment, um uns daran zu erinnern, wie wichtig es ist, die Landschaft zu bewahren, die wir auf unseren Reisen mit dem Wohnmobil oder Campervan so lieben zu durchqueren. Gleichzeitig ist es ein idealer Anlass, eine neue Natur\u2011Pause einzuplanen \u2013 vielleicht direkt bei einem dieser au\u00dfergew\u00f6hnlichen pflanzlichen [&hellip;]<\/p>\n","protected":false},"author":1,"featured_media":4688,"comment_status":"closed","ping_status":"closed","sticky":false,"template":"","format":"standard","meta":{"_acf_changed":false,"_breakdance_hide_in_design_set":false,"_breakdance_tags":"","footnotes":""},"categories":[354],"tags":[410,537,411],"class_list":["post-4696","post","type-post","status-publish","format-standard","has-post-thumbnail","hentry","category-reisen-mit-wohnmobil-und-wohnwagen-in-italien","tag-aktivitaten-in-der-natur","tag-reisen-mit-dem-wohnmobil-und-wohnwagen","tag-reisen-mit-der-familie"],"acf":[],"_links":{"self":[{"href":"https:\/\/www.agricamper.com\/de\/wp-json\/wp\/v2\/posts\/4696","targetHints":{"allow":["GET"]}}],"collection":[{"href":"https:\/\/www.agricamper.com\/de\/wp-json\/wp\/v2\/posts"}],"about":[{"href":"https:\/\/www.agricamper.com\/de\/wp-json\/wp\/v2\/types\/post"}],"author":[{"embeddable":true,"href":"https:\/\/www.agricamper.com\/de\/wp-json\/wp\/v2\/users\/1"}],"replies":[{"embeddable":true,"href":"https:\/\/www.agricamper.com\/de\/wp-json\/wp\/v2\/comments?post=4696"}],"version-history":[{"count":1,"href":"https:\/\/www.agricamper.com\/de\/wp-json\/wp\/v2\/posts\/4696\/revisions"}],"predecessor-version":[{"id":4697,"href":"https:\/\/www.agricamper.com\/de\/wp-json\/wp\/v2\/posts\/4696\/revisions\/4697"}],"wp:featuredmedia":[{"embeddable":true,"href":"https:\/\/www.agricamper.com\/de\/wp-json\/wp\/v2\/media\/4688"}],"wp:attachment":[{"href":"https:\/\/www.agricamper.com\/de\/wp-json\/wp\/v2\/media?parent=4696"}],"wp:term":[{"taxonomy":"category","embeddable":true,"href":"https:\/\/www.agricamper.com\/de\/wp-json\/wp\/v2\/categories?post=4696"},{"taxonomy":"post_tag","embeddable":true,"href":"https:\/\/www.agricamper.com\/de\/wp-json\/wp\/v2\/tags?post=4696"}],"curies":[{"name":"wp","href":"https:\/\/api.w.org\/{rel}","templated":true}]}}